{"id":111,"date":"2016-12-18T18:32:58","date_gmt":"2016-12-18T17:32:58","guid":{"rendered":"http:\/\/as-surques-escoeuilles.fr\/?p=111"},"modified":"2016-12-18T18:32:58","modified_gmt":"2016-12-18T17:32:58","slug":"seniors-a-une-premiere-pour-un-cadeau","status":"publish","type":"post","link":"https:\/\/as-surques-escoeuilles.fr\/index.php\/2016\/12\/18\/seniors-a-une-premiere-pour-un-cadeau\/","title":{"rendered":"S\u00e9niors A : une premi\u00e8re pour un cadeau !"},"content":{"rendered":"<p>Pour cl\u00f4turer cette premi\u00e8re partie de championnat, l&rsquo;\u00e9quipe fanion re\u00e7oit Polincove pour un duel de mal class\u00e9s et remporte une premi\u00e8re victoire m\u00e9rit\u00e9e dans ce championnat (3-1).<\/p>\n<p>Au milieu d&rsquo;un brouillard dense, d&rsquo;un froid hivernal et d&rsquo;une nuit d\u00e9j\u00e0 tomb\u00e9e, l&rsquo;arbitre siffle la fin d&rsquo;un match dans lequel\u00a0 l&rsquo;ASSE a montr\u00e9 beaucoup de caract\u00e8re. Car \u00e0 l&rsquo;issue de la premi\u00e8re mi-temps, et m\u00eame si elle n&rsquo;a d\u00e9m\u00e9rit\u00e9 en rien, l&rsquo;\u00e9quipe des Orange est men\u00e9e 1-0. A 10 minutes de la pause, l&rsquo;arbitre sanctionne en effet s\u00e9v\u00e8rement les locaux par un penalty, que Quentin effleure mais ne parvient \u00e0 d\u00e9tourner. Pire encore, Thibault est oblig\u00e9 de laisser ses partenaires pour rejoindre les urgences. A l&rsquo;image de la premi\u00e8re partie de saison loin d&rsquo;\u00eatre catastrophique mais toujours avec l&rsquo;impression de vent contraire, l&rsquo;ASSE boucle une premi\u00e8re p\u00e9riode frustrante.<\/p>\n<p>N\u00e9anmoins, les joueurs restent impliqu\u00e9s et solidaires. Et juste apr\u00e8s la pause, Polincove voit les vagues Orange s&rsquo;abattre sur sa cage. Tous les joueurs fournissent un ultime effort pour \u00e0 tour de r\u00f4le apporter le danger. A 20 minutes du terme, p&rsquo;tit Benj est d\u00e9s\u00e9quilibr\u00e9 dans la surface, et Fabrice prend ses responsabilit\u00e9s pour \u00e9galiser (1-1). Les joueurs restent haut, r\u00e9cup\u00e9rent nombre de ballons, et J\u00e9r\u00f4me r\u00e9cup\u00e8re un ballon dans l&rsquo;angle de la surface et envoie un missile dans la lucarne adverse (2-1). Et l\u00e0 o\u00f9 l&rsquo;on s&rsquo;attend \u00e0 voir l&rsquo;\u00e9quipe locale s&rsquo;arcbouter en d\u00e9fense, c&rsquo;est tout le contraire qui se passe avec une d\u00e9ferlante d&rsquo;occasions. Et sur l&rsquo;une d&rsquo;elles, J\u00e9r\u00f4me inscrit un doubl\u00e9 sur une papinade d&rsquo;exception (3-1). Ptit Seb n&rsquo;est non plus pas loin d&rsquo;\u00eatre r\u00e9compens\u00e9, mais son but est refus\u00e9 pour hors-jeu. Qu&rsquo;\u00e0 cela ne tienne, les Orange l&rsquo;ont fait !<\/p>\n<p>Fin de premi\u00e8re partie de saison o\u00f9 l&rsquo;objectif est atteint : l&rsquo;ASSE se replace 8\u00e8me et pourra entamer avec confiance et d\u00e9termination sa deuxi\u00e8me moiti\u00e9 de saison. Avec l&rsquo;envie de ce groupe dont le niveau est seulement d\u00e9pass\u00e9 par sa bonne humeur et sa joie d&rsquo;enfin se retrouver, les ambitions pourront \u00eatre assum\u00e9es d\u00e8s le mois de janvier.<\/p>\n<p>Merci \u00e0 Daniel et Arnaud pour l&rsquo;arbitrage, ainsi qu&rsquo;aux b\u00e9n\u00e9voles depuis le d\u00e9but de saison (Pascal et Francis \u00e0 la buvette, C\u00e9dric et Dany \u00e0 la touche). Merci \u00e0 Maxime d&rsquo;\u00eatre venu aujourd&rsquo;hui sans entrer dans ce froid de canard.<\/p>\n<p>Derniers mots pour mes petits joueurs : bravo \u00e0 vous tous, absents y compris,\u00a0 vous la m\u00e9ritez cette premi\u00e8re victoire ! Reposez-vous tous, et retournons ensemble au combat !!<\/p>\n","protected":false},"excerpt":{"rendered":"<p>Pour cl\u00f4turer cette premi\u00e8re partie de championnat, l&rsquo;\u00e9quipe fanion re\u00e7oit Polincove pour un duel de mal class\u00e9s et remporte une<\/p>\n","protected":false},"author":1,"featured_media":112,"comment_status":"open","ping_status":"open","sticky":false,"template":"","format":"standard","meta":{"ngg_post_thumbnail":0,"jetpack_post_was_ever_published":false,"jetpack_publicize_message":"","jetpack_is_tweetstorm":false,"jetpack_publicize_feature_enabled":true,"jetpack_social_post_already_shared":false,"jetpack_social_options":{"image_generator_settings":{"template":"highway","enabled":false}}},"categories":[10],"tags":[12,13,11],"jetpack_publicize_connections":[],"jetpack_featured_media_url":"https:\/\/i0.wp.com\/as-surques-escoeuilles.fr\/wp-content\/uploads\/2016\/12\/EDC-Victoire-EnR.jpg?fit=680%2C340&ssl=1","jetpack_sharing_enabled":true,"jetpack_shortlink":"https:\/\/wp.me\/p8dhOI-1N","jetpack-related-posts":[{"id":4830,"url":"https:\/\/as-surques-escoeuilles.fr\/index.php\/2020\/11\/18\/arbitrage-quizz-en-ligne\/","url_meta":{"origin":111,"position":0},"title":"Arbitrage : quizz en ligne","date":"18 novembre 2020","format":false,"excerpt":"Dans le cadre de son dipl\u00f4me, Beno\u00eet souhaite mettre en place autour de la connaissance des r\u00e8gles et de l'arbitrage. Deux cat\u00e9gories sont pour le moment cibl\u00e9es (U13-U14F et S\u00e9niors F\u00e9minines). La premi\u00e8re partie consiste en un \u00e9tat des lieux individuel, r\u00e9alis\u00e9 par un petit jeu en ligne. Apr\u00e8s analyse\u2026","rel":"","context":"Dans &quot;Non class\u00e9&quot;","img":{"alt_text":"","src":"https:\/\/i0.wp.com\/as-surques-escoeuilles.fr\/wp-content\/uploads\/2019\/12\/pef-1__o51o9z7720021839539359248.jpg?fit=958%2C520&ssl=1&resize=350%2C200","width":350,"height":200},"classes":[]},{"id":4320,"url":"https:\/\/as-surques-escoeuilles.fr\/index.php\/2020\/05\/17\/communique-2020-2021-3-montees-historiques-et-un-staff-seniors-ajuste\/","url_meta":{"origin":111,"position":1},"title":"Communiqu\u00e9 2020-2021 : 3 mont\u00e9es historiques et un staff s\u00e9niors ajust\u00e9","date":"17 mai 2020","format":false,"excerpt":"C'est officiel depuis cette semaine : le groupe s\u00e9niors r\u00e9alise un tripl\u00e9 historique avec trois mont\u00e9es ! Les deux premi\u00e8res \u00e9quipes venaient juste d'acc\u00e9der \u00e0 la D3 et D5, avec un objectif maintien pr\u00e9sent\u00e9 aux joueurs l'\u00e9t\u00e9 dernier. Ils ont fait bien mieux que \u00e7a en d\u00e9marrant leur championnat tambour\u2026","rel":"","context":"Dans &quot;Communication club&quot;","img":{"alt_text":"","src":"https:\/\/i0.wp.com\/as-surques-escoeuilles.fr\/wp-content\/uploads\/2020\/05\/20200517_185028-1-scaled.jpg?fit=1200%2C553&ssl=1&resize=350%2C200","width":350,"height":200},"classes":[]},{"id":4263,"url":"https:\/\/as-surques-escoeuilles.fr\/index.php\/2020\/05\/04\/fin-de-saison\/","url_meta":{"origin":111,"position":2},"title":"Fin de saison","date":"4 mai 2020","format":false,"excerpt":"La FFF a d\u00e9cid\u00e9 d'arr\u00eater les championnats \u00e0 la date du 13 mars 2020.Notre club ne pourra donc plus accueillir d'activit\u00e9s d'ici la fin de saison. Le conseil d'administration se r\u00e9unira d\u00e8s que possible pour vous communiquer les modalit\u00e9s de reprise pour la saison 2020-2021. Les classements s\u00e9niors sont recalcul\u00e9s\u2026","rel":"","context":"Dans &quot;Communication club&quot;","img":{"alt_text":"","src":"https:\/\/i0.wp.com\/as-surques-escoeuilles.fr\/wp-content\/uploads\/2020\/05\/edgar-chaparro-cpoXIs2wygk-unsplash-3.jpg?fit=1200%2C622&ssl=1&resize=350%2C200","width":350,"height":200},"classes":[]},{"id":4603,"url":"https:\/\/as-surques-escoeuilles.fr\/index.php\/2020\/08\/16\/bilan-du-week-end-4\/","url_meta":{"origin":111,"position":3},"title":"Bilan du week-end","date":"16 ao\u00fbt 2020","format":false,"excerpt":"Beaucoup de matches ont eu lieu en cette fin de semaine : - les seniors B avec un groupe restreint et de nombreux bless\u00e9s, n'ont rien pu faire face \u00e0 la Capelle jeudi soir (D3). R\u00e9sultat sans appel 0-9 mais le groupe travaille. - les seniors A ont re\u00e7u Bourthes\u2026","rel":"","context":"Dans &quot;Projet Sportif&quot;","img":{"alt_text":"","src":"https:\/\/i0.wp.com\/as-surques-escoeuilles.fr\/wp-content\/uploads\/2020\/08\/received_11548147415858262456341275466949151-scaled.jpeg?resize=350%2C200&ssl=1","width":350,"height":200},"classes":[]},{"id":3062,"url":"https:\/\/as-surques-escoeuilles.fr\/index.php\/2019\/10\/07\/resume-du-week-end-les-seniors-a-en-tete\/","url_meta":{"origin":111,"position":4},"title":"R\u00e9sum\u00e9 du week-end : les s\u00e9niors A en t\u00eate !","date":"7 octobre 2019","format":false,"excerpt":"Un week-end en demi-teinte : aucune victoire sur les matches du samedi, et un sans faute sur les matches s\u00e9niors du dimanche : Coyecques - U11 : 4-2Longuennesse - U15 : 8-1. But : RistoriLonguennesse - U17 : 4-2. Buts : Fontaine *2Ardres - S\u00e9niors F : 6-1. But :\u2026","rel":"","context":"Dans &quot;Non class\u00e9&quot;","img":{"alt_text":"","src":"https:\/\/i0.wp.com\/as-surques-escoeuilles.fr\/wp-content\/uploads\/2019\/10\/IMG_20191006_174832.jpg?fit=800%2C600&ssl=1&resize=350%2C200","width":350,"height":200},"classes":[]},{"id":2896,"url":"https:\/\/as-surques-escoeuilles.fr\/index.php\/2019\/09\/16\/coupes-deux-qualifications\/","url_meta":{"origin":111,"position":5},"title":"Coupes : deux qualifications","date":"16 septembre 2019","format":false,"excerpt":"Ce week-end avaient lieu trois rencontres de coupes de district pour les s\u00e9niors : Osthrovhe - S\u00e9niors A : 1-1,3-5 TAB. Petitpont. Coupe FERMETURE FLOURET. Arbitre : VigneronEntame de match id\u00e9ale : 1minute 30 de jeu et Leroy lance Petitpont dans la profondeur : dual gagnant pour l'attaquant. Premier quart\u2026","rel":"","context":"Dans &quot;Non class\u00e9&quot;","img":{"alt_text":"","src":"https:\/\/i0.wp.com\/as-surques-escoeuilles.fr\/wp-content\/uploads\/2019\/09\/70468488_1414128358737245_5182015915369168896_n.jpg?fit=960%2C720&ssl=1&resize=350%2C200","width":350,"height":200},"classes":[]}],"_links":{"self":[{"href":"https:\/\/as-surques-escoeuilles.fr\/index.php\/wp-json\/wp\/v2\/posts\/111"}],"collection":[{"href":"https:\/\/as-surques-escoeuilles.fr\/index.php\/wp-json\/wp\/v2\/posts"}],"about":[{"href":"https:\/\/as-surques-escoeuilles.fr\/index.php\/wp-json\/wp\/v2\/types\/post"}],"author":[{"embeddable":true,"href":"https:\/\/as-surques-escoeuilles.fr\/index.php\/wp-json\/wp\/v2\/users\/1"}],"replies":[{"embeddable":true,"href":"https:\/\/as-surques-escoeuilles.fr\/index.php\/wp-json\/wp\/v2\/comments?post=111"}],"version-history":[{"count":0,"href":"https:\/\/as-surques-escoeuilles.fr\/index.php\/wp-json\/wp\/v2\/posts\/111\/revisions"}],"wp:featuredmedia":[{"embeddable":true,"href":"https:\/\/as-surques-escoeuilles.fr\/index.php\/wp-json\/wp\/v2\/media\/112"}],"wp:attachment":[{"href":"https:\/\/as-surques-escoeuilles.fr\/index.php\/wp-json\/wp\/v2\/media?parent=111"}],"wp:term":[{"taxonomy":"category","embeddable":true,"href":"https:\/\/as-surques-escoeuilles.fr\/index.php\/wp-json\/wp\/v2\/categories?post=111"},{"taxonomy":"post_tag","embeddable":true,"href":"https:\/\/as-surques-escoeuilles.fr\/index.php\/wp-json\/wp\/v2\/tags?post=111"}],"curies":[{"name":"wp","href":"https:\/\/api.w.org\/{rel}","templated":true}]}}