{"id":1197,"date":"2018-04-24T16:51:42","date_gmt":"2018-04-24T14:51:42","guid":{"rendered":"http:\/\/as-surques-escoeuilles.fr\/?p=1197"},"modified":"2018-04-24T16:52:14","modified_gmt":"2018-04-24T14:52:14","slug":"seniors-coupe-cote-dopale","status":"publish","type":"post","link":"https:\/\/as-surques-escoeuilles.fr\/index.php\/2018\/04\/24\/seniors-coupe-cote-dopale\/","title":{"rendered":"S\u00e9niors : coupe C\u00f4te d&rsquo;Opale"},"content":{"rendered":"<p>Le tirage n&rsquo;a pas \u00e9pargn\u00e9 le groupe fanion de l&rsquo;ASSE qui se d\u00e9placera sur la pelouse de la r\u00e9serve d&rsquo;Equihen.<\/p>\n<p>Le match aura lieu le mardi 8 mai \u00e0 15h00, ce qui repr\u00e9sentera un 4\u00e8me match sur une p\u00e9riode de 9 jours !<\/p>\n","protected":false},"excerpt":{"rendered":"<p>Le tirage n&rsquo;a pas \u00e9pargn\u00e9 le groupe fanion de l&rsquo;ASSE qui se d\u00e9placera sur la pelouse de la r\u00e9serve d&rsquo;Equihen.<\/p>\n","protected":false},"author":1,"featured_media":1198,"comment_status":"open","ping_status":"open","sticky":false,"template":"","format":"standard","meta":{"ngg_post_thumbnail":0,"jetpack_post_was_ever_published":false,"jetpack_publicize_message":"","jetpack_is_tweetstorm":false,"jetpack_publicize_feature_enabled":true,"jetpack_social_post_already_shared":true,"jetpack_social_options":{"image_generator_settings":{"template":"highway","enabled":false}}},"categories":[14,10],"tags":[],"jetpack_publicize_connections":[],"jetpack_featured_media_url":"https:\/\/i0.wp.com\/as-surques-escoeuilles.fr\/wp-content\/uploads\/2018\/04\/actu_435.jpg?fit=428%2C322&ssl=1","jetpack_sharing_enabled":true,"jetpack_shortlink":"https:\/\/wp.me\/p8dhOI-jj","jetpack-related-posts":[{"id":4724,"url":"https:\/\/as-surques-escoeuilles.fr\/index.php\/2020\/09\/21\/seniors-resultats-du-week-end\/","url_meta":{"origin":1197,"position":0},"title":"Seniors : r\u00e9sultats du week-end","date":"21 septembre 2020","format":false,"excerpt":"- les seniors f\u00e9minines s'inclinent 5-0 en amical \u00e0 Vieil \u00c9glise samedi soir - les seniors C valident un bon d\u00e9but de saison en allant chercher un match nul \u00e0 Hucqueliers 1-1. Gillet est le buteur du match apr\u00e8s avoir suivi une frappe de Wilbal - les seniors B ont\u2026","rel":"","context":"Dans &quot;Non class\u00e9&quot;","img":{"alt_text":"","src":"https:\/\/i0.wp.com\/as-surques-escoeuilles.fr\/wp-content\/uploads\/2020\/09\/received_8692056436138382854904673706649126-1-scaled.jpeg?fit=1200%2C900&ssl=1&resize=350%2C200","width":350,"height":200},"classes":[]},{"id":3062,"url":"https:\/\/as-surques-escoeuilles.fr\/index.php\/2019\/10\/07\/resume-du-week-end-les-seniors-a-en-tete\/","url_meta":{"origin":1197,"position":1},"title":"R\u00e9sum\u00e9 du week-end : les s\u00e9niors A en t\u00eate !","date":"7 octobre 2019","format":false,"excerpt":"Un week-end en demi-teinte : aucune victoire sur les matches du samedi, et un sans faute sur les matches s\u00e9niors du dimanche : Coyecques - U11 : 4-2Longuennesse - U15 : 8-1. But : RistoriLonguennesse - U17 : 4-2. Buts : Fontaine *2Ardres - S\u00e9niors F : 6-1. But :\u2026","rel":"","context":"Dans &quot;Non class\u00e9&quot;","img":{"alt_text":"","src":"https:\/\/i0.wp.com\/as-surques-escoeuilles.fr\/wp-content\/uploads\/2019\/10\/IMG_20191006_174832.jpg?fit=800%2C600&ssl=1&resize=350%2C200","width":350,"height":200},"classes":[]},{"id":2896,"url":"https:\/\/as-surques-escoeuilles.fr\/index.php\/2019\/09\/16\/coupes-deux-qualifications\/","url_meta":{"origin":1197,"position":2},"title":"Coupes : deux qualifications","date":"16 septembre 2019","format":false,"excerpt":"Ce week-end avaient lieu trois rencontres de coupes de district pour les s\u00e9niors : Osthrovhe - S\u00e9niors A : 1-1,3-5 TAB. Petitpont. Coupe FERMETURE FLOURET. Arbitre : VigneronEntame de match id\u00e9ale : 1minute 30 de jeu et Leroy lance Petitpont dans la profondeur : dual gagnant pour l'attaquant. Premier quart\u2026","rel":"","context":"Dans &quot;Non class\u00e9&quot;","img":{"alt_text":"","src":"https:\/\/i0.wp.com\/as-surques-escoeuilles.fr\/wp-content\/uploads\/2019\/09\/70468488_1414128358737245_5182015915369168896_n.jpg?fit=960%2C720&ssl=1&resize=350%2C200","width":350,"height":200},"classes":[]},{"id":2417,"url":"https:\/\/as-surques-escoeuilles.fr\/index.php\/2019\/02\/25\/premier-match-des-seniors-feminines\/","url_meta":{"origin":1197,"position":3},"title":"Premier match des S\u00e9niors F\u00e9minines","date":"25 f\u00e9vrier 2019","format":false,"excerpt":"Ce samedi soir, les S\u00e9niors F\u00e9minines effectuaient leur premier match amical sur la pelouse de Bonningues les Ardres.Devant un public venu en nombre et impatient de d\u00e9couvrir cette nouvelle cat\u00e9gorie, les Orange ont brillamment mis en place le travail effectu\u00e9 \u00e0 l'entra\u00eenement sous la direction de Marie-Laure en l'emportant 2-0.\u2026","rel":"","context":"Dans &quot;F\u00e9minines&quot;","img":{"alt_text":"","src":"https:\/\/i0.wp.com\/as-surques-escoeuilles.fr\/wp-content\/uploads\/2019\/02\/52657064_2022000601170879_5310436317987864576_o.jpg?fit=1024%2C768&ssl=1&resize=350%2C200","width":350,"height":200},"classes":[]},{"id":5706,"url":"https:\/\/as-surques-escoeuilles.fr\/index.php\/2022\/05\/26\/seniors-feminines-fin-de-parcours-en-quart\/","url_meta":{"origin":1197,"position":4},"title":"Seniors f\u00e9minines : fin de parcours en quart","date":"26 mai 2022","format":false,"excerpt":"Ce jeudi 26 mai , nos S\u00e9niors f\u00e9minines se sont inclin\u00e9es 1 0 sur un penalty face \u00e0 Recques sur Hem. A l'issue d'un match abouti les Orange n'ont pas d\u00e9m\u00e9rit\u00e9 dans ce quart de finale du challenge \u00e0 8.","rel":"","context":"Dans &quot;Non class\u00e9&quot;","img":{"alt_text":"","src":"https:\/\/i0.wp.com\/as-surques-escoeuilles.fr\/wp-content\/uploads\/2022\/05\/received_318237003790205.jpeg?fit=1200%2C900&ssl=1&resize=350%2C200","width":350,"height":200},"classes":[]},{"id":2394,"url":"https:\/\/as-surques-escoeuilles.fr\/index.php\/2019\/02\/19\/premiere-sortie-pour-les-seniors-feminines\/","url_meta":{"origin":1197,"position":5},"title":"Premiere sortie pour les s\u00e9niors f\u00e9minines","date":"19 f\u00e9vrier 2019","format":false,"excerpt":"Vous l'attendiez toutes et tous : la premi\u00e8re sortie en match des s\u00e9niors f\u00e9minines aura lieu ce samedi 23 f\u00e9vrier \u00e0 18h00 sur la pelouse de Bonningue-les-Ardres. Venez nombreux encourager notre nouvelle \u00e9quipe !","rel":"","context":"Dans &quot;Communication club&quot;","img":{"alt_text":"","src":"https:\/\/i0.wp.com\/as-surques-escoeuilles.fr\/wp-content\/uploads\/2019\/02\/affiche_feminin_1.png?fit=780%2C786&ssl=1&resize=350%2C200","width":350,"height":200},"classes":[]}],"_links":{"self":[{"href":"https:\/\/as-surques-escoeuilles.fr\/index.php\/wp-json\/wp\/v2\/posts\/1197"}],"collection":[{"href":"https:\/\/as-surques-escoeuilles.fr\/index.php\/wp-json\/wp\/v2\/posts"}],"about":[{"href":"https:\/\/as-surques-escoeuilles.fr\/index.php\/wp-json\/wp\/v2\/types\/post"}],"author":[{"embeddable":true,"href":"https:\/\/as-surques-escoeuilles.fr\/index.php\/wp-json\/wp\/v2\/users\/1"}],"replies":[{"embeddable":true,"href":"https:\/\/as-surques-escoeuilles.fr\/index.php\/wp-json\/wp\/v2\/comments?post=1197"}],"version-history":[{"count":0,"href":"https:\/\/as-surques-escoeuilles.fr\/index.php\/wp-json\/wp\/v2\/posts\/1197\/revisions"}],"wp:featuredmedia":[{"embeddable":true,"href":"https:\/\/as-surques-escoeuilles.fr\/index.php\/wp-json\/wp\/v2\/media\/1198"}],"wp:attachment":[{"href":"https:\/\/as-surques-escoeuilles.fr\/index.php\/wp-json\/wp\/v2\/media?parent=1197"}],"wp:term":[{"taxonomy":"category","embeddable":true,"href":"https:\/\/as-surques-escoeuilles.fr\/index.php\/wp-json\/wp\/v2\/categories?post=1197"},{"taxonomy":"post_tag","embeddable":true,"href":"https:\/\/as-surques-escoeuilles.fr\/index.php\/wp-json\/wp\/v2\/tags?post=1197"}],"curies":[{"name":"wp","href":"https:\/\/api.w.org\/{rel}","templated":true}]}}