{"id":1303,"date":"2018-05-08T11:26:27","date_gmt":"2018-05-08T09:26:27","guid":{"rendered":"http:\/\/as-surques-escoeuilles.fr\/?p=1303"},"modified":"2018-05-08T11:54:52","modified_gmt":"2018-05-08T09:54:52","slug":"journee-nationale-u6-u7","status":"publish","type":"post","link":"https:\/\/as-surques-escoeuilles.fr\/index.php\/2018\/05\/08\/journee-nationale-u6-u7\/","title":{"rendered":"Journ\u00e9e nationale U6\/U7"},"content":{"rendered":"<p>Le jeudi 10 mai, les U6\/U7 encadr\u00e9s par Charlotte, Pauline, Steeve et Beno\u00eet participeront \u00e0 la journ\u00e9e nationale U6 \/ U7 \u00e0 Arques. <!--more-->210 \u00e9quipes se retrouveront \u00e0 l&rsquo;occasion de ce jour f\u00e9ri\u00e9.<\/p>\n<p>Six matches attendent les petits Orange et Noir et de nombreuses animations sont pr\u00e9vues. D\u00e9part du stade \u00e0 8h40 ou rendez-vous devant le terrain de l&rsquo;ES ARQUES \u00e0 9h30 (ATTENTION : ne pas entrer sur le site, attendre les \u00e9ducateurs).<\/p>\n<a href=\"https:\/\/as-surques-escoeuilles.fr\/wp-content\/uploads\/2018\/04\/plan_general.pdf\" class=\"pdfemb-viewer\" style=\"\" data-width=\"max\" data-height=\"max\"  data-toolbar=\"bottom\" data-toolbar-fixed=\"off\">plan_general<br\/><\/a>\n<a href=\"https:\/\/as-surques-escoeuilles.fr\/wp-content\/uploads\/2018\/04\/plan_acces.pdf\" class=\"pdfemb-viewer\" style=\"\" data-width=\"max\" data-height=\"max\"  data-toolbar=\"bottom\" data-toolbar-fixed=\"off\">plan_acces<br\/><\/a>\n<a href=\"https:\/\/as-surques-escoeuilles.fr\/wp-content\/uploads\/2018\/04\/plan_terrain.pdf\" class=\"pdfemb-viewer\" style=\"\" data-width=\"max\" data-height=\"max\"  data-toolbar=\"bottom\" data-toolbar-fixed=\"off\">plan_terrain<br\/><\/a>\n<a href=\"https:\/\/as-surques-escoeuilles.fr\/wp-content\/uploads\/2018\/04\/terrain_matin_vrai.pdf\" class=\"pdfemb-viewer\" style=\"\" data-width=\"max\" data-height=\"max\"  data-toolbar=\"bottom\" data-toolbar-fixed=\"off\">terrain_matin_vrai<br\/><\/a>\n<a href=\"https:\/\/as-surques-escoeuilles.fr\/wp-content\/uploads\/2018\/04\/terrain_matin.pdf\" class=\"pdfemb-viewer\" style=\"\" data-width=\"max\" data-height=\"max\"  data-toolbar=\"bottom\" data-toolbar-fixed=\"off\">terrain_matin<br\/><\/a>\n<p>&nbsp;<\/p>\n","protected":false},"excerpt":{"rendered":"<p>Le jeudi 10 mai, les U6\/U7 encadr\u00e9s par Charlotte, Pauline, Steeve et Beno\u00eet participeront \u00e0 la journ\u00e9e nationale U6 \/<\/p>\n","protected":false},"author":1,"featured_media":1304,"comment_status":"open","ping_status":"open","sticky":false,"template":"","format":"standard","meta":{"ngg_post_thumbnail":0,"jetpack_post_was_ever_published":false,"jetpack_publicize_message":"","jetpack_is_tweetstorm":false,"jetpack_publicize_feature_enabled":true,"jetpack_social_post_already_shared":true,"jetpack_social_options":{"image_generator_settings":{"template":"highway","enabled":false}}},"categories":[20],"tags":[],"jetpack_publicize_connections":[],"jetpack_featured_media_url":"https:\/\/i0.wp.com\/as-surques-escoeuilles.fr\/wp-content\/uploads\/2018\/04\/Affiche-U7-U9-web-generale.jpg?fit=611%2C378&ssl=1","jetpack_sharing_enabled":true,"jetpack_shortlink":"https:\/\/wp.me\/p8dhOI-l1","jetpack-related-posts":[{"id":2643,"url":"https:\/\/as-surques-escoeuilles.fr\/index.php\/2019\/05\/30\/u7-journee-nationale-des-debutants-a-neufchatel\/","url_meta":{"origin":1303,"position":0},"title":"U7 : journ\u00e9e nationale des d\u00e9butants \u00e0 Neufch\u00e2tel","date":"30 mai 2019","format":false,"excerpt":"Nos U6\/U7 ont particip\u00e9 \u00e0 la journ\u00e9e nationale des d\u00e9butants U7 organis\u00e9e \u00e0 Neufch\u00e2tel , encadr\u00e9s par Charlotte, Beno\u00eet et Steeve. Au programme 16 matches pour les Orange et Noir qui ont pu affronter des adversaires diff\u00e9rents des plateaux habituels, face parfois \u00e0 de v\u00e9ritables rouleaux compresseurs face auxquels nos\u2026","rel":"","context":"Dans &quot;U7&quot;","img":{"alt_text":"","src":"https:\/\/i0.wp.com\/as-surques-escoeuilles.fr\/wp-content\/uploads\/2019\/05\/IMG_20190530_161023.jpg?fit=1024%2C768&ssl=1&resize=350%2C200","width":350,"height":200},"classes":[]},{"id":2628,"url":"https:\/\/as-surques-escoeuilles.fr\/index.php\/2019\/05\/28\/journee-nationale-u7\/","url_meta":{"origin":1303,"position":1},"title":"Journ\u00e9e Nationale U7","date":"28 mai 2019","format":false,"excerpt":"Les U6\/U7 participeront \u00e0 la traditionnelle journ\u00e9e nationale de fin de saison r\u00e9serv\u00e9e \u00e0 cette cat\u00e9gorie de l'\u00e9cole de foot, accompagn\u00e9s de Beno\u00eet, Steeve et Charlotte. Rendez-vous au stade \u00e0 8h40 ou 9h30 \u00e0 Neufchatel pour les enfants suivants : Adam Agez Janelle BrunetTom DewasmesLiam FortinEnzo LaurentVictor LoiseauTom LucasAdrien MerlandQuentin\u2026","rel":"","context":"Dans &quot;Communication club&quot;","img":{"alt_text":"","src":"https:\/\/i0.wp.com\/as-surques-escoeuilles.fr\/wp-content\/uploads\/2019\/05\/Accueil-U7-537x332.jpg?fit=537%2C332&ssl=1&resize=350%2C200","width":350,"height":200},"classes":[]},{"id":2532,"url":"https:\/\/as-surques-escoeuilles.fr\/index.php\/2019\/04\/23\/plateau-u6-u7\/","url_meta":{"origin":1303,"position":2},"title":"Plateau U6\/U7","date":"23 avril 2019","format":false,"excerpt":"Ce mercredi 24 avril, les U6\/U7 seront en plateau \u00e0 Colembert. Rendez-vous au stade \u00e0 14h20 pour les enfants ou 14h40 directement sur place.Beno\u00eet, Charlotte et Steeve.","rel":"","context":"Dans &quot;U7&quot;","img":{"alt_text":"","src":"https:\/\/i0.wp.com\/as-surques-escoeuilles.fr\/wp-content\/uploads\/2018\/04\/info_U7.png?fit=786%2C327&ssl=1&resize=350%2C200","width":350,"height":200},"classes":[]},{"id":4585,"url":"https:\/\/as-surques-escoeuilles.fr\/index.php\/2020\/08\/08\/retour-des-babies-et-u6-u7\/","url_meta":{"origin":1303,"position":3},"title":"Retour des babies et U6\/U7","date":"8 ao\u00fbt 2020","format":false,"excerpt":"Nos minions et u6\/u7 ont retrouv\u00e9 les terrains ce matin lors d'une s\u00e9ance \u00e9videmment adapt\u00e9e et concoct\u00e9e par les \u00e9ducateurs Lena, Loreen, Hugo et Beno\u00eet F. N\u00e9(e)s entre d\u00e9but 2017 et 2014, vos enfants peuvent \u00e9videmment venir essayer. Prochaine s\u00e9ance mercredi \u00e0 14h00.","rel":"","context":"Dans &quot;Projet Educatif&quot;","img":{"alt_text":"","src":"https:\/\/i0.wp.com\/as-surques-escoeuilles.fr\/wp-content\/uploads\/2020\/08\/IMG_20200808_105446-scaled.jpg?fit=1200%2C594&ssl=1&resize=350%2C200","width":350,"height":200},"classes":[]},{"id":2032,"url":"https:\/\/as-surques-escoeuilles.fr\/index.php\/2018\/11\/23\/entrainement-u5-u6-u7\/","url_meta":{"origin":1303,"position":4},"title":"Entra\u00eenement U5\/U6\/U7","date":"23 novembre 2018","format":false,"excerpt":"Les entra\u00eenements U5\/U6\/U7 auront dor\u00e9navant lieu \u00e0 la salle de sports de Licques de 13h00 \u00e0 13h55 pr\u00e9cises. Merci d'amener vos enfants 5 \u00e0 10 minutes avant afin de commencer \u00e0 l'heure et de finir \u00e0 l'heure pour le bon d\u00e9roulement des s\u00e9ances des autres cat\u00e9gories","rel":"","context":"Dans &quot;Non class\u00e9&quot;","img":{"alt_text":"","src":"https:\/\/i0.wp.com\/as-surques-escoeuilles.fr\/wp-content\/uploads\/2018\/04\/info_U7-1.png?fit=786%2C327&ssl=1&resize=350%2C200","width":350,"height":200},"classes":[]},{"id":4996,"url":"https:\/\/as-surques-escoeuilles.fr\/index.php\/2021\/02\/19\/pef-cassenaval-pour-nos-mini-foot-et-u6-u7\/","url_meta":{"origin":1303,"position":5},"title":"PEF : cASSEnaval pour nos mini-foot et U6-U7","date":"19 f\u00e9vrier 2021","format":false,"excerpt":"Retrouvez l'ensemble de nos contenus PEF sur la page Programme Educatif F\u00e9d\u00e9ral","rel":"","context":"Dans &quot;Communication club&quot;","img":{"alt_text":"","src":"https:\/\/i0.wp.com\/as-surques-escoeuilles.fr\/wp-content\/uploads\/2021\/02\/U6U7_cASSEnaval.png?fit=1200%2C848&ssl=1&resize=350%2C200","width":350,"height":200},"classes":[]}],"_links":{"self":[{"href":"https:\/\/as-surques-escoeuilles.fr\/index.php\/wp-json\/wp\/v2\/posts\/1303"}],"collection":[{"href":"https:\/\/as-surques-escoeuilles.fr\/index.php\/wp-json\/wp\/v2\/posts"}],"about":[{"href":"https:\/\/as-surques-escoeuilles.fr\/index.php\/wp-json\/wp\/v2\/types\/post"}],"author":[{"embeddable":true,"href":"https:\/\/as-surques-escoeuilles.fr\/index.php\/wp-json\/wp\/v2\/users\/1"}],"replies":[{"embeddable":true,"href":"https:\/\/as-surques-escoeuilles.fr\/index.php\/wp-json\/wp\/v2\/comments?post=1303"}],"version-history":[{"count":0,"href":"https:\/\/as-surques-escoeuilles.fr\/index.php\/wp-json\/wp\/v2\/posts\/1303\/revisions"}],"wp:featuredmedia":[{"embeddable":true,"href":"https:\/\/as-surques-escoeuilles.fr\/index.php\/wp-json\/wp\/v2\/media\/1304"}],"wp:attachment":[{"href":"https:\/\/as-surques-escoeuilles.fr\/index.php\/wp-json\/wp\/v2\/media?parent=1303"}],"wp:term":[{"taxonomy":"category","embeddable":true,"href":"https:\/\/as-surques-escoeuilles.fr\/index.php\/wp-json\/wp\/v2\/categories?post=1303"},{"taxonomy":"post_tag","embeddable":true,"href":"https:\/\/as-surques-escoeuilles.fr\/index.php\/wp-json\/wp\/v2\/tags?post=1303"}],"curies":[{"name":"wp","href":"https:\/\/api.w.org\/{rel}","templated":true}]}}