{"id":1349,"date":"2018-05-10T20:30:19","date_gmt":"2018-05-10T18:30:19","guid":{"rendered":"http:\/\/as-surques-escoeuilles.fr\/?p=1349"},"modified":"2018-05-10T20:32:32","modified_gmt":"2018-05-10T18:32:32","slug":"journee-nationale-des-debutants-des-sourires-et-des-buts","status":"publish","type":"post","link":"https:\/\/as-surques-escoeuilles.fr\/index.php\/2018\/05\/10\/journee-nationale-des-debutants-des-sourires-et-des-buts\/","title":{"rendered":"Journ\u00e9e nationale des d\u00e9butants : des sourires et des buts !"},"content":{"rendered":"<p>Ce jeudi 10 mai, notre \u00e9quipe U7 participait \u00e0 la journ\u00e9e nationale des d\u00e9butants sur les installations de l&rsquo;ES Arques.<br \/>\nLes jeunes Orange ont <!--more-->pu rencontr\u00e9 huit autres \u00e9quipes : Saint Omer, Coulogne, Marquise, Hallines, Samer, Landrethun le Nord, Sporting. Bilan ultra sportif avec uniquement deux d\u00e9faites, et des victoires tr\u00e8s larges dont un 7-0 face \u00e0 Saint Omer.<\/p>\n<p>Au del\u00e0 de ces r\u00e9sultats, les enfants sont rest\u00e9s motiv\u00e9s toute la journ\u00e9e et ont partag\u00e9 de nombreux moments de complicit\u00e9.<br \/>\nRepartis avec des cadeaux et un gouter offerts par le district,&nbsp; les enfants garderont un bon souvenir de leur premier \u00ab\u00a0grand\u00a0\u00bb tournoi.<\/p>\n<p>&nbsp;<\/p>\n<p><a href=\"https:\/\/i0.wp.com\/as-surques-escoeuilles.fr\/wp-content\/uploads\/2018\/05\/IMG_20180510_142530.jpg\"><img data-attachment-id=\"1352\" data-permalink=\"https:\/\/as-surques-escoeuilles.fr\/index.php\/2018\/05\/10\/journee-nationale-des-debutants-des-sourires-et-des-buts\/img_20180510_142530\/\" data-orig-file=\"https:\/\/i0.wp.com\/as-surques-escoeuilles.fr\/wp-content\/uploads\/2018\/05\/IMG_20180510_142530.jpg?fit=2304%2C4096&amp;ssl=1\" data-orig-size=\"2304,4096\" data-comments-opened=\"1\" data-image-meta=\"{&quot;aperture&quot;:&quot;2.2&quot;,&quot;credit&quot;:&quot;&quot;,&quot;camera&quot;:&quot;U FEEL&quot;,&quot;caption&quot;:&quot;&quot;,&quot;created_timestamp&quot;:&quot;1525962330&quot;,&quot;copyright&quot;:&quot;&quot;,&quot;focal_length&quot;:&quot;3.81&quot;,&quot;iso&quot;:&quot;110&quot;,&quot;shutter_speed&quot;:&quot;0.001912&quot;,&quot;title&quot;:&quot;&quot;,&quot;orientation&quot;:&quot;1&quot;}\" data-image-title=\"IMG_20180510_142530\" data-image-description=\"\" data-image-caption=\"\" data-medium-file=\"https:\/\/i0.wp.com\/as-surques-escoeuilles.fr\/wp-content\/uploads\/2018\/05\/IMG_20180510_142530.jpg?fit=169%2C300&amp;ssl=1\" data-large-file=\"https:\/\/i0.wp.com\/as-surques-escoeuilles.fr\/wp-content\/uploads\/2018\/05\/IMG_20180510_142530.jpg?fit=576%2C1024&amp;ssl=1\" fetchpriority=\"high\" class=\"aligncenter size-full wp-image-1352\" src=\"https:\/\/i0.wp.com\/as-surques-escoeuilles.fr\/wp-content\/uploads\/2018\/05\/IMG_20180510_142530.jpg?resize=800%2C1422\" alt=\"\" width=\"800\" height=\"1422\" srcset=\"https:\/\/i0.wp.com\/as-surques-escoeuilles.fr\/wp-content\/uploads\/2018\/05\/IMG_20180510_142530.jpg?w=2304&amp;ssl=1 2304w, https:\/\/i0.wp.com\/as-surques-escoeuilles.fr\/wp-content\/uploads\/2018\/05\/IMG_20180510_142530.jpg?resize=169%2C300&amp;ssl=1 169w, https:\/\/i0.wp.com\/as-surques-escoeuilles.fr\/wp-content\/uploads\/2018\/05\/IMG_20180510_142530.jpg?resize=768%2C1365&amp;ssl=1 768w, https:\/\/i0.wp.com\/as-surques-escoeuilles.fr\/wp-content\/uploads\/2018\/05\/IMG_20180510_142530.jpg?resize=576%2C1024&amp;ssl=1 576w, https:\/\/i0.wp.com\/as-surques-escoeuilles.fr\/wp-content\/uploads\/2018\/05\/IMG_20180510_142530.jpg?w=1600&amp;ssl=1 1600w\" sizes=\"(max-width: 800px) 100vw, 800px\" data-recalc-dims=\"1\" \/><\/a><a href=\"https:\/\/i0.wp.com\/as-surques-escoeuilles.fr\/wp-content\/uploads\/2018\/05\/IMG_20180510_142555.jpg\"><img data-attachment-id=\"1353\" data-permalink=\"https:\/\/as-surques-escoeuilles.fr\/index.php\/2018\/05\/10\/journee-nationale-des-debutants-des-sourires-et-des-buts\/img_20180510_142555\/\" data-orig-file=\"https:\/\/i0.wp.com\/as-surques-escoeuilles.fr\/wp-content\/uploads\/2018\/05\/IMG_20180510_142555.jpg?fit=4096%2C2304&amp;ssl=1\" data-orig-size=\"4096,2304\" data-comments-opened=\"1\" data-image-meta=\"{&quot;aperture&quot;:&quot;2.2&quot;,&quot;credit&quot;:&quot;&quot;,&quot;camera&quot;:&quot;U FEEL&quot;,&quot;caption&quot;:&quot;&quot;,&quot;created_timestamp&quot;:&quot;1525962356&quot;,&quot;copyright&quot;:&quot;&quot;,&quot;focal_length&quot;:&quot;3.81&quot;,&quot;iso&quot;:&quot;111&quot;,&quot;shutter_speed&quot;:&quot;0.001789&quot;,&quot;title&quot;:&quot;&quot;,&quot;orientation&quot;:&quot;1&quot;}\" data-image-title=\"IMG_20180510_142555\" data-image-description=\"\" data-image-caption=\"\" data-medium-file=\"https:\/\/i0.wp.com\/as-surques-escoeuilles.fr\/wp-content\/uploads\/2018\/05\/IMG_20180510_142555.jpg?fit=300%2C169&amp;ssl=1\" data-large-file=\"https:\/\/i0.wp.com\/as-surques-escoeuilles.fr\/wp-content\/uploads\/2018\/05\/IMG_20180510_142555.jpg?fit=800%2C450&amp;ssl=1\" class=\"aligncenter size-full wp-image-1353\" src=\"https:\/\/i0.wp.com\/as-surques-escoeuilles.fr\/wp-content\/uploads\/2018\/05\/IMG_20180510_142555.jpg?resize=800%2C450\" alt=\"\" width=\"800\" height=\"450\" srcset=\"https:\/\/i0.wp.com\/as-surques-escoeuilles.fr\/wp-content\/uploads\/2018\/05\/IMG_20180510_142555.jpg?w=4096&amp;ssl=1 4096w, https:\/\/i0.wp.com\/as-surques-escoeuilles.fr\/wp-content\/uploads\/2018\/05\/IMG_20180510_142555.jpg?resize=300%2C169&amp;ssl=1 300w, https:\/\/i0.wp.com\/as-surques-escoeuilles.fr\/wp-content\/uploads\/2018\/05\/IMG_20180510_142555.jpg?resize=768%2C432&amp;ssl=1 768w, https:\/\/i0.wp.com\/as-surques-escoeuilles.fr\/wp-content\/uploads\/2018\/05\/IMG_20180510_142555.jpg?resize=1024%2C576&amp;ssl=1 1024w, https:\/\/i0.wp.com\/as-surques-escoeuilles.fr\/wp-content\/uploads\/2018\/05\/IMG_20180510_142555.jpg?w=1600&amp;ssl=1 1600w, https:\/\/i0.wp.com\/as-surques-escoeuilles.fr\/wp-content\/uploads\/2018\/05\/IMG_20180510_142555.jpg?w=2400&amp;ssl=1 2400w\" sizes=\"(max-width: 800px) 100vw, 800px\" data-recalc-dims=\"1\" \/><\/a><a href=\"https:\/\/i0.wp.com\/as-surques-escoeuilles.fr\/wp-content\/uploads\/2018\/05\/IMG_20180510_160332.jpg\"><img data-attachment-id=\"1354\" data-permalink=\"https:\/\/as-surques-escoeuilles.fr\/index.php\/2018\/05\/10\/journee-nationale-des-debutants-des-sourires-et-des-buts\/img_20180510_160332\/\" data-orig-file=\"https:\/\/i0.wp.com\/as-surques-escoeuilles.fr\/wp-content\/uploads\/2018\/05\/IMG_20180510_160332.jpg?fit=4096%2C2304&amp;ssl=1\" data-orig-size=\"4096,2304\" data-comments-opened=\"1\" data-image-meta=\"{&quot;aperture&quot;:&quot;2.2&quot;,&quot;credit&quot;:&quot;&quot;,&quot;camera&quot;:&quot;U FEEL&quot;,&quot;caption&quot;:&quot;&quot;,&quot;created_timestamp&quot;:&quot;1525968212&quot;,&quot;copyright&quot;:&quot;&quot;,&quot;focal_length&quot;:&quot;3.81&quot;,&quot;iso&quot;:&quot;110&quot;,&quot;shutter_speed&quot;:&quot;0.002729&quot;,&quot;title&quot;:&quot;&quot;,&quot;orientation&quot;:&quot;1&quot;}\" data-image-title=\"IMG_20180510_160332\" data-image-description=\"\" data-image-caption=\"\" data-medium-file=\"https:\/\/i0.wp.com\/as-surques-escoeuilles.fr\/wp-content\/uploads\/2018\/05\/IMG_20180510_160332.jpg?fit=300%2C169&amp;ssl=1\" data-large-file=\"https:\/\/i0.wp.com\/as-surques-escoeuilles.fr\/wp-content\/uploads\/2018\/05\/IMG_20180510_160332.jpg?fit=800%2C450&amp;ssl=1\" class=\"aligncenter size-full wp-image-1354\" src=\"https:\/\/i0.wp.com\/as-surques-escoeuilles.fr\/wp-content\/uploads\/2018\/05\/IMG_20180510_160332.jpg?resize=800%2C450\" alt=\"\" width=\"800\" height=\"450\" srcset=\"https:\/\/i0.wp.com\/as-surques-escoeuilles.fr\/wp-content\/uploads\/2018\/05\/IMG_20180510_160332.jpg?w=4096&amp;ssl=1 4096w, https:\/\/i0.wp.com\/as-surques-escoeuilles.fr\/wp-content\/uploads\/2018\/05\/IMG_20180510_160332.jpg?resize=300%2C169&amp;ssl=1 300w, https:\/\/i0.wp.com\/as-surques-escoeuilles.fr\/wp-content\/uploads\/2018\/05\/IMG_20180510_160332.jpg?resize=768%2C432&amp;ssl=1 768w, https:\/\/i0.wp.com\/as-surques-escoeuilles.fr\/wp-content\/uploads\/2018\/05\/IMG_20180510_160332.jpg?resize=1024%2C576&amp;ssl=1 1024w, https:\/\/i0.wp.com\/as-surques-escoeuilles.fr\/wp-content\/uploads\/2018\/05\/IMG_20180510_160332.jpg?w=1600&amp;ssl=1 1600w, https:\/\/i0.wp.com\/as-surques-escoeuilles.fr\/wp-content\/uploads\/2018\/05\/IMG_20180510_160332.jpg?w=2400&amp;ssl=1 2400w\" sizes=\"(max-width: 800px) 100vw, 800px\" data-recalc-dims=\"1\" \/><\/a><a href=\"https:\/\/i0.wp.com\/as-surques-escoeuilles.fr\/wp-content\/uploads\/2018\/05\/IMG_20180510_142347.jpg\"><img data-attachment-id=\"1355\" data-permalink=\"https:\/\/as-surques-escoeuilles.fr\/index.php\/2018\/05\/10\/journee-nationale-des-debutants-des-sourires-et-des-buts\/img_20180510_142347\/\" data-orig-file=\"https:\/\/i0.wp.com\/as-surques-escoeuilles.fr\/wp-content\/uploads\/2018\/05\/IMG_20180510_142347.jpg?fit=4096%2C2304&amp;ssl=1\" data-orig-size=\"4096,2304\" data-comments-opened=\"1\" data-image-meta=\"{&quot;aperture&quot;:&quot;2.2&quot;,&quot;credit&quot;:&quot;&quot;,&quot;camera&quot;:&quot;U FEEL&quot;,&quot;caption&quot;:&quot;&quot;,&quot;created_timestamp&quot;:&quot;1525962227&quot;,&quot;copyright&quot;:&quot;&quot;,&quot;focal_length&quot;:&quot;3.81&quot;,&quot;iso&quot;:&quot;111&quot;,&quot;shutter_speed&quot;:&quot;0.001445&quot;,&quot;title&quot;:&quot;&quot;,&quot;orientation&quot;:&quot;1&quot;}\" data-image-title=\"IMG_20180510_142347\" data-image-description=\"\" data-image-caption=\"\" data-medium-file=\"https:\/\/i0.wp.com\/as-surques-escoeuilles.fr\/wp-content\/uploads\/2018\/05\/IMG_20180510_142347.jpg?fit=300%2C169&amp;ssl=1\" data-large-file=\"https:\/\/i0.wp.com\/as-surques-escoeuilles.fr\/wp-content\/uploads\/2018\/05\/IMG_20180510_142347.jpg?fit=800%2C450&amp;ssl=1\" loading=\"lazy\" class=\"aligncenter size-full wp-image-1355\" src=\"https:\/\/i0.wp.com\/as-surques-escoeuilles.fr\/wp-content\/uploads\/2018\/05\/IMG_20180510_142347.jpg?resize=800%2C450\" alt=\"\" width=\"800\" height=\"450\" srcset=\"https:\/\/i0.wp.com\/as-surques-escoeuilles.fr\/wp-content\/uploads\/2018\/05\/IMG_20180510_142347.jpg?w=4096&amp;ssl=1 4096w, https:\/\/i0.wp.com\/as-surques-escoeuilles.fr\/wp-content\/uploads\/2018\/05\/IMG_20180510_142347.jpg?resize=300%2C169&amp;ssl=1 300w, https:\/\/i0.wp.com\/as-surques-escoeuilles.fr\/wp-content\/uploads\/2018\/05\/IMG_20180510_142347.jpg?resize=768%2C432&amp;ssl=1 768w, https:\/\/i0.wp.com\/as-surques-escoeuilles.fr\/wp-content\/uploads\/2018\/05\/IMG_20180510_142347.jpg?resize=1024%2C576&amp;ssl=1 1024w, https:\/\/i0.wp.com\/as-surques-escoeuilles.fr\/wp-content\/uploads\/2018\/05\/IMG_20180510_142347.jpg?w=1600&amp;ssl=1 1600w, https:\/\/i0.wp.com\/as-surques-escoeuilles.fr\/wp-content\/uploads\/2018\/05\/IMG_20180510_142347.jpg?w=2400&amp;ssl=1 2400w\" sizes=\"(max-width: 800px) 100vw, 800px\" data-recalc-dims=\"1\" \/><\/a><a href=\"https:\/\/i0.wp.com\/as-surques-escoeuilles.fr\/wp-content\/uploads\/2018\/05\/IMG_20180510_142409.jpg\"><img data-attachment-id=\"1356\" data-permalink=\"https:\/\/as-surques-escoeuilles.fr\/index.php\/2018\/05\/10\/journee-nationale-des-debutants-des-sourires-et-des-buts\/img_20180510_142409\/\" data-orig-file=\"https:\/\/i0.wp.com\/as-surques-escoeuilles.fr\/wp-content\/uploads\/2018\/05\/IMG_20180510_142409.jpg?fit=4096%2C2304&amp;ssl=1\" data-orig-size=\"4096,2304\" data-comments-opened=\"1\" data-image-meta=\"{&quot;aperture&quot;:&quot;2.2&quot;,&quot;credit&quot;:&quot;&quot;,&quot;camera&quot;:&quot;U FEEL&quot;,&quot;caption&quot;:&quot;&quot;,&quot;created_timestamp&quot;:&quot;1525962249&quot;,&quot;copyright&quot;:&quot;&quot;,&quot;focal_length&quot;:&quot;3.81&quot;,&quot;iso&quot;:&quot;110&quot;,&quot;shutter_speed&quot;:&quot;0.001209&quot;,&quot;title&quot;:&quot;&quot;,&quot;orientation&quot;:&quot;1&quot;}\" data-image-title=\"IMG_20180510_142409\" data-image-description=\"\" data-image-caption=\"\" data-medium-file=\"https:\/\/i0.wp.com\/as-surques-escoeuilles.fr\/wp-content\/uploads\/2018\/05\/IMG_20180510_142409.jpg?fit=300%2C169&amp;ssl=1\" data-large-file=\"https:\/\/i0.wp.com\/as-surques-escoeuilles.fr\/wp-content\/uploads\/2018\/05\/IMG_20180510_142409.jpg?fit=800%2C450&amp;ssl=1\" loading=\"lazy\" class=\"aligncenter size-full wp-image-1356\" src=\"https:\/\/i0.wp.com\/as-surques-escoeuilles.fr\/wp-content\/uploads\/2018\/05\/IMG_20180510_142409.jpg?resize=800%2C450\" alt=\"\" width=\"800\" height=\"450\" srcset=\"https:\/\/i0.wp.com\/as-surques-escoeuilles.fr\/wp-content\/uploads\/2018\/05\/IMG_20180510_142409.jpg?w=4096&amp;ssl=1 4096w, https:\/\/i0.wp.com\/as-surques-escoeuilles.fr\/wp-content\/uploads\/2018\/05\/IMG_20180510_142409.jpg?resize=300%2C169&amp;ssl=1 300w, https:\/\/i0.wp.com\/as-surques-escoeuilles.fr\/wp-content\/uploads\/2018\/05\/IMG_20180510_142409.jpg?resize=768%2C432&amp;ssl=1 768w, https:\/\/i0.wp.com\/as-surques-escoeuilles.fr\/wp-content\/uploads\/2018\/05\/IMG_20180510_142409.jpg?resize=1024%2C576&amp;ssl=1 1024w, https:\/\/i0.wp.com\/as-surques-escoeuilles.fr\/wp-content\/uploads\/2018\/05\/IMG_20180510_142409.jpg?w=1600&amp;ssl=1 1600w, https:\/\/i0.wp.com\/as-surques-escoeuilles.fr\/wp-content\/uploads\/2018\/05\/IMG_20180510_142409.jpg?w=2400&amp;ssl=1 2400w\" sizes=\"(max-width: 800px) 100vw, 800px\" data-recalc-dims=\"1\" \/><\/a><a href=\"https:\/\/i0.wp.com\/as-surques-escoeuilles.fr\/wp-content\/uploads\/2018\/05\/IMG_20180510_142607.jpg\"><img data-attachment-id=\"1357\" data-permalink=\"https:\/\/as-surques-escoeuilles.fr\/index.php\/2018\/05\/10\/journee-nationale-des-debutants-des-sourires-et-des-buts\/img_20180510_142607\/\" data-orig-file=\"https:\/\/i0.wp.com\/as-surques-escoeuilles.fr\/wp-content\/uploads\/2018\/05\/IMG_20180510_142607.jpg?fit=4096%2C2304&amp;ssl=1\" data-orig-size=\"4096,2304\" data-comments-opened=\"1\" data-image-meta=\"{&quot;aperture&quot;:&quot;2.2&quot;,&quot;credit&quot;:&quot;&quot;,&quot;camera&quot;:&quot;U FEEL&quot;,&quot;caption&quot;:&quot;&quot;,&quot;created_timestamp&quot;:&quot;1525962368&quot;,&quot;copyright&quot;:&quot;&quot;,&quot;focal_length&quot;:&quot;3.81&quot;,&quot;iso&quot;:&quot;114&quot;,&quot;shutter_speed&quot;:&quot;0.003201&quot;,&quot;title&quot;:&quot;&quot;,&quot;orientation&quot;:&quot;1&quot;}\" data-image-title=\"IMG_20180510_142607\" data-image-description=\"\" data-image-caption=\"\" data-medium-file=\"https:\/\/i0.wp.com\/as-surques-escoeuilles.fr\/wp-content\/uploads\/2018\/05\/IMG_20180510_142607.jpg?fit=300%2C169&amp;ssl=1\" data-large-file=\"https:\/\/i0.wp.com\/as-surques-escoeuilles.fr\/wp-content\/uploads\/2018\/05\/IMG_20180510_142607.jpg?fit=800%2C450&amp;ssl=1\" loading=\"lazy\" class=\"aligncenter size-full wp-image-1357\" src=\"https:\/\/i0.wp.com\/as-surques-escoeuilles.fr\/wp-content\/uploads\/2018\/05\/IMG_20180510_142607.jpg?resize=800%2C450\" alt=\"\" width=\"800\" height=\"450\" srcset=\"https:\/\/i0.wp.com\/as-surques-escoeuilles.fr\/wp-content\/uploads\/2018\/05\/IMG_20180510_142607.jpg?w=4096&amp;ssl=1 4096w, https:\/\/i0.wp.com\/as-surques-escoeuilles.fr\/wp-content\/uploads\/2018\/05\/IMG_20180510_142607.jpg?resize=300%2C169&amp;ssl=1 300w, https:\/\/i0.wp.com\/as-surques-escoeuilles.fr\/wp-content\/uploads\/2018\/05\/IMG_20180510_142607.jpg?resize=768%2C432&amp;ssl=1 768w, https:\/\/i0.wp.com\/as-surques-escoeuilles.fr\/wp-content\/uploads\/2018\/05\/IMG_20180510_142607.jpg?resize=1024%2C576&amp;ssl=1 1024w, https:\/\/i0.wp.com\/as-surques-escoeuilles.fr\/wp-content\/uploads\/2018\/05\/IMG_20180510_142607.jpg?w=1600&amp;ssl=1 1600w, https:\/\/i0.wp.com\/as-surques-escoeuilles.fr\/wp-content\/uploads\/2018\/05\/IMG_20180510_142607.jpg?w=2400&amp;ssl=1 2400w\" sizes=\"(max-width: 800px) 100vw, 800px\" data-recalc-dims=\"1\" \/><\/a><\/p>\n","protected":false},"excerpt":{"rendered":"<p>Ce jeudi 10 mai, notre \u00e9quipe U7 participait \u00e0 la journ\u00e9e nationale des d\u00e9butants sur les installations de l&rsquo;ES Arques.<\/p>\n","protected":false},"author":1,"featured_media":1350,"comment_status":"open","ping_status":"open","sticky":false,"template":"","format":"standard","meta":{"ngg_post_thumbnail":0,"jetpack_post_was_ever_published":false,"jetpack_publicize_message":"","jetpack_is_tweetstorm":false,"jetpack_publicize_feature_enabled":true,"jetpack_social_post_already_shared":true,"jetpack_social_options":{"image_generator_settings":{"template":"highway","enabled":false}}},"categories":[20],"tags":[],"jetpack_publicize_connections":[],"jetpack_featured_media_url":"https:\/\/i0.wp.com\/as-surques-escoeuilles.fr\/wp-content\/uploads\/2018\/05\/IMG_20180510_160249.jpg?fit=4096%2C2304&ssl=1","jetpack_sharing_enabled":true,"jetpack_shortlink":"https:\/\/wp.me\/p8dhOI-lL","jetpack-related-posts":[{"id":2643,"url":"https:\/\/as-surques-escoeuilles.fr\/index.php\/2019\/05\/30\/u7-journee-nationale-des-debutants-a-neufchatel\/","url_meta":{"origin":1349,"position":0},"title":"U7 : journ\u00e9e nationale des d\u00e9butants \u00e0 Neufch\u00e2tel","date":"30 mai 2019","format":false,"excerpt":"Nos U6\/U7 ont particip\u00e9 \u00e0 la journ\u00e9e nationale des d\u00e9butants U7 organis\u00e9e \u00e0 Neufch\u00e2tel , encadr\u00e9s par Charlotte, Beno\u00eet et Steeve. Au programme 16 matches pour les Orange et Noir qui ont pu affronter des adversaires diff\u00e9rents des plateaux habituels, face parfois \u00e0 de v\u00e9ritables rouleaux compresseurs face auxquels nos\u2026","rel":"","context":"Dans &quot;U7&quot;","img":{"alt_text":"","src":"https:\/\/i0.wp.com\/as-surques-escoeuilles.fr\/wp-content\/uploads\/2019\/05\/IMG_20190530_161023.jpg?fit=1024%2C768&ssl=1&resize=350%2C200","width":350,"height":200},"classes":[]},{"id":2628,"url":"https:\/\/as-surques-escoeuilles.fr\/index.php\/2019\/05\/28\/journee-nationale-u7\/","url_meta":{"origin":1349,"position":1},"title":"Journ\u00e9e Nationale U7","date":"28 mai 2019","format":false,"excerpt":"Les U6\/U7 participeront \u00e0 la traditionnelle journ\u00e9e nationale de fin de saison r\u00e9serv\u00e9e \u00e0 cette cat\u00e9gorie de l'\u00e9cole de foot, accompagn\u00e9s de Beno\u00eet, Steeve et Charlotte. Rendez-vous au stade \u00e0 8h40 ou 9h30 \u00e0 Neufchatel pour les enfants suivants : Adam Agez Janelle BrunetTom DewasmesLiam FortinEnzo LaurentVictor LoiseauTom LucasAdrien MerlandQuentin\u2026","rel":"","context":"Dans &quot;Communication club&quot;","img":{"alt_text":"","src":"https:\/\/i0.wp.com\/as-surques-escoeuilles.fr\/wp-content\/uploads\/2019\/05\/Accueil-U7-537x332.jpg?fit=537%2C332&ssl=1&resize=350%2C200","width":350,"height":200},"classes":[]},{"id":1303,"url":"https:\/\/as-surques-escoeuilles.fr\/index.php\/2018\/05\/08\/journee-nationale-u6-u7\/","url_meta":{"origin":1349,"position":2},"title":"Journ\u00e9e nationale U6\/U7","date":"8 mai 2018","format":false,"excerpt":"Le jeudi 10 mai, les U6\/U7 encadr\u00e9s par Charlotte, Pauline, Steeve et Beno\u00eet participeront \u00e0 la journ\u00e9e nationale U6 \/ U7 \u00e0 Arques. 210 \u00e9quipes se retrouveront \u00e0 l'occasion de ce jour f\u00e9ri\u00e9. Six matches attendent les petits Orange et Noir et de nombreuses animations sont pr\u00e9vues. D\u00e9part du stade\u2026","rel":"","context":"Dans &quot;U7&quot;","img":{"alt_text":"","src":"https:\/\/i0.wp.com\/as-surques-escoeuilles.fr\/wp-content\/uploads\/2018\/04\/Affiche-U7-U9-web-generale.jpg?fit=611%2C378&ssl=1&resize=350%2C200","width":350,"height":200},"classes":[]},{"id":5070,"url":"https:\/\/as-surques-escoeuilles.fr\/index.php\/2021\/05\/04\/journee-portes-ouvertes\/","url_meta":{"origin":1349,"position":3},"title":"Journ\u00e9e portes ouvertes","date":"4 mai 2021","format":false,"excerpt":"L'\u00e9cole de foot ouvrira ses portes le samedi 22 mai \u00e0 14h00 pour des s\u00e9ances U6 U7 et U8 U9. Tous les enfants n\u00e9s entre 2013 et 2016 sont les bienvenus pour d\u00e9couvrir la pratique. Pour les personnes n\u00e9es en 2004 ou avant, les s\u00e9ances seniors sont ouvertes aux essais\u2026","rel":"","context":"Dans &quot;Communication club&quot;","img":{"alt_text":"","src":"https:\/\/i0.wp.com\/as-surques-escoeuilles.fr\/wp-content\/uploads\/2021\/05\/IMG_20210502_170722.jpg?fit=596%2C832&ssl=1&resize=350%2C200","width":350,"height":200},"classes":[]},{"id":1892,"url":"https:\/\/as-surques-escoeuilles.fr\/index.php\/2018\/10\/11\/plateau-u6-u7-du-10-octobre\/","url_meta":{"origin":1349,"position":4},"title":"Plateau U6\/U7 du 10 octobre","date":"11 octobre 2018","format":false,"excerpt":"Sous un soleil radieux, les \u00e9quipes de Lumbres, Vaudringhem, Wavrans et Seninghem ont toutes r\u00e9pondu pr\u00e9sentes pour venir affronter les 10 petits Orange et Noir pour le premier plateau de la saison. L'occassion de conna\u00eetre les\u00a0 premi\u00e8res sensations de matches face \u00e0 des adversaires, avec victoire, d\u00e9faite mais surtout un\u2026","rel":"","context":"Dans &quot;Non class\u00e9&quot;","img":{"alt_text":"","src":"https:\/\/i0.wp.com\/as-surques-escoeuilles.fr\/wp-content\/uploads\/2018\/10\/43609991_296287157860370_4624584569721454592_n-1.jpg?fit=1200%2C900&ssl=1&resize=350%2C200","width":350,"height":200},"classes":[]},{"id":5059,"url":"https:\/\/as-surques-escoeuilles.fr\/index.php\/2021\/04\/21\/mini-stage-pour-les-2014\/","url_meta":{"origin":1349,"position":5},"title":"Mini-stage pour les 2014","date":"21 avril 2021","format":false,"excerpt":"Journ\u00e9e particuli\u00e8re pour la g\u00e9n\u00e9ration 2014. La matin\u00e9e a d'abord \u00e9t\u00e9 consacr\u00e9e \u00e0 une immersion autour d'une s\u00e9ance U8 U9 pour la d\u00e9couverte du foot \u00e0 5 et des des futurs partenaires. Apr\u00e8s un repas bien m\u00e9rit\u00e9, l'apr\u00e8s midi les a vu aussi participer \u00e0 leur s\u00e9ance habituelle en U6\u2026","rel":"","context":"Dans &quot;Projet Sportif&quot;","img":{"alt_text":"","src":"https:\/\/i0.wp.com\/as-surques-escoeuilles.fr\/wp-content\/uploads\/2021\/04\/received_342061220583434-scaled.jpeg?fit=900%2C1200&ssl=1&resize=350%2C200","width":350,"height":200},"classes":[]}],"_links":{"self":[{"href":"https:\/\/as-surques-escoeuilles.fr\/index.php\/wp-json\/wp\/v2\/posts\/1349"}],"collection":[{"href":"https:\/\/as-surques-escoeuilles.fr\/index.php\/wp-json\/wp\/v2\/posts"}],"about":[{"href":"https:\/\/as-surques-escoeuilles.fr\/index.php\/wp-json\/wp\/v2\/types\/post"}],"author":[{"embeddable":true,"href":"https:\/\/as-surques-escoeuilles.fr\/index.php\/wp-json\/wp\/v2\/users\/1"}],"replies":[{"embeddable":true,"href":"https:\/\/as-surques-escoeuilles.fr\/index.php\/wp-json\/wp\/v2\/comments?post=1349"}],"version-history":[{"count":0,"href":"https:\/\/as-surques-escoeuilles.fr\/index.php\/wp-json\/wp\/v2\/posts\/1349\/revisions"}],"wp:featuredmedia":[{"embeddable":true,"href":"https:\/\/as-surques-escoeuilles.fr\/index.php\/wp-json\/wp\/v2\/media\/1350"}],"wp:attachment":[{"href":"https:\/\/as-surques-escoeuilles.fr\/index.php\/wp-json\/wp\/v2\/media?parent=1349"}],"wp:term":[{"taxonomy":"category","embeddable":true,"href":"https:\/\/as-surques-escoeuilles.fr\/index.php\/wp-json\/wp\/v2\/categories?post=1349"},{"taxonomy":"post_tag","embeddable":true,"href":"https:\/\/as-surques-escoeuilles.fr\/index.php\/wp-json\/wp\/v2\/tags?post=1349"}],"curies":[{"name":"wp","href":"https:\/\/api.w.org\/{rel}","templated":true}]}}