{"id":1432,"date":"2018-06-02T18:11:15","date_gmt":"2018-06-02T16:11:15","guid":{"rendered":"http:\/\/as-surques-escoeuilles.fr\/?p=1432"},"modified":"2018-06-05T18:25:56","modified_gmt":"2018-06-05T16:25:56","slug":"journee-nationale-u8-u9-les-infos","status":"publish","type":"post","link":"https:\/\/as-surques-escoeuilles.fr\/index.php\/2018\/06\/02\/journee-nationale-u8-u9-les-infos\/","title":{"rendered":"Journ\u00e9e nationale U8\/U9 : les infos"},"content":{"rendered":"<p>Voici quelques infos sur la journ\u00e9e nationale U8\/U9 :<\/p>\n<p><strong>Date&nbsp; :<\/strong> 10 juin 2018<\/p>\n<p><strong>Horaires :<\/strong> de 10h00 \u00e0 17h00<\/p>\n<p><strong>Lieu :<\/strong> AS MARCK<\/p>\n<p><strong>Rendez-vous au stade :<\/strong> 8h45<\/p>\n<p><strong>2 \u00e9quipes engag\u00e9es :<\/strong> 1 en niveau 2 avec Fran\u00e7ois, 1 en niveau 3 avec Sebastien.<\/p>\n<p><strong>Les enfants convoqu\u00e9s en \u00e9quipe niveau 2 :<\/strong><!--more--><\/p>\n<ul>\n<li>Louka<\/li>\n<li>Nolhann<\/li>\n<li>Lino<\/li>\n<li>Evan<\/li>\n<li>Mael<\/li>\n<li>Mathieu<\/li>\n<li>Matt\u00e9o<\/li>\n<\/ul>\n<p><strong>Les enfants convoqu\u00e9s en \u00e9quipe niveau 3 :<\/strong><\/p>\n<ul>\n<li>Arthur<\/li>\n<li>Lucas<\/li>\n<li>Eliott<\/li>\n<li>Gabriel<\/li>\n<li>Julien<\/li>\n<li>Martin<\/li>\n<li>Loreline<\/li>\n<\/ul>\n<p><strong>Programme des matchs pour l&rsquo;\u00e9quipe niveau 2 : (MATIN terrain B07, APRES MIDI Terrain B09)<\/strong><\/p>\n<p><img data-attachment-id=\"1435\" data-permalink=\"https:\/\/as-surques-escoeuilles.fr\/index.php\/2018\/06\/02\/journee-nationale-u8-u9-les-infos\/matin-niv2-terrain-b07\/\" data-orig-file=\"https:\/\/i0.wp.com\/as-surques-escoeuilles.fr\/wp-content\/uploads\/2018\/06\/MATIN-NIV2-Terrain-B07.png?fit=379%2C348&amp;ssl=1\" data-orig-size=\"379,348\" data-comments-opened=\"1\" data-image-meta=\"{&quot;aperture&quot;:&quot;0&quot;,&quot;credit&quot;:&quot;&quot;,&quot;camera&quot;:&quot;&quot;,&quot;caption&quot;:&quot;&quot;,&quot;created_timestamp&quot;:&quot;0&quot;,&quot;copyright&quot;:&quot;&quot;,&quot;focal_length&quot;:&quot;0&quot;,&quot;iso&quot;:&quot;0&quot;,&quot;shutter_speed&quot;:&quot;0&quot;,&quot;title&quot;:&quot;&quot;,&quot;orientation&quot;:&quot;0&quot;}\" data-image-title=\"MATIN NIV2 Terrain B07\" data-image-description=\"\" data-image-caption=\"\" data-medium-file=\"https:\/\/i0.wp.com\/as-surques-escoeuilles.fr\/wp-content\/uploads\/2018\/06\/MATIN-NIV2-Terrain-B07.png?fit=300%2C275&amp;ssl=1\" data-large-file=\"https:\/\/i0.wp.com\/as-surques-escoeuilles.fr\/wp-content\/uploads\/2018\/06\/MATIN-NIV2-Terrain-B07.png?fit=379%2C348&amp;ssl=1\" fetchpriority=\"high\" class=\"alignnone size-medium wp-image-1435\" src=\"https:\/\/i0.wp.com\/as-surques-escoeuilles.fr\/wp-content\/uploads\/2018\/06\/MATIN-NIV2-Terrain-B07-300x275.png?resize=300%2C275\" alt=\"\" width=\"300\" height=\"275\" srcset=\"https:\/\/i0.wp.com\/as-surques-escoeuilles.fr\/wp-content\/uploads\/2018\/06\/MATIN-NIV2-Terrain-B07.png?resize=300%2C275&amp;ssl=1 300w, https:\/\/i0.wp.com\/as-surques-escoeuilles.fr\/wp-content\/uploads\/2018\/06\/MATIN-NIV2-Terrain-B07.png?w=379&amp;ssl=1 379w\" sizes=\"(max-width: 300px) 100vw, 300px\" data-recalc-dims=\"1\" \/><img data-attachment-id=\"1433\" data-permalink=\"https:\/\/as-surques-escoeuilles.fr\/index.php\/2018\/06\/02\/journee-nationale-u8-u9-les-infos\/apres-midi-niv2-terrain-b09\/\" data-orig-file=\"https:\/\/i0.wp.com\/as-surques-escoeuilles.fr\/wp-content\/uploads\/2018\/06\/APRES-MIDI-NIV2-Terrain-B09.png?fit=372%2C342&amp;ssl=1\" data-orig-size=\"372,342\" data-comments-opened=\"1\" data-image-meta=\"{&quot;aperture&quot;:&quot;0&quot;,&quot;credit&quot;:&quot;&quot;,&quot;camera&quot;:&quot;&quot;,&quot;caption&quot;:&quot;&quot;,&quot;created_timestamp&quot;:&quot;0&quot;,&quot;copyright&quot;:&quot;&quot;,&quot;focal_length&quot;:&quot;0&quot;,&quot;iso&quot;:&quot;0&quot;,&quot;shutter_speed&quot;:&quot;0&quot;,&quot;title&quot;:&quot;&quot;,&quot;orientation&quot;:&quot;0&quot;}\" data-image-title=\"APRES MIDI NIV2 Terrain B09\" data-image-description=\"\" data-image-caption=\"\" data-medium-file=\"https:\/\/i0.wp.com\/as-surques-escoeuilles.fr\/wp-content\/uploads\/2018\/06\/APRES-MIDI-NIV2-Terrain-B09.png?fit=300%2C276&amp;ssl=1\" data-large-file=\"https:\/\/i0.wp.com\/as-surques-escoeuilles.fr\/wp-content\/uploads\/2018\/06\/APRES-MIDI-NIV2-Terrain-B09.png?fit=372%2C342&amp;ssl=1\" class=\"alignnone size-medium wp-image-1433\" src=\"https:\/\/i0.wp.com\/as-surques-escoeuilles.fr\/wp-content\/uploads\/2018\/06\/APRES-MIDI-NIV2-Terrain-B09-300x276.png?resize=300%2C276\" alt=\"\" width=\"300\" height=\"276\" srcset=\"https:\/\/i0.wp.com\/as-surques-escoeuilles.fr\/wp-content\/uploads\/2018\/06\/APRES-MIDI-NIV2-Terrain-B09.png?resize=300%2C276&amp;ssl=1 300w, https:\/\/i0.wp.com\/as-surques-escoeuilles.fr\/wp-content\/uploads\/2018\/06\/APRES-MIDI-NIV2-Terrain-B09.png?w=372&amp;ssl=1 372w\" sizes=\"(max-width: 300px) 100vw, 300px\" data-recalc-dims=\"1\" \/><\/p>\n<p><strong>Programme des matchs pour l&rsquo;\u00e9quipe niveau 3 : (MATIN Terrain C10, APPRES MIDI Terrain C08)<\/strong><\/p>\n<p><img data-attachment-id=\"1436\" data-permalink=\"https:\/\/as-surques-escoeuilles.fr\/index.php\/2018\/06\/02\/journee-nationale-u8-u9-les-infos\/matin-niv3-terrain-c10\/\" data-orig-file=\"https:\/\/i0.wp.com\/as-surques-escoeuilles.fr\/wp-content\/uploads\/2018\/06\/MATIN-NIV3-Terrain-C10.png?fit=379%2C344&amp;ssl=1\" data-orig-size=\"379,344\" data-comments-opened=\"1\" data-image-meta=\"{&quot;aperture&quot;:&quot;0&quot;,&quot;credit&quot;:&quot;&quot;,&quot;camera&quot;:&quot;&quot;,&quot;caption&quot;:&quot;&quot;,&quot;created_timestamp&quot;:&quot;0&quot;,&quot;copyright&quot;:&quot;&quot;,&quot;focal_length&quot;:&quot;0&quot;,&quot;iso&quot;:&quot;0&quot;,&quot;shutter_speed&quot;:&quot;0&quot;,&quot;title&quot;:&quot;&quot;,&quot;orientation&quot;:&quot;0&quot;}\" data-image-title=\"MATIN NIV3 Terrain C10\" data-image-description=\"\" data-image-caption=\"\" data-medium-file=\"https:\/\/i0.wp.com\/as-surques-escoeuilles.fr\/wp-content\/uploads\/2018\/06\/MATIN-NIV3-Terrain-C10.png?fit=300%2C272&amp;ssl=1\" data-large-file=\"https:\/\/i0.wp.com\/as-surques-escoeuilles.fr\/wp-content\/uploads\/2018\/06\/MATIN-NIV3-Terrain-C10.png?fit=379%2C344&amp;ssl=1\" class=\"alignnone size-medium wp-image-1436\" src=\"https:\/\/i0.wp.com\/as-surques-escoeuilles.fr\/wp-content\/uploads\/2018\/06\/MATIN-NIV3-Terrain-C10-300x272.png?resize=300%2C272\" alt=\"\" width=\"300\" height=\"272\" srcset=\"https:\/\/i0.wp.com\/as-surques-escoeuilles.fr\/wp-content\/uploads\/2018\/06\/MATIN-NIV3-Terrain-C10.png?resize=300%2C272&amp;ssl=1 300w, https:\/\/i0.wp.com\/as-surques-escoeuilles.fr\/wp-content\/uploads\/2018\/06\/MATIN-NIV3-Terrain-C10.png?w=379&amp;ssl=1 379w\" sizes=\"(max-width: 300px) 100vw, 300px\" data-recalc-dims=\"1\" \/><img data-attachment-id=\"1434\" data-permalink=\"https:\/\/as-surques-escoeuilles.fr\/index.php\/2018\/06\/02\/journee-nationale-u8-u9-les-infos\/apres-midi-niv3-terrain-c08\/\" data-orig-file=\"https:\/\/i0.wp.com\/as-surques-escoeuilles.fr\/wp-content\/uploads\/2018\/06\/APRES-MIDI-NIV3-Terrain-C08.png?fit=374%2C345&amp;ssl=1\" data-orig-size=\"374,345\" data-comments-opened=\"1\" data-image-meta=\"{&quot;aperture&quot;:&quot;0&quot;,&quot;credit&quot;:&quot;&quot;,&quot;camera&quot;:&quot;&quot;,&quot;caption&quot;:&quot;&quot;,&quot;created_timestamp&quot;:&quot;0&quot;,&quot;copyright&quot;:&quot;&quot;,&quot;focal_length&quot;:&quot;0&quot;,&quot;iso&quot;:&quot;0&quot;,&quot;shutter_speed&quot;:&quot;0&quot;,&quot;title&quot;:&quot;&quot;,&quot;orientation&quot;:&quot;0&quot;}\" data-image-title=\"APRES MIDI NIV3 Terrain C08\" data-image-description=\"\" data-image-caption=\"\" data-medium-file=\"https:\/\/i0.wp.com\/as-surques-escoeuilles.fr\/wp-content\/uploads\/2018\/06\/APRES-MIDI-NIV3-Terrain-C08.png?fit=300%2C277&amp;ssl=1\" data-large-file=\"https:\/\/i0.wp.com\/as-surques-escoeuilles.fr\/wp-content\/uploads\/2018\/06\/APRES-MIDI-NIV3-Terrain-C08.png?fit=374%2C345&amp;ssl=1\" loading=\"lazy\" class=\"alignnone size-medium wp-image-1434\" src=\"https:\/\/i0.wp.com\/as-surques-escoeuilles.fr\/wp-content\/uploads\/2018\/06\/APRES-MIDI-NIV3-Terrain-C08-300x277.png?resize=300%2C277\" alt=\"\" width=\"300\" height=\"277\" srcset=\"https:\/\/i0.wp.com\/as-surques-escoeuilles.fr\/wp-content\/uploads\/2018\/06\/APRES-MIDI-NIV3-Terrain-C08.png?resize=300%2C277&amp;ssl=1 300w, https:\/\/i0.wp.com\/as-surques-escoeuilles.fr\/wp-content\/uploads\/2018\/06\/APRES-MIDI-NIV3-Terrain-C08.png?w=374&amp;ssl=1 374w\" sizes=\"(max-width: 300px) 100vw, 300px\" data-recalc-dims=\"1\" \/><\/p>\n<p><strong>Plan des terrains :<\/strong><\/p>\n<a href=\"https:\/\/as-surques-escoeuilles.fr\/wp-content\/uploads\/2018\/06\/Plan.pdf\" class=\"pdfemb-viewer\" style=\"\" data-width=\"max\" data-height=\"max\"  data-toolbar=\"bottom\" data-toolbar-fixed=\"off\">Plan<br\/><\/a>\n<p><strong>Affiche :<\/strong><\/p>\n<p><img data-attachment-id=\"1438\" data-permalink=\"https:\/\/as-surques-escoeuilles.fr\/index.php\/2018\/06\/02\/journee-nationale-u8-u9-les-infos\/affiche-u9\/\" data-orig-file=\"https:\/\/i0.wp.com\/as-surques-escoeuilles.fr\/wp-content\/uploads\/2018\/06\/Affiche-U9.jpg?fit=1814%2C2718&amp;ssl=1\" data-orig-size=\"1814,2718\" data-comments-opened=\"1\" data-image-meta=\"{&quot;aperture&quot;:&quot;0&quot;,&quot;credit&quot;:&quot;&quot;,&quot;camera&quot;:&quot;&quot;,&quot;caption&quot;:&quot;&quot;,&quot;created_timestamp&quot;:&quot;0&quot;,&quot;copyright&quot;:&quot;&quot;,&quot;focal_length&quot;:&quot;0&quot;,&quot;iso&quot;:&quot;0&quot;,&quot;shutter_speed&quot;:&quot;0&quot;,&quot;title&quot;:&quot;&quot;,&quot;orientation&quot;:&quot;1&quot;}\" data-image-title=\"Affiche-U9\" data-image-description=\"\" data-image-caption=\"\" data-medium-file=\"https:\/\/i0.wp.com\/as-surques-escoeuilles.fr\/wp-content\/uploads\/2018\/06\/Affiche-U9.jpg?fit=200%2C300&amp;ssl=1\" data-large-file=\"https:\/\/i0.wp.com\/as-surques-escoeuilles.fr\/wp-content\/uploads\/2018\/06\/Affiche-U9.jpg?fit=683%2C1024&amp;ssl=1\" loading=\"lazy\" class=\"alignnone size-medium wp-image-1438\" src=\"https:\/\/i0.wp.com\/as-surques-escoeuilles.fr\/wp-content\/uploads\/2018\/06\/Affiche-U9-200x300.jpg?resize=200%2C300\" alt=\"\" width=\"200\" height=\"300\" srcset=\"https:\/\/i0.wp.com\/as-surques-escoeuilles.fr\/wp-content\/uploads\/2018\/06\/Affiche-U9.jpg?resize=200%2C300&amp;ssl=1 200w, https:\/\/i0.wp.com\/as-surques-escoeuilles.fr\/wp-content\/uploads\/2018\/06\/Affiche-U9.jpg?resize=768%2C1151&amp;ssl=1 768w, https:\/\/i0.wp.com\/as-surques-escoeuilles.fr\/wp-content\/uploads\/2018\/06\/Affiche-U9.jpg?resize=683%2C1024&amp;ssl=1 683w, https:\/\/i0.wp.com\/as-surques-escoeuilles.fr\/wp-content\/uploads\/2018\/06\/Affiche-U9.jpg?w=1814&amp;ssl=1 1814w, https:\/\/i0.wp.com\/as-surques-escoeuilles.fr\/wp-content\/uploads\/2018\/06\/Affiche-U9.jpg?w=1600&amp;ssl=1 1600w\" sizes=\"(max-width: 200px) 100vw, 200px\" data-recalc-dims=\"1\" \/><\/p>\n<p>&nbsp;<\/p>\n","protected":false},"excerpt":{"rendered":"<p>Voici quelques infos sur la journ\u00e9e nationale U8\/U9 : Date&nbsp; : 10 juin 2018 Horaires : de 10h00 \u00e0 17h00<\/p>\n","protected":false},"author":1,"featured_media":1438,"comment_status":"open","ping_status":"open","sticky":false,"template":"","format":"standard","meta":{"ngg_post_thumbnail":0,"jetpack_post_was_ever_published":false,"jetpack_publicize_message":"","jetpack_is_tweetstorm":false,"jetpack_publicize_feature_enabled":true,"jetpack_social_post_already_shared":true,"jetpack_social_options":{"image_generator_settings":{"template":"highway","enabled":false}}},"categories":[1],"tags":[],"jetpack_publicize_connections":[],"jetpack_featured_media_url":"https:\/\/i0.wp.com\/as-surques-escoeuilles.fr\/wp-content\/uploads\/2018\/06\/Affiche-U9.jpg?fit=1814%2C2718&ssl=1","jetpack_sharing_enabled":true,"jetpack_shortlink":"https:\/\/wp.me\/p8dhOI-n6","jetpack-related-posts":[{"id":434,"url":"https:\/\/as-surques-escoeuilles.fr\/index.php\/2017\/06\/07\/journee-nationale-u9\/","url_meta":{"origin":1432,"position":0},"title":"Journ\u00e9e nationale U9","date":"7 juin 2017","format":false,"excerpt":"Voici quelques infos concernant la journ\u00e9e nationale U9 AUDRUICQ le 11 juin 2017Rendez-vous 8h20 au stade municipal (SURQUES ESCOEUILLES) ou directement sur place \u00e0 9h (Attention : ne pas entrer dans l'enceinte du stade). Pensez \u00e0 prendre un short noir et des chaussettes noires. Nous vous conseillons de pr\u00e9voir le\u2026","rel":"","context":"Dans &quot;Non class\u00e9&quot;","img":{"alt_text":"","src":"https:\/\/i0.wp.com\/as-surques-escoeuilles.fr\/wp-content\/uploads\/2017\/06\/Affiche-U9-Audruicq.jpg?fit=845%2C1200&ssl=1&resize=350%2C200","width":350,"height":200},"classes":[]},{"id":647,"url":"https:\/\/as-surques-escoeuilles.fr\/index.php\/2017\/10\/02\/u9-infos-pour-mercredi-4-octobre\/","url_meta":{"origin":1432,"position":1},"title":"U9 : infos pour mercredi 4 octobre","date":"2 octobre 2017","format":false,"excerpt":"Les enfants suivants sont convoqu\u00e9s pour participer au plateau\u00a0 du mercredi 4 octobre \u00e0 NIELLES LES BLEQUIN : Louka Mathieu Matt\u00e9o Evan Mael Lino Nolhann Julien Martin C\u00e9lia Gabriel Eliott RDV au stade d\u2019Escoeuilles \u00e0 14h10 Plateau \u00e0 Nielles les bl\u00e9quin \u00e0 15h - Stade de l'union. Attention, l\u2019entra\u00eenement pr\u00e9vu\u2026","rel":"","context":"Dans &quot;Non class\u00e9&quot;","img":{"alt_text":"","src":"","width":0,"height":0},"classes":[]},{"id":615,"url":"https:\/\/as-surques-escoeuilles.fr\/index.php\/2017\/09\/23\/u8u9-info-pour-mercredi-2709\/","url_meta":{"origin":1432,"position":2},"title":"U8\/U9 INFO pour mercredi 27\/09","date":"23 septembre 2017","format":false,"excerpt":"Les enfants suivants sont convoqu\u00e9s pour participer au plateau de rentr\u00e9e du foot ce mercredi 27 septembre \u00e0 GUINES : Louka Mael Lino Nolhann Matteo Mathieu Julien Evan Loreline Lucas Arthur Eloi RDV au stade d'Escoeuilles \u00e0 14h Plateau \u00e0 Guines \u00e0 15h - Stade L\u00e9o Lagrange 2 Attention, l'entra\u00eenement\u2026","rel":"","context":"Dans &quot;Non class\u00e9&quot;","img":{"alt_text":"","src":"","width":0,"height":0},"classes":[]},{"id":1425,"url":"https:\/\/as-surques-escoeuilles.fr\/index.php\/2018\/06\/01\/programme-u9\/","url_meta":{"origin":1432,"position":3},"title":"Programme U8\/U9","date":"1 juin 2018","format":false,"excerpt":"Samedi 2 juin : Entra\u00eenement \u00e0 10h30 Mercredi 6 juin : Entra\u00eenement \u00e0 14h00 Samedi 9 juin : \"F\u00eate du foot\" les enfants affrontent leurs parents \u00e0 14h00 Dimanche 10 juin : Journ\u00e9e Nationale \u00e0 Marck Les entra\u00eenements se poursuivront jusqu'\u00e0 l'assembl\u00e9e g\u00e9n\u00e9rale Prenez-note","rel":"","context":"Dans &quot;Non class\u00e9&quot;","img":{"alt_text":"","src":"https:\/\/i0.wp.com\/as-surques-escoeuilles.fr\/wp-content\/uploads\/2018\/04\/U9-INFOS.png?fit=602%2C287&ssl=1&resize=350%2C200","width":350,"height":200},"classes":[]},{"id":4647,"url":"https:\/\/as-surques-escoeuilles.fr\/index.php\/2020\/08\/24\/reprise-u8-u9\/","url_meta":{"origin":1432,"position":4},"title":"Reprise U8 U9","date":"24 ao\u00fbt 2020","format":false,"excerpt":"Rendez vous ce mercredi 26 ao\u00fbt \u00e0 13h45 pour la reprise U8 U9 pour tous les enfants n\u00e9s en 2012-2013, mais \u00e9galement pour les filles n\u00e9es en 2011 qui souhaiteraient d\u00e9couvrir la pratique.","rel":"","context":"Dans &quot;Communication club&quot;","img":{"alt_text":"","src":"https:\/\/i0.wp.com\/as-surques-escoeuilles.fr\/wp-content\/uploads\/2019\/07\/5a4cac6533c1a_entrainements4obc4u1osif7v.jpg?fit=843%2C389&ssl=1&resize=350%2C200","width":350,"height":200},"classes":[]},{"id":5070,"url":"https:\/\/as-surques-escoeuilles.fr\/index.php\/2021\/05\/04\/journee-portes-ouvertes\/","url_meta":{"origin":1432,"position":5},"title":"Journ\u00e9e portes ouvertes","date":"4 mai 2021","format":false,"excerpt":"L'\u00e9cole de foot ouvrira ses portes le samedi 22 mai \u00e0 14h00 pour des s\u00e9ances U6 U7 et U8 U9. Tous les enfants n\u00e9s entre 2013 et 2016 sont les bienvenus pour d\u00e9couvrir la pratique. Pour les personnes n\u00e9es en 2004 ou avant, les s\u00e9ances seniors sont ouvertes aux essais\u2026","rel":"","context":"Dans &quot;Communication club&quot;","img":{"alt_text":"","src":"https:\/\/i0.wp.com\/as-surques-escoeuilles.fr\/wp-content\/uploads\/2021\/05\/IMG_20210502_170722.jpg?fit=596%2C832&ssl=1&resize=350%2C200","width":350,"height":200},"classes":[]}],"_links":{"self":[{"href":"https:\/\/as-surques-escoeuilles.fr\/index.php\/wp-json\/wp\/v2\/posts\/1432"}],"collection":[{"href":"https:\/\/as-surques-escoeuilles.fr\/index.php\/wp-json\/wp\/v2\/posts"}],"about":[{"href":"https:\/\/as-surques-escoeuilles.fr\/index.php\/wp-json\/wp\/v2\/types\/post"}],"author":[{"embeddable":true,"href":"https:\/\/as-surques-escoeuilles.fr\/index.php\/wp-json\/wp\/v2\/users\/1"}],"replies":[{"embeddable":true,"href":"https:\/\/as-surques-escoeuilles.fr\/index.php\/wp-json\/wp\/v2\/comments?post=1432"}],"version-history":[{"count":0,"href":"https:\/\/as-surques-escoeuilles.fr\/index.php\/wp-json\/wp\/v2\/posts\/1432\/revisions"}],"wp:featuredmedia":[{"embeddable":true,"href":"https:\/\/as-surques-escoeuilles.fr\/index.php\/wp-json\/wp\/v2\/media\/1438"}],"wp:attachment":[{"href":"https:\/\/as-surques-escoeuilles.fr\/index.php\/wp-json\/wp\/v2\/media?parent=1432"}],"wp:term":[{"taxonomy":"category","embeddable":true,"href":"https:\/\/as-surques-escoeuilles.fr\/index.php\/wp-json\/wp\/v2\/categories?post=1432"},{"taxonomy":"post_tag","embeddable":true,"href":"https:\/\/as-surques-escoeuilles.fr\/index.php\/wp-json\/wp\/v2\/tags?post=1432"}],"curies":[{"name":"wp","href":"https:\/\/api.w.org\/{rel}","templated":true}]}}