{"id":1562,"date":"2018-07-05T07:29:34","date_gmt":"2018-07-05T05:29:34","guid":{"rendered":"http:\/\/as-surques-escoeuilles.fr\/?p=1562"},"modified":"2018-07-05T07:29:34","modified_gmt":"2018-07-05T05:29:34","slug":"reglement-interieur","status":"publish","type":"post","link":"https:\/\/as-surques-escoeuilles.fr\/index.php\/2018\/07\/05\/reglement-interieur\/","title":{"rendered":"R\u00e8glement int\u00e9rieur"},"content":{"rendered":"<p>Lors de son assembl\u00e9e g\u00e9n\u00e9rale du 29 juin 2018, les membres ont adopt\u00e9 le r\u00e8glement int\u00e9rieur propos\u00e9 par le conseil d&rsquo;administration. Ce r\u00e8glement l\u00e8ve notamment les points :<\/p>\n<ul>\n<li>des frais de mutations \u00e0 engager<\/li>\n<li>des amendes pour avertissement en match prises en charge par le licenci\u00e9<\/li>\n<li>de la cr\u00e9ation d&rsquo;une commission de discipline au club<\/li>\n<\/ul>\n<p>Retrouvez le en int\u00e9gralit\u00e9 au club-house ou sur la page <a href=\"http:\/\/as-surques-escoeuilles.fr\/index.php\/reglement-interieur\/\" target=\"_blank\" rel=\"noopener\">R\u00e8glement int\u00e9rieur<\/a><\/p>\n","protected":false},"excerpt":{"rendered":"<p>Lors de son assembl\u00e9e g\u00e9n\u00e9rale du 29 juin 2018, les membres ont adopt\u00e9 le r\u00e8glement int\u00e9rieur propos\u00e9 par le conseil<\/p>\n","protected":false},"author":1,"featured_media":1563,"comment_status":"open","ping_status":"open","sticky":false,"template":"","format":"standard","meta":{"ngg_post_thumbnail":0,"jetpack_post_was_ever_published":false,"jetpack_publicize_message":"","jetpack_is_tweetstorm":false,"jetpack_publicize_feature_enabled":true,"jetpack_social_post_already_shared":true,"jetpack_social_options":{"image_generator_settings":{"template":"highway","enabled":false}}},"categories":[1],"tags":[],"jetpack_publicize_connections":[],"jetpack_featured_media_url":"https:\/\/i0.wp.com\/as-surques-escoeuilles.fr\/wp-content\/uploads\/2018\/07\/thumba_375x229_encart-reglement-interieur_59679e536e57e.jpg?fit=375%2C229&ssl=1","jetpack_sharing_enabled":true,"jetpack_shortlink":"https:\/\/wp.me\/p8dhOI-pc","jetpack-related-posts":[{"id":4914,"url":"https:\/\/as-surques-escoeuilles.fr\/index.php\/2021\/01\/23\/tombola\/","url_meta":{"origin":1562,"position":0},"title":"Tombola","date":"23 janvier 2021","format":false,"excerpt":"L'\u00e9pid\u00e9mie de COVID-19 ayant stopp\u00e9 toutes les manifestations depuis l'an pass\u00e9, il appara\u00eet maintenant de plus en plus probable que notre loto de cette ann\u00e9e ne pourra une nouvelle fois avoir lieu. Afin de palier cette manifestation, nous mettons en jeu 13 cadeaux sur un format de tombola ! Le\u2026","rel":"","context":"Dans &quot;Communication club&quot;","img":{"alt_text":"","src":"https:\/\/i0.wp.com\/as-surques-escoeuilles.fr\/wp-content\/uploads\/2021\/01\/tombola.png?fit=848%2C1200&ssl=1&resize=350%2C200","width":350,"height":200},"classes":[]},{"id":830,"url":"https:\/\/as-surques-escoeuilles.fr\/index.php\/2017\/12\/30\/benevolat\/","url_meta":{"origin":1562,"position":1},"title":"B\u00e9n\u00e9volat","date":"30 d\u00e9cembre 2017","format":false,"excerpt":"Cette ann\u00e9e, l'ASSE compte 160 licenci\u00e9s. Ce nombre important est la preuve de la qualit\u00e9 d'encadrement et de plaisir pris par les joueuses et joueurs au sein de notre club. Cependant, ces licenci\u00e9s sont d\u00e9pendants des quelques personnes b\u00e9n\u00e9voles qui oeuvrent dans l'ombre au quotidien. Comme annonc\u00e9 par notre pr\u00e9sident\u2026","rel":"","context":"Dans &quot;Non class\u00e9&quot;","img":{"alt_text":"","src":"https:\/\/i0.wp.com\/as-surques-escoeuilles.fr\/wp-content\/uploads\/2017\/12\/Sans-titre.gif?fit=756%2C291&ssl=1&resize=350%2C200","width":350,"height":200},"classes":[]},{"id":345,"url":"https:\/\/as-surques-escoeuilles.fr\/index.php\/2017\/03\/15\/stage-de-football\/","url_meta":{"origin":1562,"position":2},"title":"Stage de football","date":"15 mars 2017","format":false,"excerpt":"L' AS Surques Escoeuilles organise son premier stage de football pendant les vacances de P\u00e2ques \u00e0 destination des enfants n\u00e9s de 2004 \u00e0 2009, qu'ils soient licenci\u00e9s ou non (cat\u00e9gories U8 \u00e0 U13). Le stage se d\u00e9roulera sur 4 jours (du 18 au 21 avril 2017) au stade du club,\u2026","rel":"","context":"Dans &quot;Non class\u00e9&quot;","img":{"alt_text":"","src":"https:\/\/i0.wp.com\/as-surques-escoeuilles.fr\/wp-content\/uploads\/2017\/03\/Affiche-Pub5515.png?fit=1122%2C793&ssl=1&resize=350%2C200","width":350,"height":200},"classes":[]},{"id":3982,"url":"https:\/\/as-surques-escoeuilles.fr\/index.php\/2020\/02\/13\/les-u17-laureats-du-challenge-le-match-reve\/","url_meta":{"origin":1562,"position":3},"title":"Les U17 laur\u00e9ats du challenge le match R\u00eav\u00e9","date":"13 f\u00e9vrier 2020","format":false,"excerpt":"Lors du match les opposant \u00e0 Guines, nos Orange et Noirs ont pu briller par leur respect et fair play, portant haut les valeurs \u00e9ducatives pr\u00f4n\u00e9es par le club. La Ligue les a ainsi d\u00e9sign\u00e9 laur\u00e9ats du challenge le Match R\u00eav\u00e9, et offre \u00e0 l'\u00e9quipe des places pour assister au\u2026","rel":"","context":"Dans &quot;Programme Educatif F\u00e9d\u00e9ral&quot;","img":{"alt_text":"","src":"https:\/\/i0.wp.com\/as-surques-escoeuilles.fr\/wp-content\/uploads\/2020\/02\/Vignette-611x378-1.png?fit=611%2C378&ssl=1&resize=350%2C200","width":350,"height":200},"classes":[]},{"id":5316,"url":"https:\/\/as-surques-escoeuilles.fr\/index.php\/2021\/09\/07\/retour-au-foot\/","url_meta":{"origin":1562,"position":4},"title":"Retour au foot !","date":"7 septembre 2021","format":false,"excerpt":"Dans le cadre de l'op\u00e9ration organis\u00e9e par la FFF #Retouraufoot, les s\u00e9ances sont ouvertes pour les enfants n\u00e9s entre 2011 et 2017, rendez-vous demain \u00e0 14h00 au stade. Pour l'\u00e9cole de foot (Mini-foot \u00e0 U9), s\u00e9ance sp\u00e9ciale PEF ce samedi \u00e0 10h30 au stade avec le concours des U14F !","rel":"","context":"Dans &quot;Communication club&quot;","img":{"alt_text":"","src":"https:\/\/i0.wp.com\/as-surques-escoeuilles.fr\/wp-content\/uploads\/2021\/09\/FFF2106_RDF_Joueurs_FB_Cover_851x315.jpg?fit=851%2C315&ssl=1&resize=350%2C200","width":350,"height":200},"classes":[]},{"id":1145,"url":"https:\/\/as-surques-escoeuilles.fr\/index.php\/2018\/04\/14\/remise-equipements\/","url_meta":{"origin":1562,"position":5},"title":"Remise \u00e9quipements","date":"14 avril 2018","format":false,"excerpt":"Ce vendredi soir, ce sont les \u00e9ducateurs et les dirigeants qui ont \u00e9t\u00e9 mis \u00e0 l'honneur. Une remise d'\u00e9quipements a ainsi eu lieu, gr\u00e2ce \u00e0 la dotation de trois sponsors : Les Transports Bay \u00e0 Surques Bay Voyages \u00e0 Surques Kom'TM\u00a0\u00e0 Escoeuilles Le club remercie chaleureusement ces trois sponsors qui\u2026","rel":"","context":"Dans &quot;Dirigeants&quot;","img":{"alt_text":"","src":"https:\/\/i0.wp.com\/as-surques-escoeuilles.fr\/wp-content\/uploads\/2018\/04\/IMG_20180413_194432_2.jpg?fit=1200%2C900&ssl=1&resize=350%2C200","width":350,"height":200},"classes":[]}],"_links":{"self":[{"href":"https:\/\/as-surques-escoeuilles.fr\/index.php\/wp-json\/wp\/v2\/posts\/1562"}],"collection":[{"href":"https:\/\/as-surques-escoeuilles.fr\/index.php\/wp-json\/wp\/v2\/posts"}],"about":[{"href":"https:\/\/as-surques-escoeuilles.fr\/index.php\/wp-json\/wp\/v2\/types\/post"}],"author":[{"embeddable":true,"href":"https:\/\/as-surques-escoeuilles.fr\/index.php\/wp-json\/wp\/v2\/users\/1"}],"replies":[{"embeddable":true,"href":"https:\/\/as-surques-escoeuilles.fr\/index.php\/wp-json\/wp\/v2\/comments?post=1562"}],"version-history":[{"count":0,"href":"https:\/\/as-surques-escoeuilles.fr\/index.php\/wp-json\/wp\/v2\/posts\/1562\/revisions"}],"wp:featuredmedia":[{"embeddable":true,"href":"https:\/\/as-surques-escoeuilles.fr\/index.php\/wp-json\/wp\/v2\/media\/1563"}],"wp:attachment":[{"href":"https:\/\/as-surques-escoeuilles.fr\/index.php\/wp-json\/wp\/v2\/media?parent=1562"}],"wp:term":[{"taxonomy":"category","embeddable":true,"href":"https:\/\/as-surques-escoeuilles.fr\/index.php\/wp-json\/wp\/v2\/categories?post=1562"},{"taxonomy":"post_tag","embeddable":true,"href":"https:\/\/as-surques-escoeuilles.fr\/index.php\/wp-json\/wp\/v2\/tags?post=1562"}],"curies":[{"name":"wp","href":"https:\/\/api.w.org\/{rel}","templated":true}]}}