{"id":1733,"date":"2018-08-29T16:42:29","date_gmt":"2018-08-29T14:42:29","guid":{"rendered":"http:\/\/as-surques-escoeuilles.fr\/?p=1733"},"modified":"2018-08-29T16:42:36","modified_gmt":"2018-08-29T14:42:36","slug":"coupe-de-france-2eme-tour-allechant","status":"publish","type":"post","link":"https:\/\/as-surques-escoeuilles.fr\/index.php\/2018\/08\/29\/coupe-de-france-2eme-tour-allechant\/","title":{"rendered":"Coupe de France : 2\u00e8me tour all\u00e9chant !"},"content":{"rendered":"\n<figure class=\"wp-block-image\"><img data-attachment-id=\"1734\" data-permalink=\"https:\/\/as-surques-escoeuilles.fr\/index.php\/2018\/08\/29\/coupe-de-france-2eme-tour-allechant\/2eme_tour_cdf\/\" data-orig-file=\"https:\/\/i0.wp.com\/as-surques-escoeuilles.fr\/wp-content\/uploads\/2018\/08\/2eme_tour_CDF.png?fit=492%2C348&amp;ssl=1\" data-orig-size=\"492,348\" data-comments-opened=\"1\" data-image-meta=\"{&quot;aperture&quot;:&quot;0&quot;,&quot;credit&quot;:&quot;&quot;,&quot;camera&quot;:&quot;&quot;,&quot;caption&quot;:&quot;&quot;,&quot;created_timestamp&quot;:&quot;0&quot;,&quot;copyright&quot;:&quot;&quot;,&quot;focal_length&quot;:&quot;0&quot;,&quot;iso&quot;:&quot;0&quot;,&quot;shutter_speed&quot;:&quot;0&quot;,&quot;title&quot;:&quot;&quot;,&quot;orientation&quot;:&quot;0&quot;}\" data-image-title=\"2eme_tour_CDF\" data-image-description=\"\" data-image-caption=\"\" data-medium-file=\"https:\/\/i0.wp.com\/as-surques-escoeuilles.fr\/wp-content\/uploads\/2018\/08\/2eme_tour_CDF.png?fit=300%2C212&amp;ssl=1\" data-large-file=\"https:\/\/i0.wp.com\/as-surques-escoeuilles.fr\/wp-content\/uploads\/2018\/08\/2eme_tour_CDF.png?fit=492%2C348&amp;ssl=1\" fetchpriority=\"high\" width=\"492\" height=\"348\" src=\"https:\/\/i0.wp.com\/as-surques-escoeuilles.fr\/wp-content\/uploads\/2018\/08\/2eme_tour_CDF.png?resize=492%2C348\" alt=\"\" class=\"wp-image-1734\" srcset=\"https:\/\/i0.wp.com\/as-surques-escoeuilles.fr\/wp-content\/uploads\/2018\/08\/2eme_tour_CDF.png?w=492&amp;ssl=1 492w, https:\/\/i0.wp.com\/as-surques-escoeuilles.fr\/wp-content\/uploads\/2018\/08\/2eme_tour_CDF.png?resize=300%2C212&amp;ssl=1 300w\" sizes=\"(max-width: 492px) 100vw, 492px\" data-recalc-dims=\"1\" \/><\/figure>\n","protected":false},"excerpt":{"rendered":"","protected":false},"author":1,"featured_media":0,"comment_status":"open","ping_status":"open","sticky":false,"template":"","format":"standard","meta":{"ngg_post_thumbnail":0,"jetpack_post_was_ever_published":false,"jetpack_publicize_message":"","jetpack_is_tweetstorm":false,"jetpack_publicize_feature_enabled":true,"jetpack_social_post_already_shared":true,"jetpack_social_options":{"image_generator_settings":{"template":"highway","enabled":false}}},"categories":[1],"tags":[],"jetpack_publicize_connections":[],"jetpack_featured_media_url":"","jetpack_sharing_enabled":true,"jetpack_shortlink":"https:\/\/wp.me\/p8dhOI-rX","jetpack-related-posts":[{"id":2839,"url":"https:\/\/as-surques-escoeuilles.fr\/index.php\/2019\/08\/29\/coupe-de-france-tirage-du-2eme-tour\/","url_meta":{"origin":1733,"position":0},"title":"Coupe de France : tirage du 2\u00e8me tour","date":"29 ao\u00fbt 2019","format":false,"excerpt":"L'ASSE aura la chance de recevoir lors de ce deuxi\u00e8me tour et affrontera l'\u00e9quipe de l'US AMBLETEUSE (D3).Venez nombreux encourager les Orange et Noir !!","rel":"","context":"Dans &quot;Non class\u00e9&quot;","img":{"alt_text":"","src":"https:\/\/i0.wp.com\/as-surques-escoeuilles.fr\/wp-content\/uploads\/2019\/08\/FireShot-Capture-013-Affiches-Coupe-de-France-www.fff_.fr_.png?fit=974%2C495&ssl=1&resize=350%2C200","width":350,"height":200},"classes":[]},{"id":4575,"url":"https:\/\/as-surques-escoeuilles.fr\/index.php\/2020\/08\/04\/coupe-de-france-2\/","url_meta":{"origin":1733,"position":1},"title":"Coupe de France","date":"4 ao\u00fbt 2020","format":false,"excerpt":"Dans le cadre du 1er tour, l'ASSE recevra le club de Saint Martin au LAert (D3). Match le dimanche 30 ao\u00fbt \u00e0 15h00, venez nombreux supporter les Orange et Noirs dans leur qu\u00eate de 2\u00e8me tour !","rel":"","context":"Dans &quot;S\u00e9niors&quot;","img":{"alt_text":"","src":"https:\/\/i0.wp.com\/as-surques-escoeuilles.fr\/wp-content\/uploads\/2020\/08\/coupe-de-france-logo.jpg?fit=412%2C225&ssl=1&resize=350%2C200","width":350,"height":200},"classes":[]},{"id":5793,"url":"https:\/\/as-surques-escoeuilles.fr\/index.php\/2022\/08\/04\/coupe-de-france-tirage-du-1er-tour\/","url_meta":{"origin":1733,"position":2},"title":"Coupe de France : tirage du 1er tour","date":"4 ao\u00fbt 2022","format":false,"excerpt":"C'est le match inaugural de la saison. Malgr\u00e9 les 3 divisions d'\u00e9cart, l'\u00e9quipe fanion devra se m\u00e9fier de son d\u00e9placement au Portel GPF, \u00e9quipe exp\u00e9riment\u00e9e de la C\u00f4te d'Opale. Souvent rencontr\u00e9e ces derni\u00e8res saisons, cette \u00e9quipe a toujours mis en difficult\u00e9 les Orange qui auront donc besoin de votre soutien\u2026","rel":"","context":"Dans &quot;Non class\u00e9&quot;","img":{"alt_text":"","src":"https:\/\/i0.wp.com\/as-surques-escoeuilles.fr\/wp-content\/uploads\/2020\/08\/coupe-de-france-logo.jpg?fit=412%2C225&ssl=1&resize=350%2C200","width":350,"height":200},"classes":[]},{"id":1648,"url":"https:\/\/as-surques-escoeuilles.fr\/index.php\/2018\/08\/10\/coupe-de-france-2018-2019\/","url_meta":{"origin":1733,"position":3},"title":"Coupe de France 2018\/2019","date":"10 ao\u00fbt 2018","format":false,"excerpt":"Dans le cadre de cette nouvelle \u00e9dition de la Coupe de France, l'ASSE a h\u00e9rit\u00e9 du FC Caffiers (D7) en guise de 1er tour. Le match se d\u00e9roulera le dimanche 26 ao\u00fbt \u00e0 15h00 sur leur terrain situ\u00e9 \u00e0 Fiennes. Venez nombreux supporter les Orange et Noir pour leur premier\u2026","rel":"","context":"Dans &quot;Non class\u00e9&quot;","img":{"alt_text":"","src":"https:\/\/i0.wp.com\/as-surques-escoeuilles.fr\/wp-content\/uploads\/2018\/08\/coupe-de-france-2017-2018-2.jpg?fit=459%2C315&ssl=1&resize=350%2C200","width":350,"height":200},"classes":[]},{"id":5902,"url":"https:\/\/as-surques-escoeuilles.fr\/index.php\/2023\/08\/20\/asse-saison-2023-2024\/","url_meta":{"origin":1733,"position":4},"title":"ASSE Saison 2023-2024","date":"20 ao\u00fbt 2023","format":false,"excerpt":"C'est reparti ! \ud83c\udfc6COUPE DE FRANCE\ud83c\udfc6 \u2708\ufe0f Mametz-ASSE: Dimanche 27\/08 \u00e0 15h L'\u00e9quipe fanion d\u00e9marre sa saison par un match compliqu\u00e9 en d\u00e9placement \u00e0 Mametz pour le 1er tour de la Coupe de France.\u2708\ufe0f Venez encourager nos oranges et noirs au stade Andr\u00e9 Delannoy. \ud83e\udde1\ud83d\udda4 Mais avant \u00e7a, fin des\u2026","rel":"","context":"Dans &quot;Non class\u00e9&quot;","img":{"alt_text":"","src":"https:\/\/i0.wp.com\/as-surques-escoeuilles.fr\/wp-content\/uploads\/2023\/08\/3E605862-D220-4632-8CBE-0679694DEE21-1024x786.jpeg?resize=350%2C200&ssl=1","width":350,"height":200},"classes":[]},{"id":4706,"url":"https:\/\/as-surques-escoeuilles.fr\/index.php\/2020\/09\/08\/coupe-de-france-pas-d-exploit-pour-les-orange\/","url_meta":{"origin":1733,"position":5},"title":"Coupe de France : pas d&rsquo; exploit pour les Orange","date":"8 septembre 2020","format":false,"excerpt":"Ce dimanche avait lieu le second tour de Coupe de France avec une affiche de gala face \u00e0 Arques, \u00e9quipe de R3. 300 personnes sont venues porter les Orange en qu\u00eate d'exploit. Elles y o't cru pendant 45 minutes o\u00f9 l'ASSE \u00e0 tenu t\u00eate aux visiteurs. Mais au retour des\u2026","rel":"","context":"Dans &quot;Non class\u00e9&quot;","img":{"alt_text":"","src":"https:\/\/i0.wp.com\/as-surques-escoeuilles.fr\/wp-content\/uploads\/2020\/09\/received_361975764821364-scaled.jpeg?fit=1200%2C900&ssl=1&resize=350%2C200","width":350,"height":200},"classes":[]}],"_links":{"self":[{"href":"https:\/\/as-surques-escoeuilles.fr\/index.php\/wp-json\/wp\/v2\/posts\/1733"}],"collection":[{"href":"https:\/\/as-surques-escoeuilles.fr\/index.php\/wp-json\/wp\/v2\/posts"}],"about":[{"href":"https:\/\/as-surques-escoeuilles.fr\/index.php\/wp-json\/wp\/v2\/types\/post"}],"author":[{"embeddable":true,"href":"https:\/\/as-surques-escoeuilles.fr\/index.php\/wp-json\/wp\/v2\/users\/1"}],"replies":[{"embeddable":true,"href":"https:\/\/as-surques-escoeuilles.fr\/index.php\/wp-json\/wp\/v2\/comments?post=1733"}],"version-history":[{"count":0,"href":"https:\/\/as-surques-escoeuilles.fr\/index.php\/wp-json\/wp\/v2\/posts\/1733\/revisions"}],"wp:attachment":[{"href":"https:\/\/as-surques-escoeuilles.fr\/index.php\/wp-json\/wp\/v2\/media?parent=1733"}],"wp:term":[{"taxonomy":"category","embeddable":true,"href":"https:\/\/as-surques-escoeuilles.fr\/index.php\/wp-json\/wp\/v2\/categories?post=1733"},{"taxonomy":"post_tag","embeddable":true,"href":"https:\/\/as-surques-escoeuilles.fr\/index.php\/wp-json\/wp\/v2\/tags?post=1733"}],"curies":[{"name":"wp","href":"https:\/\/api.w.org\/{rel}","templated":true}]}}