{"id":1777,"date":"2018-09-14T17:42:20","date_gmt":"2018-09-14T15:42:20","guid":{"rendered":"http:\/\/as-surques-escoeuilles.fr\/?p=1777"},"modified":"2018-09-14T17:53:41","modified_gmt":"2018-09-14T15:53:41","slug":"detection-feminines","status":"publish","type":"post","link":"https:\/\/as-surques-escoeuilles.fr\/index.php\/2018\/09\/14\/detection-feminines\/","title":{"rendered":"D\u00e9tection f\u00e9minines"},"content":{"rendered":"\n<p>Nos f\u00e9minines entre U12 et U15 sont convi\u00e9es \u00e0 une 1\/2 journ\u00e9e de d\u00e9tection. Merci de nous pr\u00e9venir en cas d&rsquo;absence car celle-ci doit \u00eatre justifi\u00e9e aupr\u00e8s du District. Merci de pr\u00e9voir une tenue, de l&rsquo;eau, un coupe-vent et le n\u00e9cessaire pour se doucher. Plus d&rsquo;info aupr\u00e8s de vos \u00e9ducateurs.<\/p>\n\n\n\n<p>Sont concern\u00e9es :<\/p>\n\n\n\n<ul><li>Alexia (U15)<br \/><\/li><li>Lana (U12)<\/li><li>Manon (U12)<\/li><li>Emeline (U12)<\/li><li>Lily (U12)<\/li><li>Alice (U12)<\/li><li>Ivanka (U12)<\/li><li>Flavie (U12)<\/li><li>Chlo\u00e9 (U12)<p class=\"ox-b72a416330-MsoNormal\"><\/p><\/li><li><p class=\"ox-b72a416330-MsoNormal\"><b style=\"font-weight: 700;line-height: 19.6px\"><u style=\"line-height: 19.6px\"><span>Action<\/span><\/u><\/b><span>\u00a0:\u00a0\u00a0\u00a0\u00a0\u00a0\u00a0\u00a0\u00a0\u00a0\u00a0\u00a0\u00a0\u00a0\u00a0\u00a0\u00a0\u00a0\u00a0\u00a0\u00a0\u00a0 <b style=\"font-weight: 700;line-height: 19.6px\">D\u00e9tection U12 \u00e0 U15 F\u00e9minines<u style=\"line-height: 19.6px\"><\/u><u style=\"line-height: 19.6px\"><\/u><\/b><\/span><\/p><span> \n   <\/span><p class=\"ox-b72a416330-MsoNormal\"><b style=\"font-weight: 700;line-height: 19.6px\"><u style=\"line-height: 19.6px\"><span>Cat\u00e9gorie<\/span><\/u><\/b><b style=\"font-weight: 700;line-height: 19.6px\"><span> :\u00a0\u00a0\u00a0\u00a0\u00a0\u00a0\u00a0\u00a0\u00a0\u00a0\u00a0\u00a0\u00a0\u00a0\u00a0\u00a0 Joueuses n\u00e9es entre 2004 et 2007<\/span><\/b><span><u style=\"line-height: 19.6px\"><\/u><u style=\"line-height: 19.6px\"><\/u><\/span><\/p><span> \n   <\/span><p class=\"ox-b72a416330-MsoNormal\"><b style=\"font-weight: 700;line-height: 19.6px\"><u style=\"line-height: 19.6px\"><span>Lieu<\/span><\/u><\/b><span>\u00a0:\u00a0\u00a0\u00a0\u00a0\u00a0\u00a0\u00a0\u00a0\u00a0\u00a0\u00a0\u00a0\u00a0\u00a0\u00a0\u00a0\u00a0\u00a0\u00a0\u00a0\u00a0\u00a0\u00a0\u00a0\u00a0 <b style=\"font-weight: 700;line-height: 19.6px\">Stade Nabor \u2013 Impasse du Carqu\u00e9 \u00e0 Longfoss\u00e9\u00a0 <\/b><\/span><span><u style=\"line-height: 19.6px\"><\/u><u style=\"line-height: 19.6px\"><\/u><\/span><\/p><span> \n   <\/span><p class=\"ox-b72a416330-MsoNormal\"><b style=\"font-weight: 700;line-height: 19.6px\"><u style=\"line-height: 19.6px\"><span>Rendez-vous<\/span><\/u><\/b><span>\u00a0:\u00a0\u00a0\u00a0\u00a0\u00a0\u00a0\u00a0\u00a0\u00a0\u00a0 <b style=\"font-weight: 700;line-height: 19.6px\">Dimanche 30 septembre 2018 de 9h30 \u00e0 11h45<\/b><\/span><\/p><b><\/b><i><\/i><u><\/u><sub><\/sub><sup><\/sup><strike><\/strike><\/li><\/ul>\n\n\n\n<p><\/p>\n\n\n\n<p><\/p>\n\n\n\n<p><\/p>\n","protected":false},"excerpt":{"rendered":"<p>Nos f\u00e9minines entre U12 et U15 sont convi\u00e9es \u00e0 une 1\/2 journ\u00e9e de d\u00e9tection. Merci de nous pr\u00e9venir en cas<\/p>\n","protected":false},"author":1,"featured_media":0,"comment_status":"open","ping_status":"open","sticky":false,"template":"","format":"standard","meta":{"ngg_post_thumbnail":0,"jetpack_post_was_ever_published":false,"jetpack_publicize_message":"","jetpack_is_tweetstorm":false,"jetpack_publicize_feature_enabled":true,"jetpack_social_post_already_shared":true,"jetpack_social_options":{"image_generator_settings":{"template":"highway","enabled":false}}},"categories":[1],"tags":[],"jetpack_publicize_connections":[],"jetpack_featured_media_url":"","jetpack_sharing_enabled":true,"jetpack_shortlink":"https:\/\/wp.me\/p8dhOI-sF","jetpack-related-posts":[{"id":3114,"url":"https:\/\/as-surques-escoeuilles.fr\/index.php\/2019\/10\/26\/250eme-licencie\/","url_meta":{"origin":1777,"position":0},"title":"250\u00e8me licenci\u00e9","date":"26 octobre 2019","format":false,"excerpt":"Il y a un peu moins d'un an, l'ASSE f\u00eatait son 200\u00e8me licenci\u00e9 lors de son repas dansant. Cette ann\u00e9e c'est un nouveau cap de franchi, avec le 250\u00e8me licenci\u00e9 au club. Tout un symbole, c'est la petite Emy, qui vient de f\u00eater ses 5 ans, qui rejoint le club\u2026","rel":"","context":"Dans &quot;Communication club&quot;","img":{"alt_text":"","src":"https:\/\/i0.wp.com\/as-surques-escoeuilles.fr\/wp-content\/uploads\/2019\/10\/250.png?fit=680%2C329&ssl=1&resize=350%2C200","width":350,"height":200},"classes":[]},{"id":1772,"url":"https:\/\/as-surques-escoeuilles.fr\/index.php\/2018\/09\/14\/u11-u12-u13-feminines-les-infos\/","url_meta":{"origin":1777,"position":1},"title":"U11-U12-U13 f\u00e9minines : Les infos","date":"14 septembre 2018","format":false,"excerpt":"Nos f\u00e9minines U11 et U12 seront cette ann\u00e9e inscrites en foot f\u00e9minin cat\u00e9gorie U13. Elles b\u00e9n\u00e9ficieront d'un calendrier de manifestations, de matchs, de rassemblements et de d\u00e9couvertes bien charg\u00e9. Veuillez trouver ci-dessous un document explicatif de la saison ainsi que le planning des dates du 1er et 2\u00e8me semestre. Merci\u2026","rel":"","context":"Dans &quot;Non class\u00e9&quot;","img":{"alt_text":"","src":"https:\/\/i0.wp.com\/as-surques-escoeuilles.fr\/wp-content\/uploads\/2017\/12\/Foot-f\u00e9minin-02.png?resize=350%2C200","width":350,"height":200},"classes":[]},{"id":1956,"url":"https:\/\/as-surques-escoeuilles.fr\/index.php\/2018\/10\/20\/des-u11-a-la-fete\/","url_meta":{"origin":1777,"position":2},"title":"Des U11 \u00e0 la f\u00eate","date":"20 octobre 2018","format":false,"excerpt":"Ce samedi matin, nos U12 f\u00e9minines recevaient Boulogne et Hesdin dans le cadre des interclubs. L'occasion de rencontrer encore une fois de bien belles \u00e9quipes, et de participer \u00e0 des ateliers et d\u00e9fis mis en place par les \u00e9ducateurs Orange et Noirs. Dans l'apr\u00e8s -midi, les U11 gar\u00e7ons se rendaient\u2026","rel":"","context":"Dans &quot;Non class\u00e9&quot;","img":{"alt_text":"","src":"https:\/\/i0.wp.com\/as-surques-escoeuilles.fr\/wp-content\/uploads\/2018\/10\/44461452_2266824533345281_5183267305630466048_n.jpg?fit=720%2C960&ssl=1&resize=350%2C200","width":350,"height":200},"classes":[]},{"id":1810,"url":"https:\/\/as-surques-escoeuilles.fr\/index.php\/2018\/09\/22\/photo-jeunes\/","url_meta":{"origin":1777,"position":3},"title":"Photo Jeunes","date":"22 septembre 2018","format":false,"excerpt":"La traditionnelle s\u00e9ance photo des cat\u00e9gories jeunes en vue du calendrier 2019 aura lieu le mercredi 26 septembre \u00e0 partir de 14h au stade. Merci d'\u00e9quiper les enfants d'un bas noir (short ou pantalon) et de chaussettes noires si possible. Les maillots seront fournis par les \u00e9ducateurs. L'ordre de passage\u2026","rel":"","context":"Dans &quot;Non class\u00e9&quot;","img":{"alt_text":"","src":"https:\/\/i0.wp.com\/as-surques-escoeuilles.fr\/wp-content\/uploads\/2018\/09\/bien-tenir-appareil-photo-1024x682.jpg?fit=1024%2C643&ssl=1&resize=350%2C200","width":350,"height":200},"classes":[]},{"id":5127,"url":"https:\/\/as-surques-escoeuilles.fr\/index.php\/2021\/06\/06\/les-matches-du-week-end-05-06\/","url_meta":{"origin":1777,"position":4},"title":"Les matches du week-end (05\/06)","date":"6 juin 2021","format":false,"excerpt":"Beaucoup d'\u00e9quipes de jeunes sur le pont en ce week end ! Des U7 aux U17, chacun a pu retrouver les sensations des oppositions. L'occasion \u00e9galement pour les nouveaux \u00e9ducateurs de d\u00e9couvrir leur groupe. U12-Guines (3-6) U6\/U7 au plateau USBCO USP Saint Omer - U14F (2-2) Saint Quentin Mametz -\u2026","rel":"","context":"Dans &quot;Non class\u00e9&quot;","img":{"alt_text":"","src":"https:\/\/i0.wp.com\/as-surques-escoeuilles.fr\/wp-content\/uploads\/2021\/06\/received_5189131991411521105753128255165561-scaled.jpeg?resize=350%2C200&ssl=1","width":350,"height":200},"classes":[]},{"id":5468,"url":"https:\/\/as-surques-escoeuilles.fr\/index.php\/2021\/12\/10\/arbre-et-collecte-de-noel\/","url_meta":{"origin":1777,"position":5},"title":"Arbre et collecte de No\u00ebl","date":"10 d\u00e9cembre 2021","format":false,"excerpt":"Bonjour \u00e0 toutes et tous, en raison du contexte sanitaire, l'arbre de No\u00ebl voit son d\u00e9roulement se modifier. Il aura toujours lieu le mercredi 15 d\u00e9cembre mais au stade. Nous vous invitons \u00e0 venir retirer les cadeaux des enfants U5 \u00e0 U13 de 14h \u00e0 18h. Afin d'\u00e9viter un afflux\u2026","rel":"","context":"Dans &quot;Non class\u00e9&quot;","img":{"alt_text":"","src":"https:\/\/i0.wp.com\/as-surques-escoeuilles.fr\/wp-content\/uploads\/2018\/04\/Capture-1.png?fit=782%2C316&ssl=1&resize=350%2C200","width":350,"height":200},"classes":[]}],"_links":{"self":[{"href":"https:\/\/as-surques-escoeuilles.fr\/index.php\/wp-json\/wp\/v2\/posts\/1777"}],"collection":[{"href":"https:\/\/as-surques-escoeuilles.fr\/index.php\/wp-json\/wp\/v2\/posts"}],"about":[{"href":"https:\/\/as-surques-escoeuilles.fr\/index.php\/wp-json\/wp\/v2\/types\/post"}],"author":[{"embeddable":true,"href":"https:\/\/as-surques-escoeuilles.fr\/index.php\/wp-json\/wp\/v2\/users\/1"}],"replies":[{"embeddable":true,"href":"https:\/\/as-surques-escoeuilles.fr\/index.php\/wp-json\/wp\/v2\/comments?post=1777"}],"version-history":[{"count":0,"href":"https:\/\/as-surques-escoeuilles.fr\/index.php\/wp-json\/wp\/v2\/posts\/1777\/revisions"}],"wp:attachment":[{"href":"https:\/\/as-surques-escoeuilles.fr\/index.php\/wp-json\/wp\/v2\/media?parent=1777"}],"wp:term":[{"taxonomy":"category","embeddable":true,"href":"https:\/\/as-surques-escoeuilles.fr\/index.php\/wp-json\/wp\/v2\/categories?post=1777"},{"taxonomy":"post_tag","embeddable":true,"href":"https:\/\/as-surques-escoeuilles.fr\/index.php\/wp-json\/wp\/v2\/tags?post=1777"}],"curies":[{"name":"wp","href":"https:\/\/api.w.org\/{rel}","templated":true}]}}