{"id":1781,"date":"2018-09-16T20:40:36","date_gmt":"2018-09-16T18:40:36","guid":{"rendered":"http:\/\/as-surques-escoeuilles.fr\/?p=1781"},"modified":"2018-09-16T20:42:26","modified_gmt":"2018-09-16T18:42:26","slug":"rentree-u11-2","status":"publish","type":"post","link":"https:\/\/as-surques-escoeuilles.fr\/index.php\/2018\/09\/16\/rentree-u11-2\/","title":{"rendered":"Rentr\u00e9e U11"},"content":{"rendered":"\n<p>Les U11 se sont retrouv\u00e9s une premi\u00e8re fois en comp\u00e9tition lors de la rentr\u00e9e du foot du district. Avec plus de 30 joueurs cette ann\u00e9e, cette cat\u00e9gorie verra \u00e9voluer deux \u00e9quipes en championnat U11 et une \u00e9quipe en crit\u00e9rium f\u00e9minin.\u00a0<\/p>\n\n\n\n<p><\/p>\n\n\n\n<figure class=\"wp-block-image\"><img data-attachment-id=\"1782\" data-permalink=\"https:\/\/as-surques-escoeuilles.fr\/index.php\/2018\/09\/16\/rentree-u11-2\/received_340729106671904\/\" data-orig-file=\"https:\/\/i0.wp.com\/as-surques-escoeuilles.fr\/wp-content\/uploads\/2018\/09\/received_340729106671904.jpeg?fit=4032%2C2268&amp;ssl=1\" data-orig-size=\"4032,2268\" data-comments-opened=\"1\" data-image-meta=\"{&quot;aperture&quot;:&quot;0&quot;,&quot;credit&quot;:&quot;&quot;,&quot;camera&quot;:&quot;&quot;,&quot;caption&quot;:&quot;&quot;,&quot;created_timestamp&quot;:&quot;0&quot;,&quot;copyright&quot;:&quot;&quot;,&quot;focal_length&quot;:&quot;0&quot;,&quot;iso&quot;:&quot;0&quot;,&quot;shutter_speed&quot;:&quot;0&quot;,&quot;title&quot;:&quot;&quot;,&quot;orientation&quot;:&quot;0&quot;}\" data-image-title=\"received_340729106671904\" data-image-description=\"\" data-image-caption=\"\" data-medium-file=\"https:\/\/i0.wp.com\/as-surques-escoeuilles.fr\/wp-content\/uploads\/2018\/09\/received_340729106671904.jpeg?fit=300%2C169&amp;ssl=1\" data-large-file=\"https:\/\/i0.wp.com\/as-surques-escoeuilles.fr\/wp-content\/uploads\/2018\/09\/received_340729106671904.jpeg?fit=800%2C450&amp;ssl=1\" fetchpriority=\"high\" width=\"800\" height=\"450\" src=\"https:\/\/i0.wp.com\/as-surques-escoeuilles.fr\/wp-content\/uploads\/2018\/09\/received_340729106671904.jpeg?resize=800%2C450\" alt=\"\" class=\"wp-image-1782\" srcset=\"https:\/\/i0.wp.com\/as-surques-escoeuilles.fr\/wp-content\/uploads\/2018\/09\/received_340729106671904.jpeg?w=4032&amp;ssl=1 4032w, https:\/\/i0.wp.com\/as-surques-escoeuilles.fr\/wp-content\/uploads\/2018\/09\/received_340729106671904.jpeg?resize=300%2C169&amp;ssl=1 300w, https:\/\/i0.wp.com\/as-surques-escoeuilles.fr\/wp-content\/uploads\/2018\/09\/received_340729106671904.jpeg?resize=768%2C432&amp;ssl=1 768w, https:\/\/i0.wp.com\/as-surques-escoeuilles.fr\/wp-content\/uploads\/2018\/09\/received_340729106671904.jpeg?resize=1024%2C576&amp;ssl=1 1024w, https:\/\/i0.wp.com\/as-surques-escoeuilles.fr\/wp-content\/uploads\/2018\/09\/received_340729106671904.jpeg?w=1600&amp;ssl=1 1600w, https:\/\/i0.wp.com\/as-surques-escoeuilles.fr\/wp-content\/uploads\/2018\/09\/received_340729106671904.jpeg?w=2400&amp;ssl=1 2400w\" sizes=\"(max-width: 800px) 100vw, 800px\" data-recalc-dims=\"1\" \/><\/figure>\n\n\n\n<figure class=\"wp-block-image\"><img data-attachment-id=\"1783\" data-permalink=\"https:\/\/as-surques-escoeuilles.fr\/index.php\/2018\/09\/16\/rentree-u11-2\/received_2146130402302900\/\" data-orig-file=\"https:\/\/i0.wp.com\/as-surques-escoeuilles.fr\/wp-content\/uploads\/2018\/09\/received_2146130402302900.jpeg?fit=4032%2C2268&amp;ssl=1\" data-orig-size=\"4032,2268\" data-comments-opened=\"1\" data-image-meta=\"{&quot;aperture&quot;:&quot;0&quot;,&quot;credit&quot;:&quot;&quot;,&quot;camera&quot;:&quot;&quot;,&quot;caption&quot;:&quot;&quot;,&quot;created_timestamp&quot;:&quot;0&quot;,&quot;copyright&quot;:&quot;&quot;,&quot;focal_length&quot;:&quot;0&quot;,&quot;iso&quot;:&quot;0&quot;,&quot;shutter_speed&quot;:&quot;0&quot;,&quot;title&quot;:&quot;&quot;,&quot;orientation&quot;:&quot;0&quot;}\" data-image-title=\"received_2146130402302900\" data-image-description=\"\" data-image-caption=\"\" data-medium-file=\"https:\/\/i0.wp.com\/as-surques-escoeuilles.fr\/wp-content\/uploads\/2018\/09\/received_2146130402302900.jpeg?fit=300%2C169&amp;ssl=1\" data-large-file=\"https:\/\/i0.wp.com\/as-surques-escoeuilles.fr\/wp-content\/uploads\/2018\/09\/received_2146130402302900.jpeg?fit=800%2C450&amp;ssl=1\" width=\"800\" height=\"450\" src=\"https:\/\/i0.wp.com\/as-surques-escoeuilles.fr\/wp-content\/uploads\/2018\/09\/received_2146130402302900.jpeg?resize=800%2C450\" alt=\"\" class=\"wp-image-1783\" srcset=\"https:\/\/i0.wp.com\/as-surques-escoeuilles.fr\/wp-content\/uploads\/2018\/09\/received_2146130402302900.jpeg?w=4032&amp;ssl=1 4032w, https:\/\/i0.wp.com\/as-surques-escoeuilles.fr\/wp-content\/uploads\/2018\/09\/received_2146130402302900.jpeg?resize=300%2C169&amp;ssl=1 300w, https:\/\/i0.wp.com\/as-surques-escoeuilles.fr\/wp-content\/uploads\/2018\/09\/received_2146130402302900.jpeg?resize=768%2C432&amp;ssl=1 768w, https:\/\/i0.wp.com\/as-surques-escoeuilles.fr\/wp-content\/uploads\/2018\/09\/received_2146130402302900.jpeg?resize=1024%2C576&amp;ssl=1 1024w, https:\/\/i0.wp.com\/as-surques-escoeuilles.fr\/wp-content\/uploads\/2018\/09\/received_2146130402302900.jpeg?w=1600&amp;ssl=1 1600w, https:\/\/i0.wp.com\/as-surques-escoeuilles.fr\/wp-content\/uploads\/2018\/09\/received_2146130402302900.jpeg?w=2400&amp;ssl=1 2400w\" sizes=\"(max-width: 800px) 100vw, 800px\" data-recalc-dims=\"1\" \/><\/figure>\n","protected":false},"excerpt":{"rendered":"<p>Les U11 se sont retrouv\u00e9s une premi\u00e8re fois en comp\u00e9tition lors de la rentr\u00e9e du foot du district. Avec plus<\/p>\n","protected":false},"author":1,"featured_media":1783,"comment_status":"open","ping_status":"open","sticky":false,"template":"","format":"standard","meta":{"ngg_post_thumbnail":0,"jetpack_post_was_ever_published":false,"jetpack_publicize_message":"","jetpack_is_tweetstorm":false,"jetpack_publicize_feature_enabled":true,"jetpack_social_post_already_shared":true,"jetpack_social_options":{"image_generator_settings":{"template":"highway","enabled":false}}},"categories":[1],"tags":[],"jetpack_publicize_connections":[],"jetpack_featured_media_url":"https:\/\/i0.wp.com\/as-surques-escoeuilles.fr\/wp-content\/uploads\/2018\/09\/received_2146130402302900.jpeg?fit=4032%2C2268&ssl=1","jetpack_sharing_enabled":true,"jetpack_shortlink":"https:\/\/wp.me\/p8dhOI-sJ","jetpack-related-posts":[{"id":584,"url":"https:\/\/as-surques-escoeuilles.fr\/index.php\/2017\/09\/09\/rentree-u11\/","url_meta":{"origin":1781,"position":0},"title":"Rentr\u00e9e U11","date":"9 septembre 2017","format":false,"excerpt":"La rentr\u00e9e du Foot U11 aura lieu\u00a0Samedi 16 septembre 2017\u00a0\u00e0 Landrethun Le Nord pour les deux \u00e9quipes U11 de l'ASSE, de 13h30 \u00e0 17h00.","rel":"","context":"Dans &quot;Non class\u00e9&quot;","img":{"alt_text":"","src":"https:\/\/i0.wp.com\/as-surques-escoeuilles.fr\/wp-content\/uploads\/2017\/09\/Rentr\u00e9e-du-foot-U11-2017-611x378.jpg?fit=611%2C378&ssl=1&resize=350%2C200","width":350,"height":200},"classes":[]},{"id":609,"url":"https:\/\/as-surques-escoeuilles.fr\/index.php\/2017\/09\/16\/rentree-du-foot-u11-annulee\/","url_meta":{"origin":1781,"position":1},"title":"Rentr\u00e9e du foot U11 annul\u00e9e !","date":"16 septembre 2017","format":false,"excerpt":"AUCUNE REMISE SAUF\u2026 Le District C\u00f4te d\u2019Opale a pris la d\u00e9cision de maintenir tous les matchs organis\u00e9s par celui-ci les 16 et 17 septembre 2017 sauf les Arr\u00eat\u00e9s Municipaux ci-dessous. Attention\u00a0RENTREE DU FOOT U11 : Annulation du site de Landrethun le Nord en raison d\u2019un arr\u00eat\u00e9 Municipal (le rassemblement ne\u2026","rel":"","context":"Dans &quot;Non class\u00e9&quot;","img":{"alt_text":"","src":"https:\/\/i0.wp.com\/as-surques-escoeuilles.fr\/wp-content\/uploads\/2017\/01\/annul\u00e9.png?fit=453%2C344&ssl=1&resize=350%2C200","width":350,"height":200},"classes":[]},{"id":3819,"url":"https:\/\/as-surques-escoeuilles.fr\/index.php\/2020\/01\/12\/nos-u11-au-tournoi-pef\/","url_meta":{"origin":1781,"position":2},"title":"Nos u11 au tournoi PEF","date":"12 janvier 2020","format":false,"excerpt":"Une partie de nos U11 ont particip\u00e9 au tournoi Programm\u00e9 Educatif F\u00e9d\u00e9ral du district avec Marie-Laure et Florian \u00e0 l'issue duquel ils terminent 11eme sur 18. Ils ont ainsi pu remettre vos dons lors de la collecte Restos du c\u0153ur effectu\u00e9 le 18 d\u00e9cembre. Cette journ\u00e9e a \u00e9t\u00e9 l'occasion pour\u2026","rel":"","context":"Dans &quot;Programme Educatif F\u00e9d\u00e9ral&quot;","img":{"alt_text":"","src":"https:\/\/i0.wp.com\/as-surques-escoeuilles.fr\/wp-content\/uploads\/2020\/01\/received_534352340507081680654792372807762.jpeg?fit=941%2C531&ssl=1&resize=350%2C200","width":350,"height":200},"classes":[]},{"id":4078,"url":"https:\/\/as-surques-escoeuilles.fr\/index.php\/2020\/02\/28\/tournoi-en-salle-pour-les-u11\/","url_meta":{"origin":1781,"position":3},"title":"Tournoi en salle pour les U11","date":"28 f\u00e9vrier 2020","format":false,"excerpt":"Ce mercredi 26 f\u00e9vrier, une \u00e9quipe u11 est all\u00e9e passer la journ\u00e9e en tournoi en salle \u00e0 Desvres. L'occasion pour les enfants de parfaire leur technique sur cette surface dont ils sont encore que trop peu habitu\u00e9s ! Merci aux parents accompagnateurs et bravo aux enfants !","rel":"","context":"Dans &quot;U11&quot;","img":{"alt_text":"","src":"https:\/\/i0.wp.com\/as-surques-escoeuilles.fr\/wp-content\/uploads\/2020\/02\/IMG_7380.jpg?fit=1080%2C810&ssl=1&resize=350%2C200","width":350,"height":200},"classes":[]},{"id":2636,"url":"https:\/\/as-surques-escoeuilles.fr\/index.php\/2019\/05\/30\/u11-tournoi-a-lumbres\/","url_meta":{"origin":1781,"position":4},"title":"U11 : tournoi \u00e0 lumbres","date":"30 mai 2019","format":false,"excerpt":"Nos U11 ont particip\u00e9 au traditionnel tournoi de Lumbres ce jeudi de l'ascension. Apr\u00e8s 2 matchs nuls et une d\u00e9faite au matin dans une poule tr\u00e8s homog\u00e8ne, nos U11 ont donc particip\u00e9 \u00e0 la poule \"Championnat d'Europe\" lors de l'apr\u00e8s-midi. Avec \u00e9nergie offensive, solidit\u00e9 d\u00e9fensive et une belle solidarit\u00e9 et\u2026","rel":"","context":"Dans &quot;U11&quot;","img":{"alt_text":"","src":"https:\/\/i0.wp.com\/as-surques-escoeuilles.fr\/wp-content\/uploads\/2019\/05\/received_679580369131813.jpeg?fit=1200%2C900&ssl=1&resize=350%2C200","width":350,"height":200},"classes":[]},{"id":769,"url":"https:\/\/as-surques-escoeuilles.fr\/index.php\/2017\/12\/19\/les-filles-a-lhonneur\/","url_meta":{"origin":1781,"position":5},"title":"Les filles \u00e0 l&rsquo;honneur !","date":"19 d\u00e9cembre 2017","format":false,"excerpt":"Retrouvez un article complet concernant la premi\u00e8re journ\u00e9e du crit\u00e9rium f\u00e9minin U11 sur le site du district : https:\/\/cotedopale.fff.fr\/simple\/criterium-feminin-u11-a-licques\/ Le site du club a \u00e9galement \u00e9t\u00e9 mis \u00e0 jour avec une rubrique U11 f\u00e9minin pour retrouver les r\u00e9sultats de notre \u00e9quipe ! \u00a0","rel":"","context":"Dans &quot;Non class\u00e9&quot;","img":{"alt_text":"","src":"https:\/\/i0.wp.com\/as-surques-escoeuilles.fr\/wp-content\/uploads\/2017\/12\/IMG_20171216_141945.jpg?fit=1200%2C900&ssl=1&resize=350%2C200","width":350,"height":200},"classes":[]}],"_links":{"self":[{"href":"https:\/\/as-surques-escoeuilles.fr\/index.php\/wp-json\/wp\/v2\/posts\/1781"}],"collection":[{"href":"https:\/\/as-surques-escoeuilles.fr\/index.php\/wp-json\/wp\/v2\/posts"}],"about":[{"href":"https:\/\/as-surques-escoeuilles.fr\/index.php\/wp-json\/wp\/v2\/types\/post"}],"author":[{"embeddable":true,"href":"https:\/\/as-surques-escoeuilles.fr\/index.php\/wp-json\/wp\/v2\/users\/1"}],"replies":[{"embeddable":true,"href":"https:\/\/as-surques-escoeuilles.fr\/index.php\/wp-json\/wp\/v2\/comments?post=1781"}],"version-history":[{"count":0,"href":"https:\/\/as-surques-escoeuilles.fr\/index.php\/wp-json\/wp\/v2\/posts\/1781\/revisions"}],"wp:featuredmedia":[{"embeddable":true,"href":"https:\/\/as-surques-escoeuilles.fr\/index.php\/wp-json\/wp\/v2\/media\/1783"}],"wp:attachment":[{"href":"https:\/\/as-surques-escoeuilles.fr\/index.php\/wp-json\/wp\/v2\/media?parent=1781"}],"wp:term":[{"taxonomy":"category","embeddable":true,"href":"https:\/\/as-surques-escoeuilles.fr\/index.php\/wp-json\/wp\/v2\/categories?post=1781"},{"taxonomy":"post_tag","embeddable":true,"href":"https:\/\/as-surques-escoeuilles.fr\/index.php\/wp-json\/wp\/v2\/tags?post=1781"}],"curies":[{"name":"wp","href":"https:\/\/api.w.org\/{rel}","templated":true}]}}