{"id":1802,"date":"2018-09-22T16:58:51","date_gmt":"2018-09-22T14:58:51","guid":{"rendered":"http:\/\/as-surques-escoeuilles.fr\/?p=1802"},"modified":"2018-09-22T17:11:37","modified_gmt":"2018-09-22T15:11:37","slug":"calendrier-u11","status":"publish","type":"post","link":"https:\/\/as-surques-escoeuilles.fr\/index.php\/2018\/09\/22\/calendrier-u11\/","title":{"rendered":"Calendrier U11"},"content":{"rendered":"\n<p>Veuillez trouver ci-joint le calendrier U11 pour ce d\u00e9but de saison (sous r\u00e9serve de modification du district ou de match remis). A ce calendrier s&rsquo;ajoutera celui des f\u00e9minines. Prenez note.<\/p>\n\n\n\n<figure class=\"wp-block-image\"><img data-attachment-id=\"1803\" data-permalink=\"https:\/\/as-surques-escoeuilles.fr\/index.php\/2018\/09\/22\/calendrier-u11\/u11-asse1\/\" data-orig-file=\"https:\/\/i0.wp.com\/as-surques-escoeuilles.fr\/wp-content\/uploads\/2018\/09\/U11-ASSE1.png?fit=621%2C670&amp;ssl=1\" data-orig-size=\"621,670\" data-comments-opened=\"1\" data-image-meta=\"{&quot;aperture&quot;:&quot;0&quot;,&quot;credit&quot;:&quot;&quot;,&quot;camera&quot;:&quot;&quot;,&quot;caption&quot;:&quot;&quot;,&quot;created_timestamp&quot;:&quot;0&quot;,&quot;copyright&quot;:&quot;&quot;,&quot;focal_length&quot;:&quot;0&quot;,&quot;iso&quot;:&quot;0&quot;,&quot;shutter_speed&quot;:&quot;0&quot;,&quot;title&quot;:&quot;&quot;,&quot;orientation&quot;:&quot;0&quot;}\" data-image-title=\"U11-ASSE1\" data-image-description=\"\" data-image-caption=\"\" data-medium-file=\"https:\/\/i0.wp.com\/as-surques-escoeuilles.fr\/wp-content\/uploads\/2018\/09\/U11-ASSE1.png?fit=278%2C300&amp;ssl=1\" data-large-file=\"https:\/\/i0.wp.com\/as-surques-escoeuilles.fr\/wp-content\/uploads\/2018\/09\/U11-ASSE1.png?fit=621%2C670&amp;ssl=1\" fetchpriority=\"high\" width=\"621\" height=\"670\" src=\"https:\/\/i0.wp.com\/as-surques-escoeuilles.fr\/wp-content\/uploads\/2018\/09\/U11-ASSE1.png?resize=621%2C670\" alt=\"\" class=\"wp-image-1803\" srcset=\"https:\/\/i0.wp.com\/as-surques-escoeuilles.fr\/wp-content\/uploads\/2018\/09\/U11-ASSE1.png?w=621&amp;ssl=1 621w, https:\/\/i0.wp.com\/as-surques-escoeuilles.fr\/wp-content\/uploads\/2018\/09\/U11-ASSE1.png?resize=278%2C300&amp;ssl=1 278w\" sizes=\"(max-width: 621px) 100vw, 621px\" data-recalc-dims=\"1\" \/><\/figure>\n\n\n\n<p>_ _ _ _ _ _ _ _ _ _ _ _ _ _ _ _ _ _ _ _ _ _ _ _ _ _ _ _ _ _ _ _ _ _ _ _ _ _ _ _ _ _ _ _ _ _ _ _ _ _<\/p>\n\n\n\n<figure class=\"wp-block-image\"><img data-attachment-id=\"1804\" data-permalink=\"https:\/\/as-surques-escoeuilles.fr\/index.php\/2018\/09\/22\/calendrier-u11\/u11-asse2\/\" data-orig-file=\"https:\/\/i0.wp.com\/as-surques-escoeuilles.fr\/wp-content\/uploads\/2018\/09\/U11-ASSE2.png?fit=626%2C659&amp;ssl=1\" data-orig-size=\"626,659\" data-comments-opened=\"1\" data-image-meta=\"{&quot;aperture&quot;:&quot;0&quot;,&quot;credit&quot;:&quot;&quot;,&quot;camera&quot;:&quot;&quot;,&quot;caption&quot;:&quot;&quot;,&quot;created_timestamp&quot;:&quot;0&quot;,&quot;copyright&quot;:&quot;&quot;,&quot;focal_length&quot;:&quot;0&quot;,&quot;iso&quot;:&quot;0&quot;,&quot;shutter_speed&quot;:&quot;0&quot;,&quot;title&quot;:&quot;&quot;,&quot;orientation&quot;:&quot;0&quot;}\" data-image-title=\"U11-ASSE2\" data-image-description=\"\" data-image-caption=\"\" data-medium-file=\"https:\/\/i0.wp.com\/as-surques-escoeuilles.fr\/wp-content\/uploads\/2018\/09\/U11-ASSE2.png?fit=285%2C300&amp;ssl=1\" data-large-file=\"https:\/\/i0.wp.com\/as-surques-escoeuilles.fr\/wp-content\/uploads\/2018\/09\/U11-ASSE2.png?fit=626%2C659&amp;ssl=1\" width=\"626\" height=\"659\" src=\"https:\/\/i0.wp.com\/as-surques-escoeuilles.fr\/wp-content\/uploads\/2018\/09\/U11-ASSE2.png?resize=626%2C659\" alt=\"\" class=\"wp-image-1804\" srcset=\"https:\/\/i0.wp.com\/as-surques-escoeuilles.fr\/wp-content\/uploads\/2018\/09\/U11-ASSE2.png?w=626&amp;ssl=1 626w, https:\/\/i0.wp.com\/as-surques-escoeuilles.fr\/wp-content\/uploads\/2018\/09\/U11-ASSE2.png?resize=285%2C300&amp;ssl=1 285w\" sizes=\"(max-width: 626px) 100vw, 626px\" data-recalc-dims=\"1\" \/><\/figure>\n","protected":false},"excerpt":{"rendered":"<p>Veuillez trouver ci-joint le calendrier U11 pour ce d\u00e9but de saison (sous r\u00e9serve de modification du district ou de match<\/p>\n","protected":false},"author":1,"featured_media":0,"comment_status":"open","ping_status":"open","sticky":false,"template":"","format":"standard","meta":{"ngg_post_thumbnail":0,"jetpack_post_was_ever_published":false,"jetpack_publicize_message":"","jetpack_is_tweetstorm":false,"jetpack_publicize_feature_enabled":true,"jetpack_social_post_already_shared":true,"jetpack_social_options":{"image_generator_settings":{"template":"highway","enabled":false}}},"categories":[1],"tags":[],"jetpack_publicize_connections":[],"jetpack_featured_media_url":"","jetpack_sharing_enabled":true,"jetpack_shortlink":"https:\/\/wp.me\/p8dhOI-t4","jetpack-related-posts":[{"id":1772,"url":"https:\/\/as-surques-escoeuilles.fr\/index.php\/2018\/09\/14\/u11-u12-u13-feminines-les-infos\/","url_meta":{"origin":1802,"position":0},"title":"U11-U12-U13 f\u00e9minines : Les infos","date":"14 septembre 2018","format":false,"excerpt":"Nos f\u00e9minines U11 et U12 seront cette ann\u00e9e inscrites en foot f\u00e9minin cat\u00e9gorie U13. Elles b\u00e9n\u00e9ficieront d'un calendrier de manifestations, de matchs, de rassemblements et de d\u00e9couvertes bien charg\u00e9. Veuillez trouver ci-dessous un document explicatif de la saison ainsi que le planning des dates du 1er et 2\u00e8me semestre. Merci\u2026","rel":"","context":"Dans &quot;Non class\u00e9&quot;","img":{"alt_text":"","src":"https:\/\/i0.wp.com\/as-surques-escoeuilles.fr\/wp-content\/uploads\/2017\/12\/Foot-f\u00e9minin-02.png?resize=350%2C200","width":350,"height":200},"classes":[]},{"id":3298,"url":"https:\/\/as-surques-escoeuilles.fr\/index.php\/2019\/12\/07\/bilan-du-samedi-7-decembre\/","url_meta":{"origin":1802,"position":1},"title":"Bilan du samedi 7 d\u00e9cembre","date":"7 d\u00e9cembre 2019","format":false,"excerpt":"Quelques matches de jeunes ce jour pour boucler le calendrier, les seniors \u00e9tant de leur c\u00f4t\u00e9 au repos pour remise partielle. Mametz - U13 : 3-1. D\u00e9faite encourageante pour nos u13 amput\u00e9s de beaucoup de joueurs bless\u00e9s ou devant renforc\u00e9s l'\u00e9quipe u15.Quiestede -U11 : 8-1(Schuppe X2, Baheux 2, Garenaux X4).\u2026","rel":"","context":"Dans &quot;U11&quot;","img":{"alt_text":"","src":"https:\/\/i0.wp.com\/as-surques-escoeuilles.fr\/wp-content\/uploads\/2019\/12\/IMG_20191207_164118.jpg?fit=1080%2C810&ssl=1&resize=350%2C200","width":350,"height":200},"classes":[]},{"id":1810,"url":"https:\/\/as-surques-escoeuilles.fr\/index.php\/2018\/09\/22\/photo-jeunes\/","url_meta":{"origin":1802,"position":2},"title":"Photo Jeunes","date":"22 septembre 2018","format":false,"excerpt":"La traditionnelle s\u00e9ance photo des cat\u00e9gories jeunes en vue du calendrier 2019 aura lieu le mercredi 26 septembre \u00e0 partir de 14h au stade. Merci d'\u00e9quiper les enfants d'un bas noir (short ou pantalon) et de chaussettes noires si possible. Les maillots seront fournis par les \u00e9ducateurs. L'ordre de passage\u2026","rel":"","context":"Dans &quot;Non class\u00e9&quot;","img":{"alt_text":"","src":"https:\/\/i0.wp.com\/as-surques-escoeuilles.fr\/wp-content\/uploads\/2018\/09\/bien-tenir-appareil-photo-1024x682.jpg?fit=1024%2C643&ssl=1&resize=350%2C200","width":350,"height":200},"classes":[]},{"id":5166,"url":"https:\/\/as-surques-escoeuilles.fr\/index.php\/2021\/06\/22\/tournoi-georges-louvet-u11-samedi-26-juin\/","url_meta":{"origin":1802,"position":3},"title":"Tournoi Georges Louvet U11 &#8211; samedi 26 juin","date":"22 juin 2021","format":false,"excerpt":"Ce samedi aura lieu le tournoi Georges Louvet U11 :","rel":"","context":"Dans &quot;Communication club&quot;","img":{"alt_text":"","src":"https:\/\/i0.wp.com\/as-surques-escoeuilles.fr\/wp-content\/uploads\/2021\/06\/img_20210622_1744474201942292548129535.jpg?resize=350%2C200&ssl=1","width":350,"height":200},"classes":[]},{"id":605,"url":"https:\/\/as-surques-escoeuilles.fr\/index.php\/2017\/09\/13\/photos-pour-calendrier-le-mercredi-2009\/","url_meta":{"origin":1802,"position":4},"title":"Photos pour calendrier le mercredi 20\/09","date":"13 septembre 2017","format":false,"excerpt":"Chers parents, Les photos d'\u00e9quipes et individuelles seront r\u00e9alis\u00e9es le mercredi 20 septembre pendant les s\u00e9ances d'entra\u00eenement respectives. Soyez nombreux... et bien coiff\u00e9s !","rel":"","context":"Dans &quot;Non class\u00e9&quot;","img":{"alt_text":"","src":"https:\/\/i0.wp.com\/as-surques-escoeuilles.fr\/wp-content\/uploads\/2017\/09\/photo2.jpg?fit=267%2C245&ssl=1&resize=350%2C200","width":350,"height":200},"classes":[]},{"id":4078,"url":"https:\/\/as-surques-escoeuilles.fr\/index.php\/2020\/02\/28\/tournoi-en-salle-pour-les-u11\/","url_meta":{"origin":1802,"position":5},"title":"Tournoi en salle pour les U11","date":"28 f\u00e9vrier 2020","format":false,"excerpt":"Ce mercredi 26 f\u00e9vrier, une \u00e9quipe u11 est all\u00e9e passer la journ\u00e9e en tournoi en salle \u00e0 Desvres. L'occasion pour les enfants de parfaire leur technique sur cette surface dont ils sont encore que trop peu habitu\u00e9s ! Merci aux parents accompagnateurs et bravo aux enfants !","rel":"","context":"Dans &quot;U11&quot;","img":{"alt_text":"","src":"https:\/\/i0.wp.com\/as-surques-escoeuilles.fr\/wp-content\/uploads\/2020\/02\/IMG_7380.jpg?fit=1080%2C810&ssl=1&resize=350%2C200","width":350,"height":200},"classes":[]}],"_links":{"self":[{"href":"https:\/\/as-surques-escoeuilles.fr\/index.php\/wp-json\/wp\/v2\/posts\/1802"}],"collection":[{"href":"https:\/\/as-surques-escoeuilles.fr\/index.php\/wp-json\/wp\/v2\/posts"}],"about":[{"href":"https:\/\/as-surques-escoeuilles.fr\/index.php\/wp-json\/wp\/v2\/types\/post"}],"author":[{"embeddable":true,"href":"https:\/\/as-surques-escoeuilles.fr\/index.php\/wp-json\/wp\/v2\/users\/1"}],"replies":[{"embeddable":true,"href":"https:\/\/as-surques-escoeuilles.fr\/index.php\/wp-json\/wp\/v2\/comments?post=1802"}],"version-history":[{"count":0,"href":"https:\/\/as-surques-escoeuilles.fr\/index.php\/wp-json\/wp\/v2\/posts\/1802\/revisions"}],"wp:attachment":[{"href":"https:\/\/as-surques-escoeuilles.fr\/index.php\/wp-json\/wp\/v2\/media?parent=1802"}],"wp:term":[{"taxonomy":"category","embeddable":true,"href":"https:\/\/as-surques-escoeuilles.fr\/index.php\/wp-json\/wp\/v2\/categories?post=1802"},{"taxonomy":"post_tag","embeddable":true,"href":"https:\/\/as-surques-escoeuilles.fr\/index.php\/wp-json\/wp\/v2\/tags?post=1802"}],"curies":[{"name":"wp","href":"https:\/\/api.w.org\/{rel}","templated":true}]}}