{"id":1810,"date":"2018-09-22T20:18:23","date_gmt":"2018-09-22T18:18:23","guid":{"rendered":"http:\/\/as-surques-escoeuilles.fr\/?p=1810"},"modified":"2018-09-23T16:54:17","modified_gmt":"2018-09-23T14:54:17","slug":"photo-jeunes","status":"publish","type":"post","link":"https:\/\/as-surques-escoeuilles.fr\/index.php\/2018\/09\/22\/photo-jeunes\/","title":{"rendered":"Photo Jeunes"},"content":{"rendered":"\n<p>La traditionnelle s\u00e9ance photo des cat\u00e9gories jeunes en vue du calendrier 2019 aura lieu le mercredi 26 septembre \u00e0 partir de 14h au stade. <\/p>\n\n\n\n<p>Merci d&rsquo;\u00e9quiper les enfants d&rsquo;un bas noir (short ou pantalon) et de chaussettes noires si possible. Les maillots seront fournis par les \u00e9ducateurs.<\/p>\n\n\n\n<p>L&rsquo;ordre de passage sera grossi\u00e8rement :<\/p>\n\n\n\n<ul><li>de 14h \u00e0 15h : les mini-foot et u6 u7<br\/><\/li><li>de 15h\u00e0 15h45 : les u11 et u12 f\u00e9minines<br\/><\/li><li>de 15h45 \u00e0 16h15 : les u13<br\/><\/li><\/ul>\n","protected":false},"excerpt":{"rendered":"<p>La traditionnelle s\u00e9ance photo des cat\u00e9gories jeunes en vue du calendrier 2019 aura lieu le mercredi 26 septembre \u00e0 partir<\/p>\n","protected":false},"author":1,"featured_media":1811,"comment_status":"open","ping_status":"open","sticky":false,"template":"","format":"standard","meta":{"ngg_post_thumbnail":0,"jetpack_post_was_ever_published":false,"jetpack_publicize_message":"","jetpack_is_tweetstorm":false,"jetpack_publicize_feature_enabled":true,"jetpack_social_post_already_shared":true,"jetpack_social_options":{"image_generator_settings":{"template":"highway","enabled":false}}},"categories":[1],"tags":[],"jetpack_publicize_connections":[],"jetpack_featured_media_url":"https:\/\/i0.wp.com\/as-surques-escoeuilles.fr\/wp-content\/uploads\/2018\/09\/bien-tenir-appareil-photo-1024x682.jpg?fit=1024%2C643&ssl=1","jetpack_sharing_enabled":true,"jetpack_shortlink":"https:\/\/wp.me\/p8dhOI-tc","jetpack-related-posts":[{"id":5466,"url":"https:\/\/as-surques-escoeuilles.fr\/index.php\/2021\/12\/10\/fin-dannee-suspension-des-activites\/","url_meta":{"origin":1810,"position":0},"title":"Fin d&rsquo;ann\u00e9e : suspension des activit\u00e9s","date":"10 d\u00e9cembre 2021","format":false,"excerpt":"Afin d'\u00eatre en accord avec la d\u00e9cision du district, les membres du conseil d'administration r\u00e9unis le jeudi 9 d\u00e9cembre ont d\u00e9cid\u00e9 de suspendre \u00e9galement toute activit\u00e9 sportive jusqu'au 3 janvier pour l'ensemble des cat\u00e9gories, afin de limiter les risques de propagation et de permettre \u00e0 tous de passer des f\u00eates\u2026","rel":"","context":"Dans &quot;Non class\u00e9&quot;","img":{"alt_text":"","src":"","width":0,"height":0},"classes":[]},{"id":5919,"url":"https:\/\/as-surques-escoeuilles.fr\/index.php\/2023\/08\/27\/programme-de-la-semaine\/","url_meta":{"origin":1810,"position":1},"title":"&#x1f9e1;&#x1f5a4; PROGRAMME DE LA SEMAINE &#x1f9e1;&#x1f5a4;","date":"27 ao\u00fbt 2023","format":false,"excerpt":"RENTR\u00c9E DU FOOT MERCREDI 30 AO\u00dbT Baby foot n\u00e9s en 2018 et apr\u00e8s de 14h30 \u00e0 15h45 U7\/U8\/U9 n\u00e9s de 2015 \u00e0 2017 de 14h30 \u00e0 16h00 Pour les autres cat\u00e9gories : U11: Mardi et Jeudi de 14h30 \u00e0 16h00 U13 : Lundi et Jeudi de 17h00 \u00e0 18h30 U15\u2026","rel":"","context":"Dans &quot;Non class\u00e9&quot;","img":{"alt_text":"","src":"https:\/\/i0.wp.com\/as-surques-escoeuilles.fr\/wp-content\/uploads\/2023\/08\/RUNNING-2.png?resize=350%2C200&ssl=1","width":350,"height":200},"classes":[]},{"id":5698,"url":"https:\/\/as-surques-escoeuilles.fr\/index.php\/2022\/05\/06\/asse-vainqueur-du-premier-concours-pef-district-cote-dopale-visite-de-clairefonfaine\/","url_meta":{"origin":1810,"position":2},"title":"Asse vainqueur du premier concours Pef district C\u00f4te d&rsquo;Opale : visite de Clairefonfaine","date":"6 mai 2022","format":false,"excerpt":"Dimanche 1er\u00a0mai dernier, le District C\u00f4te d\u2019Opale \u00e9tait heureux d\u2019emmener \u00e0 CLAIREFONTAINE son 1er\u00a0laur\u00e9at du CONCOURS PEF organis\u00e9 pour la saison 2021\/2022. Ce sont donc 21 jeunes U12-U13 gar\u00e7ons et filles du club de l\u2019AS SURQUES ESCOEUILLES, accompagn\u00e9s d\u2019une quinzaine d\u2019\u00e9ducatrices, \u00e9ducateurs, et de leur Pr\u00e9sident, qui ont pu d\u00e9couvrir\u2026","rel":"","context":"Dans &quot;Communication club&quot;","img":{"alt_text":"","src":"https:\/\/i0.wp.com\/as-surques-escoeuilles.fr\/wp-content\/uploads\/2022\/05\/received_515631046876030-1.jpeg?fit=1200%2C625&ssl=1&resize=350%2C200","width":350,"height":200},"classes":[]},{"id":5468,"url":"https:\/\/as-surques-escoeuilles.fr\/index.php\/2021\/12\/10\/arbre-et-collecte-de-noel\/","url_meta":{"origin":1810,"position":3},"title":"Arbre et collecte de No\u00ebl","date":"10 d\u00e9cembre 2021","format":false,"excerpt":"Bonjour \u00e0 toutes et tous, en raison du contexte sanitaire, l'arbre de No\u00ebl voit son d\u00e9roulement se modifier. Il aura toujours lieu le mercredi 15 d\u00e9cembre mais au stade. Nous vous invitons \u00e0 venir retirer les cadeaux des enfants U5 \u00e0 U13 de 14h \u00e0 18h. Afin d'\u00e9viter un afflux\u2026","rel":"","context":"Dans &quot;Non class\u00e9&quot;","img":{"alt_text":"","src":"https:\/\/i0.wp.com\/as-surques-escoeuilles.fr\/wp-content\/uploads\/2018\/04\/Capture-1.png?fit=782%2C316&ssl=1&resize=350%2C200","width":350,"height":200},"classes":[]},{"id":4841,"url":"https:\/\/as-surques-escoeuilles.fr\/index.php\/2020\/11\/28\/reprise-des-mineurs\/","url_meta":{"origin":1810,"position":4},"title":"Reprise des mineurs","date":"28 novembre 2020","format":false,"excerpt":"Suite \u00e0 l'annonce des mesures du gouvernement le 26 novembre et \u00e0 la pr\u00e9cision du Minist\u00e8re des Sports en date du 27 novembre, des s\u00e9ances de reprise d'activit\u00e9 adapt\u00e9es au protocole sanitaire auront donc lieu \u00e0 partir du 28 novembre. La salle n'\u00e9tant pas utilisable, tout aura lieu en ext\u00e9rieur.\u2026","rel":"","context":"Dans &quot;Communication club&quot;","img":{"alt_text":"","src":"https:\/\/i0.wp.com\/as-surques-escoeuilles.fr\/wp-content\/uploads\/2020\/11\/reprise.jpeg?fit=1200%2C630&ssl=1&resize=350%2C200","width":350,"height":200},"classes":[]},{"id":506,"url":"https:\/\/as-surques-escoeuilles.fr\/index.php\/2017\/08\/03\/reprise-u15\/","url_meta":{"origin":1810,"position":5},"title":"Reprise entra\u00eenements","date":"3 ao\u00fbt 2017","format":false,"excerpt":"Les dates de reprise d'entra\u00eenement sont affich\u00e9es au fur et \u00e0 mesure. Pensez \u00e9galement \u00e0 vos licences ! Mini-foot : reprise le mercredi 6 septembre de 14h \u00e0 15h15. Accueil d\u00e8s 13h45. U6\/U7 : reprise le mercredi 6 septembre de 14h \u00e0 15h15. Accueil d\u00e8s 13h45. U8\/U9 : reprise le\u2026","rel":"","context":"Dans &quot;Non class\u00e9&quot;","img":{"alt_text":"","src":"https:\/\/i0.wp.com\/as-surques-escoeuilles.fr\/wp-content\/uploads\/2017\/07\/ILLUSTRATION_ENTRAINEMENT_160609__lr5bwc.jpg?fit=664%2C376&ssl=1&resize=350%2C200","width":350,"height":200},"classes":[]}],"_links":{"self":[{"href":"https:\/\/as-surques-escoeuilles.fr\/index.php\/wp-json\/wp\/v2\/posts\/1810"}],"collection":[{"href":"https:\/\/as-surques-escoeuilles.fr\/index.php\/wp-json\/wp\/v2\/posts"}],"about":[{"href":"https:\/\/as-surques-escoeuilles.fr\/index.php\/wp-json\/wp\/v2\/types\/post"}],"author":[{"embeddable":true,"href":"https:\/\/as-surques-escoeuilles.fr\/index.php\/wp-json\/wp\/v2\/users\/1"}],"replies":[{"embeddable":true,"href":"https:\/\/as-surques-escoeuilles.fr\/index.php\/wp-json\/wp\/v2\/comments?post=1810"}],"version-history":[{"count":0,"href":"https:\/\/as-surques-escoeuilles.fr\/index.php\/wp-json\/wp\/v2\/posts\/1810\/revisions"}],"wp:featuredmedia":[{"embeddable":true,"href":"https:\/\/as-surques-escoeuilles.fr\/index.php\/wp-json\/wp\/v2\/media\/1811"}],"wp:attachment":[{"href":"https:\/\/as-surques-escoeuilles.fr\/index.php\/wp-json\/wp\/v2\/media?parent=1810"}],"wp:term":[{"taxonomy":"category","embeddable":true,"href":"https:\/\/as-surques-escoeuilles.fr\/index.php\/wp-json\/wp\/v2\/categories?post=1810"},{"taxonomy":"post_tag","embeddable":true,"href":"https:\/\/as-surques-escoeuilles.fr\/index.php\/wp-json\/wp\/v2\/tags?post=1810"}],"curies":[{"name":"wp","href":"https:\/\/api.w.org\/{rel}","templated":true}]}}