{"id":1834,"date":"2018-09-28T12:01:15","date_gmt":"2018-09-28T10:01:15","guid":{"rendered":"http:\/\/as-surques-escoeuilles.fr\/?p=1834"},"modified":"2018-09-28T12:01:23","modified_gmt":"2018-09-28T10:01:23","slug":"opale-cup-sur-nos-installations","status":"publish","type":"post","link":"https:\/\/as-surques-escoeuilles.fr\/index.php\/2018\/09\/28\/opale-cup-sur-nos-installations\/","title":{"rendered":"Opale Cup sur nos installations !"},"content":{"rendered":"\n<figure class=\"wp-block-image\"><img data-attachment-id=\"1835\" data-permalink=\"https:\/\/as-surques-escoeuilles.fr\/index.php\/2018\/09\/28\/opale-cup-sur-nos-installations\/capture-9\/\" data-orig-file=\"https:\/\/i0.wp.com\/as-surques-escoeuilles.fr\/wp-content\/uploads\/2018\/09\/Capture.png?fit=455%2C502&amp;ssl=1\" data-orig-size=\"455,502\" data-comments-opened=\"1\" data-image-meta=\"{&quot;aperture&quot;:&quot;0&quot;,&quot;credit&quot;:&quot;&quot;,&quot;camera&quot;:&quot;&quot;,&quot;caption&quot;:&quot;&quot;,&quot;created_timestamp&quot;:&quot;0&quot;,&quot;copyright&quot;:&quot;&quot;,&quot;focal_length&quot;:&quot;0&quot;,&quot;iso&quot;:&quot;0&quot;,&quot;shutter_speed&quot;:&quot;0&quot;,&quot;title&quot;:&quot;&quot;,&quot;orientation&quot;:&quot;0&quot;}\" data-image-title=\"Capture\" data-image-description=\"\" data-image-caption=\"\" data-medium-file=\"https:\/\/i0.wp.com\/as-surques-escoeuilles.fr\/wp-content\/uploads\/2018\/09\/Capture.png?fit=272%2C300&amp;ssl=1\" data-large-file=\"https:\/\/i0.wp.com\/as-surques-escoeuilles.fr\/wp-content\/uploads\/2018\/09\/Capture.png?fit=455%2C502&amp;ssl=1\" fetchpriority=\"high\" width=\"455\" height=\"502\" src=\"https:\/\/i0.wp.com\/as-surques-escoeuilles.fr\/wp-content\/uploads\/2018\/09\/Capture.png?resize=455%2C502\" alt=\"\" class=\"wp-image-1835\" srcset=\"https:\/\/i0.wp.com\/as-surques-escoeuilles.fr\/wp-content\/uploads\/2018\/09\/Capture.png?w=455&amp;ssl=1 455w, https:\/\/i0.wp.com\/as-surques-escoeuilles.fr\/wp-content\/uploads\/2018\/09\/Capture.png?resize=272%2C300&amp;ssl=1 272w\" sizes=\"(max-width: 455px) 100vw, 455px\" data-recalc-dims=\"1\" \/><\/figure>\n\n\n\n<p>La rentr\u00e9e du foot f\u00e9minin aura lieu sur les installations de l&rsquo;ASSE le dimanche 07 octobre au matin. Venez nombreux encourager notre \u00e9quipe f\u00e9minine dans ce premier rassemblement.<\/p>\n","protected":false},"excerpt":{"rendered":"<p>La rentr\u00e9e du foot f\u00e9minin aura lieu sur les installations de l&rsquo;ASSE le dimanche 07 octobre au matin. Venez nombreux<\/p>\n","protected":false},"author":1,"featured_media":1836,"comment_status":"open","ping_status":"open","sticky":false,"template":"","format":"standard","meta":{"ngg_post_thumbnail":0,"jetpack_post_was_ever_published":false,"jetpack_publicize_message":"","jetpack_is_tweetstorm":false,"jetpack_publicize_feature_enabled":true,"jetpack_social_post_already_shared":true,"jetpack_social_options":{"image_generator_settings":{"template":"highway","enabled":false}}},"categories":[1],"tags":[],"jetpack_publicize_connections":[],"jetpack_featured_media_url":"https:\/\/i0.wp.com\/as-surques-escoeuilles.fr\/wp-content\/uploads\/2018\/09\/Capture2.png?fit=435%2C190&ssl=1","jetpack_sharing_enabled":true,"jetpack_shortlink":"https:\/\/wp.me\/p8dhOI-tA","jetpack-related-posts":[{"id":618,"url":"https:\/\/as-surques-escoeuilles.fr\/index.php\/2017\/09\/25\/opale-cup\/","url_meta":{"origin":1834,"position":0},"title":"Opale Cup","date":"25 septembre 2017","format":false,"excerpt":"Retrouvez le bilan la 1\u00e8re journ\u00e9e de l'Opale Cup sur les installations de l'ASSE https:\/\/cotedopale.fff.fr\/simple\/1ere-journee-de-lopale-cup-20172018\/","rel":"","context":"Dans &quot;Non class\u00e9&quot;","img":{"alt_text":"","src":"","width":0,"height":0},"classes":[]},{"id":4786,"url":"https:\/\/as-surques-escoeuilles.fr\/index.php\/2020\/10\/30\/fermeture-des-installations\/","url_meta":{"origin":1834,"position":1},"title":"Fermeture des installations","date":"30 octobre 2020","format":false,"excerpt":"A la suite du confinement d\u00e9cr\u00e9t\u00e9 \u00e0 partir du 30 octobre, les installations de l'ASSE sont ferm\u00e9es jusqu'\u00e0 nouvel ordre. Pensez soin de vous et de vos proches.","rel":"","context":"Dans &quot;Non class\u00e9&quot;","img":{"alt_text":"","src":"https:\/\/i0.wp.com\/as-surques-escoeuilles.fr\/wp-content\/uploads\/2020\/05\/edgar-chaparro-cpoXIs2wygk-unsplash-scaled.jpg?fit=1200%2C801&ssl=1&resize=350%2C200","width":350,"height":200},"classes":[]},{"id":5097,"url":"https:\/\/as-surques-escoeuilles.fr\/index.php\/2021\/05\/10\/initiation-loisirs\/","url_meta":{"origin":1834,"position":2},"title":"Initiation loisirs","date":"10 mai 2021","format":false,"excerpt":"Ce samedi 8 mai, une cinquantaine de licenci\u00e9s ont pu d\u00e9couvrir sur nos installations la pratique du footgolf, futnet et foot en marchant gr\u00e2ce \u00e0 l'animation de Benjamin, conseiller technique. L'occasion de cr\u00e9er des vocations !","rel":"","context":"Dans &quot;Communication club&quot;","img":{"alt_text":"","src":"https:\/\/i0.wp.com\/as-surques-escoeuilles.fr\/wp-content\/uploads\/2021\/05\/IMG_20210508_152551-scaled.jpg?fit=900%2C1200&ssl=1&resize=350%2C200","width":350,"height":200},"classes":[]},{"id":4097,"url":"https:\/\/as-surques-escoeuilles.fr\/index.php\/2020\/03\/01\/opalcup\/","url_meta":{"origin":1834,"position":3},"title":"Opal&rsquo;cup","date":"1 mars 2020","format":false,"excerpt":"Ce samedi, le district organisait une nouvelle \u00e9dition de l'Opal' Cup, \u00e0 laquelle Emy, Loise (U6F et U7F) et Janelle (U10F) ont particip\u00e9. L'occasion de passer un apr\u00e8s midi rempli d'activit\u00e9s autour du foot sur les installations du Five \u00e0 Saint Martin.","rel":"","context":"Dans &quot;F\u00e9minines&quot;","img":{"alt_text":"","src":"https:\/\/i0.wp.com\/as-surques-escoeuilles.fr\/wp-content\/uploads\/2020\/03\/received_217990182658717-scaled.jpeg?fit=1200%2C900&ssl=1&resize=350%2C200","width":350,"height":200},"classes":[]},{"id":4904,"url":"https:\/\/as-surques-escoeuilles.fr\/index.php\/2021\/01\/13\/meilleurs-voeux\/","url_meta":{"origin":1834,"position":4},"title":"Meilleurs Voeux","date":"13 janvier 2021","format":false,"excerpt":"L'ensemble du comit\u00e9 et du conseil d'administration vous adresse ses voeux les plus sinc\u00e8res pour cette ann\u00e9e 2021. M\u00eame si 2020 fut particuli\u00e8re, gardons l'optimisme d'un retour imminent sur nos installations. Le club continue de travailler dans l'ombre pour sa structuration \u00e0 l'aube de cette d\u00e9cennie.","rel":"","context":"Dans &quot;Communication club&quot;","img":{"alt_text":"","src":"https:\/\/i0.wp.com\/as-surques-escoeuilles.fr\/wp-content\/uploads\/2021\/01\/Diapositive1.png?fit=1200%2C675&ssl=1&resize=350%2C200","width":350,"height":200},"classes":[]},{"id":2221,"url":"https:\/\/as-surques-escoeuilles.fr\/index.php\/2019\/12\/24\/bonnes-fetes\/","url_meta":{"origin":1834,"position":5},"title":"Bonnes f\u00eates !","date":"24 d\u00e9cembre 2019","format":false,"excerpt":"Il est temps de souffler et de profiter ! L'ASSE, son pr\u00e9sident Philippe Havart, les membres du conseil d'administration et l'ensemble des \u00e9ducateurs souhaitent de bonnes f\u00eates de fin d'ann\u00e9e \u00e0 tous ses licenci\u00e9s, joueurs, dirigeants, mais aussi parents, partenaires et supporters. Profitez de tous ces moments en famille en\u2026","rel":"","context":"Dans &quot;Communication club&quot;","img":{"alt_text":"","src":"https:\/\/i0.wp.com\/as-surques-escoeuilles.fr\/wp-content\/uploads\/2018\/12\/noel_2018.png?fit=794%2C487&ssl=1&resize=350%2C200","width":350,"height":200},"classes":[]}],"_links":{"self":[{"href":"https:\/\/as-surques-escoeuilles.fr\/index.php\/wp-json\/wp\/v2\/posts\/1834"}],"collection":[{"href":"https:\/\/as-surques-escoeuilles.fr\/index.php\/wp-json\/wp\/v2\/posts"}],"about":[{"href":"https:\/\/as-surques-escoeuilles.fr\/index.php\/wp-json\/wp\/v2\/types\/post"}],"author":[{"embeddable":true,"href":"https:\/\/as-surques-escoeuilles.fr\/index.php\/wp-json\/wp\/v2\/users\/1"}],"replies":[{"embeddable":true,"href":"https:\/\/as-surques-escoeuilles.fr\/index.php\/wp-json\/wp\/v2\/comments?post=1834"}],"version-history":[{"count":0,"href":"https:\/\/as-surques-escoeuilles.fr\/index.php\/wp-json\/wp\/v2\/posts\/1834\/revisions"}],"wp:featuredmedia":[{"embeddable":true,"href":"https:\/\/as-surques-escoeuilles.fr\/index.php\/wp-json\/wp\/v2\/media\/1836"}],"wp:attachment":[{"href":"https:\/\/as-surques-escoeuilles.fr\/index.php\/wp-json\/wp\/v2\/media?parent=1834"}],"wp:term":[{"taxonomy":"category","embeddable":true,"href":"https:\/\/as-surques-escoeuilles.fr\/index.php\/wp-json\/wp\/v2\/categories?post=1834"},{"taxonomy":"post_tag","embeddable":true,"href":"https:\/\/as-surques-escoeuilles.fr\/index.php\/wp-json\/wp\/v2\/tags?post=1834"}],"curies":[{"name":"wp","href":"https:\/\/api.w.org\/{rel}","templated":true}]}}