{"id":1855,"date":"2018-10-05T07:25:08","date_gmt":"2018-10-05T05:25:08","guid":{"rendered":"http:\/\/as-surques-escoeuilles.fr\/?p=1855"},"modified":"2018-10-05T11:17:12","modified_gmt":"2018-10-05T09:17:12","slug":"tract-and-furious-2","status":"publish","type":"post","link":"https:\/\/as-surques-escoeuilles.fr\/index.php\/2018\/10\/05\/tract-and-furious-2\/","title":{"rendered":"Tract and furious 2 !"},"content":{"rendered":"\n<p>Ils sont de retour ! La deuxi\u00e8me \u00e9dition du tract and furious aura lieu ce dimanche 07 octobre \u00e0 partir de 10h30 \u00e0 Escoeuilles. Et une nouvelle fois cette ann\u00e9e, notre pilote local Francis sera align\u00e9 au d\u00e9part de cette prestigieuse \u00e9preuve apr\u00e8s une \u00e9dition 2017 en dents de coupe. Belle nouveaut\u00e9 cette ann\u00e9e avec un passage au\u00a0 Bruno Catez Stadium de l&rsquo;ASSE :<\/p>\n\n\n\n<figure class=\"wp-block-image\"><img data-attachment-id=\"1856\" data-permalink=\"https:\/\/as-surques-escoeuilles.fr\/index.php\/2018\/10\/05\/tract-and-furious-2\/43185826_1903090343145578_713432563657474048_n\/\" data-orig-file=\"https:\/\/i0.wp.com\/as-surques-escoeuilles.fr\/wp-content\/uploads\/2018\/10\/43185826_1903090343145578_713432563657474048_n.jpg?fit=960%2C678&amp;ssl=1\" data-orig-size=\"960,678\" data-comments-opened=\"1\" data-image-meta=\"{&quot;aperture&quot;:&quot;0&quot;,&quot;credit&quot;:&quot;&quot;,&quot;camera&quot;:&quot;&quot;,&quot;caption&quot;:&quot;&quot;,&quot;created_timestamp&quot;:&quot;0&quot;,&quot;copyright&quot;:&quot;&quot;,&quot;focal_length&quot;:&quot;0&quot;,&quot;iso&quot;:&quot;0&quot;,&quot;shutter_speed&quot;:&quot;0&quot;,&quot;title&quot;:&quot;&quot;,&quot;orientation&quot;:&quot;0&quot;}\" data-image-title=\"43185826_1903090343145578_713432563657474048_n\" data-image-description=\"\" data-image-caption=\"\" data-medium-file=\"https:\/\/i0.wp.com\/as-surques-escoeuilles.fr\/wp-content\/uploads\/2018\/10\/43185826_1903090343145578_713432563657474048_n.jpg?fit=300%2C212&amp;ssl=1\" data-large-file=\"https:\/\/i0.wp.com\/as-surques-escoeuilles.fr\/wp-content\/uploads\/2018\/10\/43185826_1903090343145578_713432563657474048_n.jpg?fit=800%2C565&amp;ssl=1\" fetchpriority=\"high\" width=\"800\" height=\"565\" src=\"https:\/\/i0.wp.com\/as-surques-escoeuilles.fr\/wp-content\/uploads\/2018\/10\/43185826_1903090343145578_713432563657474048_n.jpg?resize=800%2C565\" alt=\"\" class=\"wp-image-1856\" srcset=\"https:\/\/i0.wp.com\/as-surques-escoeuilles.fr\/wp-content\/uploads\/2018\/10\/43185826_1903090343145578_713432563657474048_n.jpg?w=960&amp;ssl=1 960w, https:\/\/i0.wp.com\/as-surques-escoeuilles.fr\/wp-content\/uploads\/2018\/10\/43185826_1903090343145578_713432563657474048_n.jpg?resize=300%2C212&amp;ssl=1 300w, https:\/\/i0.wp.com\/as-surques-escoeuilles.fr\/wp-content\/uploads\/2018\/10\/43185826_1903090343145578_713432563657474048_n.jpg?resize=768%2C542&amp;ssl=1 768w\" sizes=\"(max-width: 800px) 100vw, 800px\" data-recalc-dims=\"1\" \/><\/figure>\n\n\n\n<figure class=\"wp-block-image\"><img data-attachment-id=\"1858\" data-permalink=\"https:\/\/as-surques-escoeuilles.fr\/index.php\/2018\/10\/05\/tract-and-furious-2\/22221868_1473249469463003_7387082970873063533_n\/\" data-orig-file=\"https:\/\/i0.wp.com\/as-surques-escoeuilles.fr\/wp-content\/uploads\/2018\/10\/22221868_1473249469463003_7387082970873063533_n.jpg?fit=960%2C720&amp;ssl=1\" data-orig-size=\"960,720\" data-comments-opened=\"1\" data-image-meta=\"{&quot;aperture&quot;:&quot;0&quot;,&quot;credit&quot;:&quot;&quot;,&quot;camera&quot;:&quot;&quot;,&quot;caption&quot;:&quot;&quot;,&quot;created_timestamp&quot;:&quot;0&quot;,&quot;copyright&quot;:&quot;&quot;,&quot;focal_length&quot;:&quot;0&quot;,&quot;iso&quot;:&quot;0&quot;,&quot;shutter_speed&quot;:&quot;0&quot;,&quot;title&quot;:&quot;&quot;,&quot;orientation&quot;:&quot;0&quot;}\" data-image-title=\"22221868_1473249469463003_7387082970873063533_n\" data-image-description=\"\" data-image-caption=\"\" data-medium-file=\"https:\/\/i0.wp.com\/as-surques-escoeuilles.fr\/wp-content\/uploads\/2018\/10\/22221868_1473249469463003_7387082970873063533_n.jpg?fit=300%2C225&amp;ssl=1\" data-large-file=\"https:\/\/i0.wp.com\/as-surques-escoeuilles.fr\/wp-content\/uploads\/2018\/10\/22221868_1473249469463003_7387082970873063533_n.jpg?fit=800%2C600&amp;ssl=1\" width=\"800\" height=\"600\" src=\"https:\/\/i0.wp.com\/as-surques-escoeuilles.fr\/wp-content\/uploads\/2018\/10\/22221868_1473249469463003_7387082970873063533_n.jpg?resize=800%2C600\" alt=\"\" class=\"wp-image-1858\" srcset=\"https:\/\/i0.wp.com\/as-surques-escoeuilles.fr\/wp-content\/uploads\/2018\/10\/22221868_1473249469463003_7387082970873063533_n.jpg?w=960&amp;ssl=1 960w, https:\/\/i0.wp.com\/as-surques-escoeuilles.fr\/wp-content\/uploads\/2018\/10\/22221868_1473249469463003_7387082970873063533_n.jpg?resize=300%2C225&amp;ssl=1 300w, https:\/\/i0.wp.com\/as-surques-escoeuilles.fr\/wp-content\/uploads\/2018\/10\/22221868_1473249469463003_7387082970873063533_n.jpg?resize=768%2C576&amp;ssl=1 768w\" sizes=\"(max-width: 800px) 100vw, 800px\" data-recalc-dims=\"1\" \/><figcaption>Une \u00e9dition 2017 trop tranquille pour Francisco<\/figcaption><\/figure>\n\n\n\n<p>Nouvelle \u00e9dition, nouvel objectif : exigeant avec les \u00e9quipes de l&rsquo;ASSE, le club le sera \u00e9galement avec notre Schumi local. Ce n&rsquo;est pas moins qu&rsquo;un podium qui a \u00e9t\u00e9 vis\u00e9 lors des briefings dans le club-house Thibaut Leroy lors des derniers essais. Objectif l\u00e9gitime puisque les essais estivaux ont \u00e9t\u00e9 tr\u00e8s prometteurs. Apr\u00e8s une premi\u00e8re partie d&rsquo;\u00e9t\u00e9 satisfaisante en termes de coupes, Francis passe le record symbolique du terrain en deuxi\u00e8me partie avec une coupe en moins d&rsquo;1h30, gr\u00e2ce \u00e0 une gestion efficace des pneus dans l&rsquo;axe gras du terrain et des arr\u00eats au vidage du bac tr\u00e8s efficace en moins de 2 min 52. Attention n\u00e9anmoins \u00e0 rester vigilent, notamment apr\u00e8s cette alerte fin ao\u00fbt qui a vu Francis perdre la direction en pleine ligne droite et qui aurait pu avoir de bien plus graves cons\u00e9quences. Heureusement, l&rsquo;\u00e9quipe de m\u00e9canos autour d&rsquo;Arnaud Baron et de soutiens financiers encadr\u00e9s par Daniel Robasse ont pu permettre au pilote de retrouver sa monture \u00e0 temps pour le d\u00e9part de la course. Le peuple Orange et Noir piaffe donc d&rsquo;impatience de voir les exploits du pilote ce dimanche. Bonne chance \u00e0 lui !<\/p>\n\n\n\n<figure class=\"wp-block-image\"><img data-attachment-id=\"1857\" data-permalink=\"https:\/\/as-surques-escoeuilles.fr\/index.php\/2018\/10\/05\/tract-and-furious-2\/41811662_1878970715557541_1014174338456223744_n\/\" data-orig-file=\"https:\/\/i0.wp.com\/as-surques-escoeuilles.fr\/wp-content\/uploads\/2018\/10\/41811662_1878970715557541_1014174338456223744_n.jpg?fit=679%2C960&amp;ssl=1\" data-orig-size=\"679,960\" data-comments-opened=\"1\" data-image-meta=\"{&quot;aperture&quot;:&quot;0&quot;,&quot;credit&quot;:&quot;&quot;,&quot;camera&quot;:&quot;&quot;,&quot;caption&quot;:&quot;&quot;,&quot;created_timestamp&quot;:&quot;0&quot;,&quot;copyright&quot;:&quot;&quot;,&quot;focal_length&quot;:&quot;0&quot;,&quot;iso&quot;:&quot;0&quot;,&quot;shutter_speed&quot;:&quot;0&quot;,&quot;title&quot;:&quot;&quot;,&quot;orientation&quot;:&quot;0&quot;}\" data-image-title=\"41811662_1878970715557541_1014174338456223744_n\" data-image-description=\"\" data-image-caption=\"\" data-medium-file=\"https:\/\/i0.wp.com\/as-surques-escoeuilles.fr\/wp-content\/uploads\/2018\/10\/41811662_1878970715557541_1014174338456223744_n.jpg?fit=212%2C300&amp;ssl=1\" data-large-file=\"https:\/\/i0.wp.com\/as-surques-escoeuilles.fr\/wp-content\/uploads\/2018\/10\/41811662_1878970715557541_1014174338456223744_n.jpg?fit=679%2C960&amp;ssl=1\" width=\"679\" height=\"960\" src=\"https:\/\/i0.wp.com\/as-surques-escoeuilles.fr\/wp-content\/uploads\/2018\/10\/41811662_1878970715557541_1014174338456223744_n.jpg?resize=679%2C960\" alt=\"\" class=\"wp-image-1857\" srcset=\"https:\/\/i0.wp.com\/as-surques-escoeuilles.fr\/wp-content\/uploads\/2018\/10\/41811662_1878970715557541_1014174338456223744_n.jpg?w=679&amp;ssl=1 679w, https:\/\/i0.wp.com\/as-surques-escoeuilles.fr\/wp-content\/uploads\/2018\/10\/41811662_1878970715557541_1014174338456223744_n.jpg?resize=212%2C300&amp;ssl=1 212w\" sizes=\"(max-width: 679px) 100vw, 679px\" data-recalc-dims=\"1\" \/><\/figure>\n","protected":false},"excerpt":{"rendered":"<p>Ils sont de retour ! La deuxi\u00e8me \u00e9dition du tract and furious aura lieu ce dimanche 07 octobre \u00e0 partir<\/p>\n","protected":false},"author":1,"featured_media":1859,"comment_status":"open","ping_status":"open","sticky":false,"template":"","format":"standard","meta":{"ngg_post_thumbnail":0,"jetpack_post_was_ever_published":false,"jetpack_publicize_message":"","jetpack_is_tweetstorm":false,"jetpack_publicize_feature_enabled":true,"jetpack_social_post_already_shared":true,"jetpack_social_options":{"image_generator_settings":{"template":"highway","enabled":false}}},"categories":[1],"tags":[],"jetpack_publicize_connections":[],"jetpack_featured_media_url":"https:\/\/i0.wp.com\/as-surques-escoeuilles.fr\/wp-content\/uploads\/2018\/10\/22228396_1473220492799234_8555207880462218160_n.jpg?fit=960%2C539&ssl=1","jetpack_sharing_enabled":true,"jetpack_shortlink":"https:\/\/wp.me\/p8dhOI-tV","jetpack-related-posts":[{"id":4846,"url":"https:\/\/as-surques-escoeuilles.fr\/index.php\/2020\/11\/28\/collecte-de-noel\/","url_meta":{"origin":1855,"position":0},"title":"Collecte de No\u00ebl","date":"28 novembre 2020","format":false,"excerpt":"Comme il est maintenant devenu une tradition au sein de notre association, une collecte solidaire aura lieu pour No\u00ebl. Cette ann\u00e9e, l'ASSE s'associe aux Restos du c\u0153ur pour offrir un cadeau aux enfants les plus d\u00e9munis en cette ann\u00e9e tr\u00e8s particuli\u00e8re. Celle-ci aura lieu le mercredi 16 d\u00e9cembre lors de\u2026","rel":"","context":"Dans &quot;Communication club&quot;","img":{"alt_text":"","src":"https:\/\/i0.wp.com\/as-surques-escoeuilles.fr\/wp-content\/uploads\/2020\/11\/received_136717604567235.jpeg?fit=848%2C1200&ssl=1&resize=350%2C200","width":350,"height":200},"classes":[]},{"id":4914,"url":"https:\/\/as-surques-escoeuilles.fr\/index.php\/2021\/01\/23\/tombola\/","url_meta":{"origin":1855,"position":1},"title":"Tombola","date":"23 janvier 2021","format":false,"excerpt":"L'\u00e9pid\u00e9mie de COVID-19 ayant stopp\u00e9 toutes les manifestations depuis l'an pass\u00e9, il appara\u00eet maintenant de plus en plus probable que notre loto de cette ann\u00e9e ne pourra une nouvelle fois avoir lieu. Afin de palier cette manifestation, nous mettons en jeu 13 cadeaux sur un format de tombola ! Le\u2026","rel":"","context":"Dans &quot;Communication club&quot;","img":{"alt_text":"","src":"https:\/\/i0.wp.com\/as-surques-escoeuilles.fr\/wp-content\/uploads\/2021\/01\/tombola.png?fit=848%2C1200&ssl=1&resize=350%2C200","width":350,"height":200},"classes":[]},{"id":4381,"url":"https:\/\/as-surques-escoeuilles.fr\/index.php\/2020\/06\/20\/mercato-roulez-jeunesse\/","url_meta":{"origin":1855,"position":2},"title":"Mercato : Roulez jeunesse !","date":"20 juin 2020","format":false,"excerpt":"Apr\u00e8s Beno\u00eet et Rudy, l'ASSE a donc enregistr\u00e9 deux transferts suppl\u00e9mentaires en cette fin de semaine : Tom MARIANSKI, 18 ans en septembre, nous arrive en provenance de Nielles les Bl\u00e9quin. Avec une formation effectu\u00e9e chez les Orange et Noirs, son int\u00e9gration ne devrait poser aucun probl\u00e8me puisque quelques uns\u2026","rel":"","context":"Dans &quot;Communication club&quot;","img":{"alt_text":"","src":"https:\/\/i0.wp.com\/as-surques-escoeuilles.fr\/wp-content\/uploads\/2020\/06\/received_1002129176856778-scaled.jpg?fit=900%2C1200&ssl=1&resize=350%2C200","width":350,"height":200},"classes":[]},{"id":2436,"url":"https:\/\/as-surques-escoeuilles.fr\/index.php\/2019\/03\/11\/pizzstation-2eme-edition\/","url_meta":{"origin":1855,"position":3},"title":"Pizz&rsquo;station : 2\u00e8me \u00e9dition","date":"11 mars 2019","format":false,"excerpt":"Apr\u00e8s une premi\u00e8re \u00e9dition r\u00e9ussie, la soir\u00e9e Pizz'station fait son grand retour pour les licenci\u00e9s et aura lieu le vendredi 12 avril \u00e0 partir de 19h30 \u00e0 la salle de Rebergues, avec r\u00e9compenses pour les \u00e9quipes les mieux class\u00e9es !Au programme : tournoi FIFA limit\u00e9 \u00e0 32 \u00e9quipes. Nouveaut\u00e9 cette\u2026","rel":"","context":"Dans &quot;Non class\u00e9&quot;","img":{"alt_text":"","src":"https:\/\/i0.wp.com\/as-surques-escoeuilles.fr\/wp-content\/uploads\/2019\/03\/AFFICHE_2019-1.png?fit=862%2C1200&ssl=1&resize=350%2C200","width":350,"height":200},"classes":[]},{"id":2330,"url":"https:\/\/as-surques-escoeuilles.fr\/index.php\/2019\/02\/06\/loto-quine-2\/","url_meta":{"origin":1855,"position":4},"title":"Loto-Quine","date":"6 f\u00e9vrier 2019","format":false,"excerpt":"C'est LA manifestation phare de l'ASSE : le loto-quine organis\u00e9 \u00e0 la fin de l'hiver (deuxi\u00e8me samedi du mois de mars) et son traditionnel gros lot, un voyage au soleil ! Cette ann\u00e9e : le loto aura lieu le samedi 09 mars 2019. R\u00e9servations aupr\u00e8s de Philippe au 03 21\u2026","rel":"","context":"Dans &quot;Communication club&quot;","img":{"alt_text":"","src":"https:\/\/i0.wp.com\/as-surques-escoeuilles.fr\/wp-content\/uploads\/2019\/02\/Capture2019.png?fit=437%2C618&ssl=1&resize=350%2C200","width":350,"height":200},"classes":[]},{"id":1648,"url":"https:\/\/as-surques-escoeuilles.fr\/index.php\/2018\/08\/10\/coupe-de-france-2018-2019\/","url_meta":{"origin":1855,"position":5},"title":"Coupe de France 2018\/2019","date":"10 ao\u00fbt 2018","format":false,"excerpt":"Dans le cadre de cette nouvelle \u00e9dition de la Coupe de France, l'ASSE a h\u00e9rit\u00e9 du FC Caffiers (D7) en guise de 1er tour. Le match se d\u00e9roulera le dimanche 26 ao\u00fbt \u00e0 15h00 sur leur terrain situ\u00e9 \u00e0 Fiennes. Venez nombreux supporter les Orange et Noir pour leur premier\u2026","rel":"","context":"Dans &quot;Non class\u00e9&quot;","img":{"alt_text":"","src":"https:\/\/i0.wp.com\/as-surques-escoeuilles.fr\/wp-content\/uploads\/2018\/08\/coupe-de-france-2017-2018-2.jpg?fit=459%2C315&ssl=1&resize=350%2C200","width":350,"height":200},"classes":[]}],"_links":{"self":[{"href":"https:\/\/as-surques-escoeuilles.fr\/index.php\/wp-json\/wp\/v2\/posts\/1855"}],"collection":[{"href":"https:\/\/as-surques-escoeuilles.fr\/index.php\/wp-json\/wp\/v2\/posts"}],"about":[{"href":"https:\/\/as-surques-escoeuilles.fr\/index.php\/wp-json\/wp\/v2\/types\/post"}],"author":[{"embeddable":true,"href":"https:\/\/as-surques-escoeuilles.fr\/index.php\/wp-json\/wp\/v2\/users\/1"}],"replies":[{"embeddable":true,"href":"https:\/\/as-surques-escoeuilles.fr\/index.php\/wp-json\/wp\/v2\/comments?post=1855"}],"version-history":[{"count":0,"href":"https:\/\/as-surques-escoeuilles.fr\/index.php\/wp-json\/wp\/v2\/posts\/1855\/revisions"}],"wp:featuredmedia":[{"embeddable":true,"href":"https:\/\/as-surques-escoeuilles.fr\/index.php\/wp-json\/wp\/v2\/media\/1859"}],"wp:attachment":[{"href":"https:\/\/as-surques-escoeuilles.fr\/index.php\/wp-json\/wp\/v2\/media?parent=1855"}],"wp:term":[{"taxonomy":"category","embeddable":true,"href":"https:\/\/as-surques-escoeuilles.fr\/index.php\/wp-json\/wp\/v2\/categories?post=1855"},{"taxonomy":"post_tag","embeddable":true,"href":"https:\/\/as-surques-escoeuilles.fr\/index.php\/wp-json\/wp\/v2\/tags?post=1855"}],"curies":[{"name":"wp","href":"https:\/\/api.w.org\/{rel}","templated":true}]}}