{"id":2027,"date":"2018-11-10T10:39:31","date_gmt":"2018-11-10T09:39:31","guid":{"rendered":"http:\/\/as-surques-escoeuilles.fr\/?p=2027"},"modified":"2018-11-10T10:40:57","modified_gmt":"2018-11-10T09:40:57","slug":"modification-de-matches","status":"publish","type":"post","link":"https:\/\/as-surques-escoeuilles.fr\/index.php\/2018\/11\/10\/modification-de-matches\/","title":{"rendered":"Modification de matches"},"content":{"rendered":"\n<p><span style=\"text-decoration: underline;\"><strong>Attention :<\/strong><\/span> du fait de la d\u00e9gradation du terrain cette nuit et d&rsquo;un arr\u00eat\u00e9 municipal tardif (donc terrain interdit ! ), certaines rencontres sont modifi\u00e9es :<br\/><\/p>\n\n\n\n<ul><li>U13 &#8211; Fort Vert est report\u00e9<br\/><\/li><li>U15 &#8211; Rinxent est invers\u00e9 et se joue \u00e0 Rinxent<br\/><\/li><li>les matches U11 se jouent quant \u00e0 eux normalement :<br\/>&#8211; Saint Omer &#8211; U13 F \u00e0 14h00<br\/>-Quiest\u00e8de- U11 2 \u00e0 14h15<br\/>&#8211; Blaringhem &#8211; U11 1 \u00e0 14h15<\/li><\/ul>\n\n\n\n<p><\/p>\n","protected":false},"excerpt":{"rendered":"<p>Attention : du fait de la d\u00e9gradation du terrain cette nuit et d&rsquo;un arr\u00eat\u00e9 municipal tardif (donc terrain interdit !<\/p>\n","protected":false},"author":1,"featured_media":2028,"comment_status":"open","ping_status":"open","sticky":false,"template":"","format":"standard","meta":{"ngg_post_thumbnail":0,"jetpack_post_was_ever_published":false,"jetpack_publicize_message":"","jetpack_is_tweetstorm":false,"jetpack_publicize_feature_enabled":true,"jetpack_social_post_already_shared":true,"jetpack_social_options":{"image_generator_settings":{"template":"highway","enabled":false}}},"categories":[1],"tags":[],"jetpack_publicize_connections":[],"jetpack_featured_media_url":"https:\/\/i0.wp.com\/as-surques-escoeuilles.fr\/wp-content\/uploads\/2018\/11\/depositphotos_98466568-stock-photo-man-with-warning-attention-sign.jpg?fit=1024%2C1024&ssl=1","jetpack_sharing_enabled":true,"jetpack_shortlink":"https:\/\/wp.me\/p8dhOI-wH","jetpack-related-posts":[{"id":3298,"url":"https:\/\/as-surques-escoeuilles.fr\/index.php\/2019\/12\/07\/bilan-du-samedi-7-decembre\/","url_meta":{"origin":2027,"position":0},"title":"Bilan du samedi 7 d\u00e9cembre","date":"7 d\u00e9cembre 2019","format":false,"excerpt":"Quelques matches de jeunes ce jour pour boucler le calendrier, les seniors \u00e9tant de leur c\u00f4t\u00e9 au repos pour remise partielle. Mametz - U13 : 3-1. D\u00e9faite encourageante pour nos u13 amput\u00e9s de beaucoup de joueurs bless\u00e9s ou devant renforc\u00e9s l'\u00e9quipe u15.Quiestede -U11 : 8-1(Schuppe X2, Baheux 2, Garenaux X4).\u2026","rel":"","context":"Dans &quot;U11&quot;","img":{"alt_text":"","src":"https:\/\/i0.wp.com\/as-surques-escoeuilles.fr\/wp-content\/uploads\/2019\/12\/IMG_20191207_164118.jpg?fit=1080%2C810&ssl=1&resize=350%2C200","width":350,"height":200},"classes":[]},{"id":751,"url":"https:\/\/as-surques-escoeuilles.fr\/index.php\/2017\/12\/17\/feminines-u11-asse-us-st-omer-samedi-16-12-a-14h15\/","url_meta":{"origin":2027,"position":1},"title":"F\u00e9minines U11 : ASSE \/ US St Omer (2-8)","date":"17 d\u00e9cembre 2017","format":false,"excerpt":"Nos f\u00e9minines U11 re\u00e7oivent l'US St Omer ce samedi 16 d\u00e9cembre \u00e0 14h15 \u00e0 la salle de Licques. Les joueuses n'ont pas d\u00e9m\u00e9rit\u00e9 face \u00e0 une belle \u00e9quipe de Saint-Omer qui a remport\u00e9 le match (2-8). Les Orange et Noires ont bataill\u00e9 toute la rencontre, montrant au public venu tr\u00e8s\u2026","rel":"","context":"Dans &quot;Non class\u00e9&quot;","img":{"alt_text":"","src":"https:\/\/i0.wp.com\/as-surques-escoeuilles.fr\/wp-content\/uploads\/2017\/12\/Foot-f\u00e9minin-02.png?fit=600%2C332&ssl=1&resize=350%2C200","width":350,"height":200},"classes":[]},{"id":5919,"url":"https:\/\/as-surques-escoeuilles.fr\/index.php\/2023\/08\/27\/programme-de-la-semaine\/","url_meta":{"origin":2027,"position":2},"title":"&#x1f9e1;&#x1f5a4; PROGRAMME DE LA SEMAINE &#x1f9e1;&#x1f5a4;","date":"27 ao\u00fbt 2023","format":false,"excerpt":"RENTR\u00c9E DU FOOT MERCREDI 30 AO\u00dbT Baby foot n\u00e9s en 2018 et apr\u00e8s de 14h30 \u00e0 15h45 U7\/U8\/U9 n\u00e9s de 2015 \u00e0 2017 de 14h30 \u00e0 16h00 Pour les autres cat\u00e9gories : U11: Mardi et Jeudi de 14h30 \u00e0 16h00 U13 : Lundi et Jeudi de 17h00 \u00e0 18h30 U15\u2026","rel":"","context":"Dans &quot;Non class\u00e9&quot;","img":{"alt_text":"","src":"https:\/\/i0.wp.com\/as-surques-escoeuilles.fr\/wp-content\/uploads\/2023\/08\/RUNNING-2.png?resize=350%2C200&ssl=1","width":350,"height":200},"classes":[]},{"id":1772,"url":"https:\/\/as-surques-escoeuilles.fr\/index.php\/2018\/09\/14\/u11-u12-u13-feminines-les-infos\/","url_meta":{"origin":2027,"position":3},"title":"U11-U12-U13 f\u00e9minines : Les infos","date":"14 septembre 2018","format":false,"excerpt":"Nos f\u00e9minines U11 et U12 seront cette ann\u00e9e inscrites en foot f\u00e9minin cat\u00e9gorie U13. Elles b\u00e9n\u00e9ficieront d'un calendrier de manifestations, de matchs, de rassemblements et de d\u00e9couvertes bien charg\u00e9. Veuillez trouver ci-dessous un document explicatif de la saison ainsi que le planning des dates du 1er et 2\u00e8me semestre. Merci\u2026","rel":"","context":"Dans &quot;Non class\u00e9&quot;","img":{"alt_text":"","src":"https:\/\/i0.wp.com\/as-surques-escoeuilles.fr\/wp-content\/uploads\/2017\/12\/Foot-f\u00e9minin-02.png?resize=350%2C200","width":350,"height":200},"classes":[]},{"id":5003,"url":"https:\/\/as-surques-escoeuilles.fr\/index.php\/2021\/02\/20\/tournois-jeunes\/","url_meta":{"origin":2027,"position":4},"title":"Tournois Jeunes","date":"20 f\u00e9vrier 2021","format":false,"excerpt":"Si les conditions sanitaires s'am\u00e9liorent d'ici l'\u00e9t\u00e9, l'ASSE organisera ses tournois Georges Louvet en U11 et U13 le samedi 19 juin 2021. L'inscription est gratuite pour les \u00e9quipes int\u00e9ress\u00e9es. Contacter Beno\u00eet \u00e0 secretariat@as-surques-escoeuilles.fr pour plus de renseignements.","rel":"","context":"Dans &quot;Communication club&quot;","img":{"alt_text":"","src":"https:\/\/i0.wp.com\/as-surques-escoeuilles.fr\/wp-content\/uploads\/2021\/02\/2021_tounoi_u11_u13.png?fit=848%2C1200&ssl=1&resize=350%2C200","width":350,"height":200},"classes":[]},{"id":3819,"url":"https:\/\/as-surques-escoeuilles.fr\/index.php\/2020\/01\/12\/nos-u11-au-tournoi-pef\/","url_meta":{"origin":2027,"position":5},"title":"Nos u11 au tournoi PEF","date":"12 janvier 2020","format":false,"excerpt":"Une partie de nos U11 ont particip\u00e9 au tournoi Programm\u00e9 Educatif F\u00e9d\u00e9ral du district avec Marie-Laure et Florian \u00e0 l'issue duquel ils terminent 11eme sur 18. Ils ont ainsi pu remettre vos dons lors de la collecte Restos du c\u0153ur effectu\u00e9 le 18 d\u00e9cembre. Cette journ\u00e9e a \u00e9t\u00e9 l'occasion pour\u2026","rel":"","context":"Dans &quot;Programme Educatif F\u00e9d\u00e9ral&quot;","img":{"alt_text":"","src":"https:\/\/i0.wp.com\/as-surques-escoeuilles.fr\/wp-content\/uploads\/2020\/01\/received_534352340507081680654792372807762.jpeg?fit=941%2C531&ssl=1&resize=350%2C200","width":350,"height":200},"classes":[]}],"_links":{"self":[{"href":"https:\/\/as-surques-escoeuilles.fr\/index.php\/wp-json\/wp\/v2\/posts\/2027"}],"collection":[{"href":"https:\/\/as-surques-escoeuilles.fr\/index.php\/wp-json\/wp\/v2\/posts"}],"about":[{"href":"https:\/\/as-surques-escoeuilles.fr\/index.php\/wp-json\/wp\/v2\/types\/post"}],"author":[{"embeddable":true,"href":"https:\/\/as-surques-escoeuilles.fr\/index.php\/wp-json\/wp\/v2\/users\/1"}],"replies":[{"embeddable":true,"href":"https:\/\/as-surques-escoeuilles.fr\/index.php\/wp-json\/wp\/v2\/comments?post=2027"}],"version-history":[{"count":0,"href":"https:\/\/as-surques-escoeuilles.fr\/index.php\/wp-json\/wp\/v2\/posts\/2027\/revisions"}],"wp:featuredmedia":[{"embeddable":true,"href":"https:\/\/as-surques-escoeuilles.fr\/index.php\/wp-json\/wp\/v2\/media\/2028"}],"wp:attachment":[{"href":"https:\/\/as-surques-escoeuilles.fr\/index.php\/wp-json\/wp\/v2\/media?parent=2027"}],"wp:term":[{"taxonomy":"category","embeddable":true,"href":"https:\/\/as-surques-escoeuilles.fr\/index.php\/wp-json\/wp\/v2\/categories?post=2027"},{"taxonomy":"post_tag","embeddable":true,"href":"https:\/\/as-surques-escoeuilles.fr\/index.php\/wp-json\/wp\/v2\/tags?post=2027"}],"curies":[{"name":"wp","href":"https:\/\/api.w.org\/{rel}","templated":true}]}}