{"id":2032,"date":"2018-11-23T10:45:07","date_gmt":"2018-11-23T09:45:07","guid":{"rendered":"http:\/\/as-surques-escoeuilles.fr\/?p=2032"},"modified":"2018-11-23T11:45:30","modified_gmt":"2018-11-23T10:45:30","slug":"entrainement-u5-u6-u7","status":"publish","type":"post","link":"https:\/\/as-surques-escoeuilles.fr\/index.php\/2018\/11\/23\/entrainement-u5-u6-u7\/","title":{"rendered":"Entra\u00eenement U5\/U6\/U7"},"content":{"rendered":"\n<p>Les entra\u00eenements U5\/U6\/U7 auront dor\u00e9navant lieu \u00e0 la salle de sports de Licques de 13h00 \u00e0 13h55 pr\u00e9cises. <br>Merci d&rsquo;amener vos enfants 5 \u00e0 10 minutes avant afin de commencer \u00e0 l&rsquo;heure et de finir \u00e0 l&rsquo;heure pour le bon d\u00e9roulement des s\u00e9ances des autres cat\u00e9gories<\/p>\n\n\n\n<p><\/p>\n","protected":false},"excerpt":{"rendered":"<p>Les entra\u00eenements U5\/U6\/U7 auront dor\u00e9navant lieu \u00e0 la salle de sports de Licques de 13h00 \u00e0 13h55 pr\u00e9cises. Merci d&rsquo;amener<\/p>\n","protected":false},"author":1,"featured_media":1194,"comment_status":"open","ping_status":"open","sticky":false,"template":"","format":"standard","meta":{"ngg_post_thumbnail":0,"jetpack_post_was_ever_published":false,"jetpack_publicize_message":"","jetpack_is_tweetstorm":false,"jetpack_publicize_feature_enabled":true,"jetpack_social_post_already_shared":true,"jetpack_social_options":{"image_generator_settings":{"template":"highway","enabled":false}}},"categories":[1],"tags":[],"jetpack_publicize_connections":[],"jetpack_featured_media_url":"https:\/\/i0.wp.com\/as-surques-escoeuilles.fr\/wp-content\/uploads\/2018\/04\/info_U7-1.png?fit=786%2C327&ssl=1","jetpack_sharing_enabled":true,"jetpack_shortlink":"https:\/\/wp.me\/p8dhOI-wM","jetpack-related-posts":[{"id":1980,"url":"https:\/\/as-surques-escoeuilles.fr\/index.php\/2018\/10\/28\/nos-u6-u7-en-plateau-sous-la-pluie\/","url_meta":{"origin":2032,"position":0},"title":"Nos U6\/U7 en plateau sous la pluie !","date":"28 octobre 2018","format":false,"excerpt":"En ce samedi bien automnal, trois \u00e9quipes U6\/U7 sont all\u00e9s en plateau \u00e0 Bourthes pour rencontrer d'autres \u00e9quipes. L'occasion de commencer \u00e0 go\u00fbter au frisson de la comp\u00e9tition. Malgr\u00e9 le froid, le vent, la pluie et beaucoup de buts encaiss\u00e9s, nos petits Orange et Noirs se sont amus\u00e9s tout au\u2026","rel":"","context":"Dans &quot;Non class\u00e9&quot;","img":{"alt_text":"","src":"https:\/\/i0.wp.com\/as-surques-escoeuilles.fr\/wp-content\/uploads\/2018\/10\/44834590_1853455148025426_3267068879175680000_n.jpg?fit=960%2C720&ssl=1&resize=350%2C200","width":350,"height":200},"classes":[]},{"id":2492,"url":"https:\/\/as-surques-escoeuilles.fr\/index.php\/2019\/04\/08\/plateau-u6-u7-a-domicile\/","url_meta":{"origin":2032,"position":1},"title":"Plateau U6\/U7 \u00e0 domicile","date":"8 avril 2019","format":false,"excerpt":"Qui dit premier jour des vacances dit forc\u00e9ment...football ! Nos U6\/U7 se sont retrouv\u00e9s sur nos installations dans le cadre d'un plateau r\u00e9unissant 12 \u00e9quipes des alentours. L'occasion pour les enfants de continuer de partager de bons moments tous ensemble en affrontant 5 \u00e9quipes chacune, avant de se retrouver autour\u2026","rel":"","context":"Dans &quot;U7&quot;","img":{"alt_text":"","src":"https:\/\/i0.wp.com\/as-surques-escoeuilles.fr\/wp-content\/uploads\/2019\/04\/IMG_20190408_153349.jpg?fit=1024%2C768&ssl=1&resize=350%2C200","width":350,"height":200},"classes":[]},{"id":2532,"url":"https:\/\/as-surques-escoeuilles.fr\/index.php\/2019\/04\/23\/plateau-u6-u7\/","url_meta":{"origin":2032,"position":2},"title":"Plateau U6\/U7","date":"23 avril 2019","format":false,"excerpt":"Ce mercredi 24 avril, les U6\/U7 seront en plateau \u00e0 Colembert. Rendez-vous au stade \u00e0 14h20 pour les enfants ou 14h40 directement sur place.Beno\u00eet, Charlotte et Steeve.","rel":"","context":"Dans &quot;U7&quot;","img":{"alt_text":"","src":"https:\/\/i0.wp.com\/as-surques-escoeuilles.fr\/wp-content\/uploads\/2018\/04\/info_U7.png?fit=786%2C327&ssl=1&resize=350%2C200","width":350,"height":200},"classes":[]},{"id":1303,"url":"https:\/\/as-surques-escoeuilles.fr\/index.php\/2018\/05\/08\/journee-nationale-u6-u7\/","url_meta":{"origin":2032,"position":3},"title":"Journ\u00e9e nationale U6\/U7","date":"8 mai 2018","format":false,"excerpt":"Le jeudi 10 mai, les U6\/U7 encadr\u00e9s par Charlotte, Pauline, Steeve et Beno\u00eet participeront \u00e0 la journ\u00e9e nationale U6 \/ U7 \u00e0 Arques. 210 \u00e9quipes se retrouveront \u00e0 l'occasion de ce jour f\u00e9ri\u00e9. Six matches attendent les petits Orange et Noir et de nombreuses animations sont pr\u00e9vues. D\u00e9part du stade\u2026","rel":"","context":"Dans &quot;U7&quot;","img":{"alt_text":"","src":"https:\/\/i0.wp.com\/as-surques-escoeuilles.fr\/wp-content\/uploads\/2018\/04\/Affiche-U7-U9-web-generale.jpg?fit=611%2C378&ssl=1&resize=350%2C200","width":350,"height":200},"classes":[]},{"id":2405,"url":"https:\/\/as-surques-escoeuilles.fr\/index.php\/2019\/02\/19\/seances-mini-u6-u7\/","url_meta":{"origin":2032,"position":4},"title":"S\u00e9ances Mini\/U6\/U7","date":"19 f\u00e9vrier 2019","format":false,"excerpt":"En raison d'une comp\u00e9tition \u00e0 la salle de Licques, pas de s\u00e9ances pour les minin \/U6\/U7 cette semaine, le terrain \u00e9tant \u00e9galement encore trop gras pour \u00eatre pratiqu\u00e9. Rendez-vous donc le samedi 2 mars \u00e0 13h00 \u00e0 la salle de Licques pour la prochaine s\u00e9ance en salle.","rel":"","context":"Dans &quot;U7&quot;","img":{"alt_text":"","src":"https:\/\/i0.wp.com\/as-surques-escoeuilles.fr\/wp-content\/uploads\/2018\/04\/info_U7.png?fit=786%2C327&ssl=1&resize=350%2C200","width":350,"height":200},"classes":[]},{"id":4585,"url":"https:\/\/as-surques-escoeuilles.fr\/index.php\/2020\/08\/08\/retour-des-babies-et-u6-u7\/","url_meta":{"origin":2032,"position":5},"title":"Retour des babies et U6\/U7","date":"8 ao\u00fbt 2020","format":false,"excerpt":"Nos minions et u6\/u7 ont retrouv\u00e9 les terrains ce matin lors d'une s\u00e9ance \u00e9videmment adapt\u00e9e et concoct\u00e9e par les \u00e9ducateurs Lena, Loreen, Hugo et Beno\u00eet F. N\u00e9(e)s entre d\u00e9but 2017 et 2014, vos enfants peuvent \u00e9videmment venir essayer. Prochaine s\u00e9ance mercredi \u00e0 14h00.","rel":"","context":"Dans &quot;Projet Educatif&quot;","img":{"alt_text":"","src":"https:\/\/i0.wp.com\/as-surques-escoeuilles.fr\/wp-content\/uploads\/2020\/08\/IMG_20200808_105446-scaled.jpg?fit=1200%2C594&ssl=1&resize=350%2C200","width":350,"height":200},"classes":[]}],"_links":{"self":[{"href":"https:\/\/as-surques-escoeuilles.fr\/index.php\/wp-json\/wp\/v2\/posts\/2032"}],"collection":[{"href":"https:\/\/as-surques-escoeuilles.fr\/index.php\/wp-json\/wp\/v2\/posts"}],"about":[{"href":"https:\/\/as-surques-escoeuilles.fr\/index.php\/wp-json\/wp\/v2\/types\/post"}],"author":[{"embeddable":true,"href":"https:\/\/as-surques-escoeuilles.fr\/index.php\/wp-json\/wp\/v2\/users\/1"}],"replies":[{"embeddable":true,"href":"https:\/\/as-surques-escoeuilles.fr\/index.php\/wp-json\/wp\/v2\/comments?post=2032"}],"version-history":[{"count":0,"href":"https:\/\/as-surques-escoeuilles.fr\/index.php\/wp-json\/wp\/v2\/posts\/2032\/revisions"}],"wp:featuredmedia":[{"embeddable":true,"href":"https:\/\/as-surques-escoeuilles.fr\/index.php\/wp-json\/wp\/v2\/media\/1194"}],"wp:attachment":[{"href":"https:\/\/as-surques-escoeuilles.fr\/index.php\/wp-json\/wp\/v2\/media?parent=2032"}],"wp:term":[{"taxonomy":"category","embeddable":true,"href":"https:\/\/as-surques-escoeuilles.fr\/index.php\/wp-json\/wp\/v2\/categories?post=2032"},{"taxonomy":"post_tag","embeddable":true,"href":"https:\/\/as-surques-escoeuilles.fr\/index.php\/wp-json\/wp\/v2\/tags?post=2032"}],"curies":[{"name":"wp","href":"https:\/\/api.w.org\/{rel}","templated":true}]}}