{"id":2034,"date":"2018-11-12T12:34:54","date_gmt":"2018-11-12T11:34:54","guid":{"rendered":"http:\/\/as-surques-escoeuilles.fr\/?p=2034"},"modified":"2018-11-12T12:35:06","modified_gmt":"2018-11-12T11:35:06","slug":"les-seniors-au-city-descoeuilles","status":"publish","type":"post","link":"https:\/\/as-surques-escoeuilles.fr\/index.php\/2018\/11\/12\/les-seniors-au-city-descoeuilles\/","title":{"rendered":"Les s\u00e9niors au city d&rsquo;Escoeuilles"},"content":{"rendered":"\n<p>Ce dimanche 11 novembre, les s\u00e9niors se sont retrouv\u00e9s pour un entrainement au city d&rsquo;Escoeuilles, outil tout neuf sur la commune. L&rsquo;occassion pour les joueurs de pouvoir s&rsquo;entretenir sur la p\u00e9riode hivernale.<br\/>L&rsquo;ASSE remercie Christian Leroy, maire de la commune, ainsi que son \u00e9quipe du conseil municipal et de la communaut\u00e9 de communes du pays de Lumbres pour la mise \u00e0 disposition d&rsquo;un tel outil sur notre territoire, qui fera le bonheur des s\u00e9niors mais surtout des enfants pour pouvoir pratiquer le football lorsque le terrain herbe sera impraticable.<\/p>\n\n\n\n<figure class=\"wp-block-image\"><img data-attachment-id=\"2051\" data-permalink=\"https:\/\/as-surques-escoeuilles.fr\/index.php\/2018\/11\/12\/les-seniors-au-city-descoeuilles\/45798874_1876391982398409_712943835033894912_n-4\/\" data-orig-file=\"https:\/\/i0.wp.com\/as-surques-escoeuilles.fr\/wp-content\/uploads\/2018\/11\/45798874_1876391982398409_712943835033894912_n-3.jpg?fit=960%2C720&amp;ssl=1\" data-orig-size=\"960,720\" data-comments-opened=\"1\" data-image-meta=\"{&quot;aperture&quot;:&quot;0&quot;,&quot;credit&quot;:&quot;&quot;,&quot;camera&quot;:&quot;&quot;,&quot;caption&quot;:&quot;&quot;,&quot;created_timestamp&quot;:&quot;0&quot;,&quot;copyright&quot;:&quot;&quot;,&quot;focal_length&quot;:&quot;0&quot;,&quot;iso&quot;:&quot;0&quot;,&quot;shutter_speed&quot;:&quot;0&quot;,&quot;title&quot;:&quot;&quot;,&quot;orientation&quot;:&quot;0&quot;}\" data-image-title=\"45798874_1876391982398409_712943835033894912_n\" data-image-description=\"\" data-image-caption=\"\" data-medium-file=\"https:\/\/i0.wp.com\/as-surques-escoeuilles.fr\/wp-content\/uploads\/2018\/11\/45798874_1876391982398409_712943835033894912_n-3.jpg?fit=300%2C225&amp;ssl=1\" data-large-file=\"https:\/\/i0.wp.com\/as-surques-escoeuilles.fr\/wp-content\/uploads\/2018\/11\/45798874_1876391982398409_712943835033894912_n-3.jpg?fit=800%2C600&amp;ssl=1\" fetchpriority=\"high\" width=\"800\" height=\"600\" src=\"https:\/\/i0.wp.com\/as-surques-escoeuilles.fr\/wp-content\/uploads\/2018\/11\/45798874_1876391982398409_712943835033894912_n-3.jpg?resize=800%2C600\" alt=\"\" class=\"wp-image-2051\" srcset=\"https:\/\/i0.wp.com\/as-surques-escoeuilles.fr\/wp-content\/uploads\/2018\/11\/45798874_1876391982398409_712943835033894912_n-3.jpg?w=960&amp;ssl=1 960w, https:\/\/i0.wp.com\/as-surques-escoeuilles.fr\/wp-content\/uploads\/2018\/11\/45798874_1876391982398409_712943835033894912_n-3.jpg?resize=300%2C225&amp;ssl=1 300w, https:\/\/i0.wp.com\/as-surques-escoeuilles.fr\/wp-content\/uploads\/2018\/11\/45798874_1876391982398409_712943835033894912_n-3.jpg?resize=768%2C576&amp;ssl=1 768w\" sizes=\"(max-width: 800px) 100vw, 800px\" data-recalc-dims=\"1\" \/><\/figure>\n\n\n\n<ul data-carousel-extra='{\"blog_id\":1,\"permalink\":\"https:\\\/\\\/as-surques-escoeuilles.fr\\\/index.php\\\/2018\\\/11\\\/12\\\/les-seniors-au-city-descoeuilles\\\/\"}'  class=\"wp-container-2 wp-block-gallery-1 wp-block-gallery columns-3 is-cropped\"><li class=\"blocks-gallery-item\"><figure><img data-attachment-id=\"2035\" data-permalink=\"https:\/\/as-surques-escoeuilles.fr\/index.php\/2018\/11\/12\/les-seniors-au-city-descoeuilles\/45992152_253836165483741_1045632508588195840_n\/\" data-orig-file=\"https:\/\/i0.wp.com\/as-surques-escoeuilles.fr\/wp-content\/uploads\/2018\/11\/45992152_253836165483741_1045632508588195840_n.jpg?fit=2048%2C1536&amp;ssl=1\" data-orig-size=\"2048,1536\" data-comments-opened=\"1\" data-image-meta=\"{&quot;aperture&quot;:&quot;0&quot;,&quot;credit&quot;:&quot;&quot;,&quot;camera&quot;:&quot;&quot;,&quot;caption&quot;:&quot;&quot;,&quot;created_timestamp&quot;:&quot;0&quot;,&quot;copyright&quot;:&quot;&quot;,&quot;focal_length&quot;:&quot;0&quot;,&quot;iso&quot;:&quot;0&quot;,&quot;shutter_speed&quot;:&quot;0&quot;,&quot;title&quot;:&quot;&quot;,&quot;orientation&quot;:&quot;0&quot;}\" data-image-title=\"45992152_253836165483741_1045632508588195840_n\" data-image-description=\"\" data-image-caption=\"\" data-medium-file=\"https:\/\/i0.wp.com\/as-surques-escoeuilles.fr\/wp-content\/uploads\/2018\/11\/45992152_253836165483741_1045632508588195840_n.jpg?fit=300%2C225&amp;ssl=1\" data-large-file=\"https:\/\/i0.wp.com\/as-surques-escoeuilles.fr\/wp-content\/uploads\/2018\/11\/45992152_253836165483741_1045632508588195840_n.jpg?fit=800%2C600&amp;ssl=1\" width=\"800\" height=\"600\" src=\"https:\/\/i0.wp.com\/as-surques-escoeuilles.fr\/wp-content\/uploads\/2018\/11\/45992152_253836165483741_1045632508588195840_n.jpg?resize=800%2C600\" alt=\"\" data-id=\"2035\" data-link=\"http:\/\/as-surques-escoeuilles.fr\/?attachment_id=2035\" class=\"wp-image-2035\" srcset=\"https:\/\/i0.wp.com\/as-surques-escoeuilles.fr\/wp-content\/uploads\/2018\/11\/45992152_253836165483741_1045632508588195840_n.jpg?w=2048&amp;ssl=1 2048w, https:\/\/i0.wp.com\/as-surques-escoeuilles.fr\/wp-content\/uploads\/2018\/11\/45992152_253836165483741_1045632508588195840_n.jpg?resize=300%2C225&amp;ssl=1 300w, https:\/\/i0.wp.com\/as-surques-escoeuilles.fr\/wp-content\/uploads\/2018\/11\/45992152_253836165483741_1045632508588195840_n.jpg?resize=768%2C576&amp;ssl=1 768w, https:\/\/i0.wp.com\/as-surques-escoeuilles.fr\/wp-content\/uploads\/2018\/11\/45992152_253836165483741_1045632508588195840_n.jpg?resize=1024%2C768&amp;ssl=1 1024w, https:\/\/i0.wp.com\/as-surques-escoeuilles.fr\/wp-content\/uploads\/2018\/11\/45992152_253836165483741_1045632508588195840_n.jpg?w=1600&amp;ssl=1 1600w\" sizes=\"(max-width: 800px) 100vw, 800px\" data-recalc-dims=\"1\" \/><\/figure><\/li><li class=\"blocks-gallery-item\"><figure><img data-attachment-id=\"2037\" data-permalink=\"https:\/\/as-surques-escoeuilles.fr\/index.php\/2018\/11\/12\/les-seniors-au-city-descoeuilles\/45814956_171523547133995_125522759982776320_n\/\" data-orig-file=\"https:\/\/i0.wp.com\/as-surques-escoeuilles.fr\/wp-content\/uploads\/2018\/11\/45814956_171523547133995_125522759982776320_n.jpg?fit=2048%2C1536&amp;ssl=1\" data-orig-size=\"2048,1536\" data-comments-opened=\"1\" data-image-meta=\"{&quot;aperture&quot;:&quot;0&quot;,&quot;credit&quot;:&quot;&quot;,&quot;camera&quot;:&quot;&quot;,&quot;caption&quot;:&quot;&quot;,&quot;created_timestamp&quot;:&quot;0&quot;,&quot;copyright&quot;:&quot;&quot;,&quot;focal_length&quot;:&quot;0&quot;,&quot;iso&quot;:&quot;0&quot;,&quot;shutter_speed&quot;:&quot;0&quot;,&quot;title&quot;:&quot;&quot;,&quot;orientation&quot;:&quot;0&quot;}\" data-image-title=\"45814956_171523547133995_125522759982776320_n\" data-image-description=\"\" data-image-caption=\"\" data-medium-file=\"https:\/\/i0.wp.com\/as-surques-escoeuilles.fr\/wp-content\/uploads\/2018\/11\/45814956_171523547133995_125522759982776320_n.jpg?fit=300%2C225&amp;ssl=1\" data-large-file=\"https:\/\/i0.wp.com\/as-surques-escoeuilles.fr\/wp-content\/uploads\/2018\/11\/45814956_171523547133995_125522759982776320_n.jpg?fit=800%2C600&amp;ssl=1\" width=\"800\" height=\"600\" src=\"https:\/\/i0.wp.com\/as-surques-escoeuilles.fr\/wp-content\/uploads\/2018\/11\/45814956_171523547133995_125522759982776320_n.jpg?resize=800%2C600\" alt=\"\" data-id=\"2037\" data-link=\"http:\/\/as-surques-escoeuilles.fr\/?attachment_id=2037\" class=\"wp-image-2037\" srcset=\"https:\/\/i0.wp.com\/as-surques-escoeuilles.fr\/wp-content\/uploads\/2018\/11\/45814956_171523547133995_125522759982776320_n.jpg?w=2048&amp;ssl=1 2048w, https:\/\/i0.wp.com\/as-surques-escoeuilles.fr\/wp-content\/uploads\/2018\/11\/45814956_171523547133995_125522759982776320_n.jpg?resize=300%2C225&amp;ssl=1 300w, https:\/\/i0.wp.com\/as-surques-escoeuilles.fr\/wp-content\/uploads\/2018\/11\/45814956_171523547133995_125522759982776320_n.jpg?resize=768%2C576&amp;ssl=1 768w, https:\/\/i0.wp.com\/as-surques-escoeuilles.fr\/wp-content\/uploads\/2018\/11\/45814956_171523547133995_125522759982776320_n.jpg?resize=1024%2C768&amp;ssl=1 1024w, https:\/\/i0.wp.com\/as-surques-escoeuilles.fr\/wp-content\/uploads\/2018\/11\/45814956_171523547133995_125522759982776320_n.jpg?w=1600&amp;ssl=1 1600w\" sizes=\"(max-width: 800px) 100vw, 800px\" data-recalc-dims=\"1\" \/><\/figure><\/li><li class=\"blocks-gallery-item\"><figure><img data-attachment-id=\"2040\" data-permalink=\"https:\/\/as-surques-escoeuilles.fr\/index.php\/2018\/11\/12\/les-seniors-au-city-descoeuilles\/45875779_341219806427590_4531445304804769792_n\/\" data-orig-file=\"https:\/\/i0.wp.com\/as-surques-escoeuilles.fr\/wp-content\/uploads\/2018\/11\/45875779_341219806427590_4531445304804769792_n.jpg?fit=2048%2C1536&amp;ssl=1\" data-orig-size=\"2048,1536\" data-comments-opened=\"1\" data-image-meta=\"{&quot;aperture&quot;:&quot;0&quot;,&quot;credit&quot;:&quot;&quot;,&quot;camera&quot;:&quot;&quot;,&quot;caption&quot;:&quot;&quot;,&quot;created_timestamp&quot;:&quot;0&quot;,&quot;copyright&quot;:&quot;&quot;,&quot;focal_length&quot;:&quot;0&quot;,&quot;iso&quot;:&quot;0&quot;,&quot;shutter_speed&quot;:&quot;0&quot;,&quot;title&quot;:&quot;&quot;,&quot;orientation&quot;:&quot;0&quot;}\" data-image-title=\"45875779_341219806427590_4531445304804769792_n\" data-image-description=\"\" data-image-caption=\"\" data-medium-file=\"https:\/\/i0.wp.com\/as-surques-escoeuilles.fr\/wp-content\/uploads\/2018\/11\/45875779_341219806427590_4531445304804769792_n.jpg?fit=300%2C225&amp;ssl=1\" data-large-file=\"https:\/\/i0.wp.com\/as-surques-escoeuilles.fr\/wp-content\/uploads\/2018\/11\/45875779_341219806427590_4531445304804769792_n.jpg?fit=800%2C600&amp;ssl=1\" loading=\"lazy\" width=\"800\" height=\"600\" src=\"https:\/\/i0.wp.com\/as-surques-escoeuilles.fr\/wp-content\/uploads\/2018\/11\/45875779_341219806427590_4531445304804769792_n.jpg?resize=800%2C600\" alt=\"\" data-id=\"2040\" data-link=\"http:\/\/as-surques-escoeuilles.fr\/?attachment_id=2040\" class=\"wp-image-2040\" srcset=\"https:\/\/i0.wp.com\/as-surques-escoeuilles.fr\/wp-content\/uploads\/2018\/11\/45875779_341219806427590_4531445304804769792_n.jpg?w=2048&amp;ssl=1 2048w, https:\/\/i0.wp.com\/as-surques-escoeuilles.fr\/wp-content\/uploads\/2018\/11\/45875779_341219806427590_4531445304804769792_n.jpg?resize=300%2C225&amp;ssl=1 300w, https:\/\/i0.wp.com\/as-surques-escoeuilles.fr\/wp-content\/uploads\/2018\/11\/45875779_341219806427590_4531445304804769792_n.jpg?resize=768%2C576&amp;ssl=1 768w, https:\/\/i0.wp.com\/as-surques-escoeuilles.fr\/wp-content\/uploads\/2018\/11\/45875779_341219806427590_4531445304804769792_n.jpg?resize=1024%2C768&amp;ssl=1 1024w, https:\/\/i0.wp.com\/as-surques-escoeuilles.fr\/wp-content\/uploads\/2018\/11\/45875779_341219806427590_4531445304804769792_n.jpg?w=1600&amp;ssl=1 1600w\" sizes=\"(max-width: 800px) 100vw, 800px\" data-recalc-dims=\"1\" \/><\/figure><\/li><li class=\"blocks-gallery-item\"><figure><img data-attachment-id=\"2039\" data-permalink=\"https:\/\/as-surques-escoeuilles.fr\/index.php\/2018\/11\/12\/les-seniors-au-city-descoeuilles\/45852369_1876392135731727_2616440552840757248_n\/\" data-orig-file=\"https:\/\/i0.wp.com\/as-surques-escoeuilles.fr\/wp-content\/uploads\/2018\/11\/45852369_1876392135731727_2616440552840757248_n.jpg?fit=960%2C720&amp;ssl=1\" data-orig-size=\"960,720\" data-comments-opened=\"1\" data-image-meta=\"{&quot;aperture&quot;:&quot;0&quot;,&quot;credit&quot;:&quot;&quot;,&quot;camera&quot;:&quot;&quot;,&quot;caption&quot;:&quot;&quot;,&quot;created_timestamp&quot;:&quot;0&quot;,&quot;copyright&quot;:&quot;&quot;,&quot;focal_length&quot;:&quot;0&quot;,&quot;iso&quot;:&quot;0&quot;,&quot;shutter_speed&quot;:&quot;0&quot;,&quot;title&quot;:&quot;&quot;,&quot;orientation&quot;:&quot;0&quot;}\" data-image-title=\"45852369_1876392135731727_2616440552840757248_n\" data-image-description=\"\" data-image-caption=\"\" data-medium-file=\"https:\/\/i0.wp.com\/as-surques-escoeuilles.fr\/wp-content\/uploads\/2018\/11\/45852369_1876392135731727_2616440552840757248_n.jpg?fit=300%2C225&amp;ssl=1\" data-large-file=\"https:\/\/i0.wp.com\/as-surques-escoeuilles.fr\/wp-content\/uploads\/2018\/11\/45852369_1876392135731727_2616440552840757248_n.jpg?fit=800%2C600&amp;ssl=1\" loading=\"lazy\" width=\"800\" height=\"600\" src=\"https:\/\/i0.wp.com\/as-surques-escoeuilles.fr\/wp-content\/uploads\/2018\/11\/45852369_1876392135731727_2616440552840757248_n.jpg?resize=800%2C600\" alt=\"\" data-id=\"2039\" data-link=\"http:\/\/as-surques-escoeuilles.fr\/?attachment_id=2039\" class=\"wp-image-2039\" srcset=\"https:\/\/i0.wp.com\/as-surques-escoeuilles.fr\/wp-content\/uploads\/2018\/11\/45852369_1876392135731727_2616440552840757248_n.jpg?w=960&amp;ssl=1 960w, https:\/\/i0.wp.com\/as-surques-escoeuilles.fr\/wp-content\/uploads\/2018\/11\/45852369_1876392135731727_2616440552840757248_n.jpg?resize=300%2C225&amp;ssl=1 300w, https:\/\/i0.wp.com\/as-surques-escoeuilles.fr\/wp-content\/uploads\/2018\/11\/45852369_1876392135731727_2616440552840757248_n.jpg?resize=768%2C576&amp;ssl=1 768w\" sizes=\"(max-width: 800px) 100vw, 800px\" data-recalc-dims=\"1\" \/><\/figure><\/li><li class=\"blocks-gallery-item\"><figure><img data-attachment-id=\"2047\" data-permalink=\"https:\/\/as-surques-escoeuilles.fr\/index.php\/2018\/11\/12\/les-seniors-au-city-descoeuilles\/45977050_511229556054638_5587617766216564736_n-2\/\" data-orig-file=\"https:\/\/i0.wp.com\/as-surques-escoeuilles.fr\/wp-content\/uploads\/2018\/11\/45977050_511229556054638_5587617766216564736_n-1.jpg?fit=2048%2C1536&amp;ssl=1\" data-orig-size=\"2048,1536\" data-comments-opened=\"1\" data-image-meta=\"{&quot;aperture&quot;:&quot;0&quot;,&quot;credit&quot;:&quot;&quot;,&quot;camera&quot;:&quot;&quot;,&quot;caption&quot;:&quot;&quot;,&quot;created_timestamp&quot;:&quot;0&quot;,&quot;copyright&quot;:&quot;&quot;,&quot;focal_length&quot;:&quot;0&quot;,&quot;iso&quot;:&quot;0&quot;,&quot;shutter_speed&quot;:&quot;0&quot;,&quot;title&quot;:&quot;&quot;,&quot;orientation&quot;:&quot;0&quot;}\" data-image-title=\"45977050_511229556054638_5587617766216564736_n\" data-image-description=\"\" data-image-caption=\"\" data-medium-file=\"https:\/\/i0.wp.com\/as-surques-escoeuilles.fr\/wp-content\/uploads\/2018\/11\/45977050_511229556054638_5587617766216564736_n-1.jpg?fit=300%2C225&amp;ssl=1\" data-large-file=\"https:\/\/i0.wp.com\/as-surques-escoeuilles.fr\/wp-content\/uploads\/2018\/11\/45977050_511229556054638_5587617766216564736_n-1.jpg?fit=800%2C600&amp;ssl=1\" loading=\"lazy\" width=\"800\" height=\"600\" src=\"https:\/\/i0.wp.com\/as-surques-escoeuilles.fr\/wp-content\/uploads\/2018\/11\/45977050_511229556054638_5587617766216564736_n-1.jpg?resize=800%2C600\" alt=\"\" data-id=\"2047\" data-link=\"http:\/\/as-surques-escoeuilles.fr\/?attachment_id=2047\" class=\"wp-image-2047\" srcset=\"https:\/\/i0.wp.com\/as-surques-escoeuilles.fr\/wp-content\/uploads\/2018\/11\/45977050_511229556054638_5587617766216564736_n-1.jpg?w=2048&amp;ssl=1 2048w, https:\/\/i0.wp.com\/as-surques-escoeuilles.fr\/wp-content\/uploads\/2018\/11\/45977050_511229556054638_5587617766216564736_n-1.jpg?resize=300%2C225&amp;ssl=1 300w, https:\/\/i0.wp.com\/as-surques-escoeuilles.fr\/wp-content\/uploads\/2018\/11\/45977050_511229556054638_5587617766216564736_n-1.jpg?resize=768%2C576&amp;ssl=1 768w, https:\/\/i0.wp.com\/as-surques-escoeuilles.fr\/wp-content\/uploads\/2018\/11\/45977050_511229556054638_5587617766216564736_n-1.jpg?resize=1024%2C768&amp;ssl=1 1024w, https:\/\/i0.wp.com\/as-surques-escoeuilles.fr\/wp-content\/uploads\/2018\/11\/45977050_511229556054638_5587617766216564736_n-1.jpg?w=1600&amp;ssl=1 1600w\" sizes=\"(max-width: 800px) 100vw, 800px\" data-recalc-dims=\"1\" \/><\/figure><\/li><li class=\"blocks-gallery-item\"><figure><img data-attachment-id=\"2045\" data-permalink=\"https:\/\/as-surques-escoeuilles.fr\/index.php\/2018\/11\/12\/les-seniors-au-city-descoeuilles\/45765387_1876392265731714_8312616215918936064_n\/\" data-orig-file=\"https:\/\/i0.wp.com\/as-surques-escoeuilles.fr\/wp-content\/uploads\/2018\/11\/45765387_1876392265731714_8312616215918936064_n.jpg?fit=960%2C720&amp;ssl=1\" data-orig-size=\"960,720\" data-comments-opened=\"1\" data-image-meta=\"{&quot;aperture&quot;:&quot;0&quot;,&quot;credit&quot;:&quot;&quot;,&quot;camera&quot;:&quot;&quot;,&quot;caption&quot;:&quot;&quot;,&quot;created_timestamp&quot;:&quot;0&quot;,&quot;copyright&quot;:&quot;&quot;,&quot;focal_length&quot;:&quot;0&quot;,&quot;iso&quot;:&quot;0&quot;,&quot;shutter_speed&quot;:&quot;0&quot;,&quot;title&quot;:&quot;&quot;,&quot;orientation&quot;:&quot;0&quot;}\" data-image-title=\"45765387_1876392265731714_8312616215918936064_n\" data-image-description=\"\" data-image-caption=\"\" data-medium-file=\"https:\/\/i0.wp.com\/as-surques-escoeuilles.fr\/wp-content\/uploads\/2018\/11\/45765387_1876392265731714_8312616215918936064_n.jpg?fit=300%2C225&amp;ssl=1\" data-large-file=\"https:\/\/i0.wp.com\/as-surques-escoeuilles.fr\/wp-content\/uploads\/2018\/11\/45765387_1876392265731714_8312616215918936064_n.jpg?fit=800%2C600&amp;ssl=1\" loading=\"lazy\" width=\"800\" height=\"600\" src=\"https:\/\/i0.wp.com\/as-surques-escoeuilles.fr\/wp-content\/uploads\/2018\/11\/45765387_1876392265731714_8312616215918936064_n.jpg?resize=800%2C600\" alt=\"\" data-id=\"2045\" data-link=\"http:\/\/as-surques-escoeuilles.fr\/?attachment_id=2045\" class=\"wp-image-2045\" srcset=\"https:\/\/i0.wp.com\/as-surques-escoeuilles.fr\/wp-content\/uploads\/2018\/11\/45765387_1876392265731714_8312616215918936064_n.jpg?w=960&amp;ssl=1 960w, https:\/\/i0.wp.com\/as-surques-escoeuilles.fr\/wp-content\/uploads\/2018\/11\/45765387_1876392265731714_8312616215918936064_n.jpg?resize=300%2C225&amp;ssl=1 300w, https:\/\/i0.wp.com\/as-surques-escoeuilles.fr\/wp-content\/uploads\/2018\/11\/45765387_1876392265731714_8312616215918936064_n.jpg?resize=768%2C576&amp;ssl=1 768w\" sizes=\"(max-width: 800px) 100vw, 800px\" data-recalc-dims=\"1\" \/><\/figure><\/li><li class=\"blocks-gallery-item\"><figure><img data-attachment-id=\"2049\" data-permalink=\"https:\/\/as-surques-escoeuilles.fr\/index.php\/2018\/11\/12\/les-seniors-au-city-descoeuilles\/46120932_280858499232666_7664469586112151552_n-2\/\" data-orig-file=\"https:\/\/i0.wp.com\/as-surques-escoeuilles.fr\/wp-content\/uploads\/2018\/11\/46120932_280858499232666_7664469586112151552_n-1.jpg?fit=2048%2C1536&amp;ssl=1\" data-orig-size=\"2048,1536\" data-comments-opened=\"1\" data-image-meta=\"{&quot;aperture&quot;:&quot;0&quot;,&quot;credit&quot;:&quot;&quot;,&quot;camera&quot;:&quot;&quot;,&quot;caption&quot;:&quot;&quot;,&quot;created_timestamp&quot;:&quot;0&quot;,&quot;copyright&quot;:&quot;&quot;,&quot;focal_length&quot;:&quot;0&quot;,&quot;iso&quot;:&quot;0&quot;,&quot;shutter_speed&quot;:&quot;0&quot;,&quot;title&quot;:&quot;&quot;,&quot;orientation&quot;:&quot;0&quot;}\" data-image-title=\"46120932_280858499232666_7664469586112151552_n\" data-image-description=\"\" data-image-caption=\"\" data-medium-file=\"https:\/\/i0.wp.com\/as-surques-escoeuilles.fr\/wp-content\/uploads\/2018\/11\/46120932_280858499232666_7664469586112151552_n-1.jpg?fit=300%2C225&amp;ssl=1\" data-large-file=\"https:\/\/i0.wp.com\/as-surques-escoeuilles.fr\/wp-content\/uploads\/2018\/11\/46120932_280858499232666_7664469586112151552_n-1.jpg?fit=800%2C600&amp;ssl=1\" loading=\"lazy\" width=\"800\" height=\"600\" src=\"https:\/\/i0.wp.com\/as-surques-escoeuilles.fr\/wp-content\/uploads\/2018\/11\/46120932_280858499232666_7664469586112151552_n-1.jpg?resize=800%2C600\" alt=\"\" data-id=\"2049\" data-link=\"http:\/\/as-surques-escoeuilles.fr\/?attachment_id=2049\" class=\"wp-image-2049\" srcset=\"https:\/\/i0.wp.com\/as-surques-escoeuilles.fr\/wp-content\/uploads\/2018\/11\/46120932_280858499232666_7664469586112151552_n-1.jpg?w=2048&amp;ssl=1 2048w, https:\/\/i0.wp.com\/as-surques-escoeuilles.fr\/wp-content\/uploads\/2018\/11\/46120932_280858499232666_7664469586112151552_n-1.jpg?resize=300%2C225&amp;ssl=1 300w, https:\/\/i0.wp.com\/as-surques-escoeuilles.fr\/wp-content\/uploads\/2018\/11\/46120932_280858499232666_7664469586112151552_n-1.jpg?resize=768%2C576&amp;ssl=1 768w, https:\/\/i0.wp.com\/as-surques-escoeuilles.fr\/wp-content\/uploads\/2018\/11\/46120932_280858499232666_7664469586112151552_n-1.jpg?resize=1024%2C768&amp;ssl=1 1024w, https:\/\/i0.wp.com\/as-surques-escoeuilles.fr\/wp-content\/uploads\/2018\/11\/46120932_280858499232666_7664469586112151552_n-1.jpg?w=1600&amp;ssl=1 1600w\" sizes=\"(max-width: 800px) 100vw, 800px\" data-recalc-dims=\"1\" \/><\/figure><\/li><li class=\"blocks-gallery-item\"><figure><img data-attachment-id=\"2050\" data-permalink=\"https:\/\/as-surques-escoeuilles.fr\/index.php\/2018\/11\/12\/les-seniors-au-city-descoeuilles\/45875779_341219806427590_4531445304804769792_n-3\/\" data-orig-file=\"https:\/\/i0.wp.com\/as-surques-escoeuilles.fr\/wp-content\/uploads\/2018\/11\/45875779_341219806427590_4531445304804769792_n-2.jpg?fit=2048%2C1536&amp;ssl=1\" data-orig-size=\"2048,1536\" data-comments-opened=\"1\" data-image-meta=\"{&quot;aperture&quot;:&quot;0&quot;,&quot;credit&quot;:&quot;&quot;,&quot;camera&quot;:&quot;&quot;,&quot;caption&quot;:&quot;&quot;,&quot;created_timestamp&quot;:&quot;0&quot;,&quot;copyright&quot;:&quot;&quot;,&quot;focal_length&quot;:&quot;0&quot;,&quot;iso&quot;:&quot;0&quot;,&quot;shutter_speed&quot;:&quot;0&quot;,&quot;title&quot;:&quot;&quot;,&quot;orientation&quot;:&quot;0&quot;}\" data-image-title=\"45875779_341219806427590_4531445304804769792_n\" data-image-description=\"\" data-image-caption=\"\" data-medium-file=\"https:\/\/i0.wp.com\/as-surques-escoeuilles.fr\/wp-content\/uploads\/2018\/11\/45875779_341219806427590_4531445304804769792_n-2.jpg?fit=300%2C225&amp;ssl=1\" data-large-file=\"https:\/\/i0.wp.com\/as-surques-escoeuilles.fr\/wp-content\/uploads\/2018\/11\/45875779_341219806427590_4531445304804769792_n-2.jpg?fit=800%2C600&amp;ssl=1\" loading=\"lazy\" width=\"800\" height=\"600\" src=\"https:\/\/i0.wp.com\/as-surques-escoeuilles.fr\/wp-content\/uploads\/2018\/11\/45875779_341219806427590_4531445304804769792_n-2.jpg?resize=800%2C600\" alt=\"\" data-id=\"2050\" data-link=\"http:\/\/as-surques-escoeuilles.fr\/?attachment_id=2050\" class=\"wp-image-2050\" srcset=\"https:\/\/i0.wp.com\/as-surques-escoeuilles.fr\/wp-content\/uploads\/2018\/11\/45875779_341219806427590_4531445304804769792_n-2.jpg?w=2048&amp;ssl=1 2048w, https:\/\/i0.wp.com\/as-surques-escoeuilles.fr\/wp-content\/uploads\/2018\/11\/45875779_341219806427590_4531445304804769792_n-2.jpg?resize=300%2C225&amp;ssl=1 300w, https:\/\/i0.wp.com\/as-surques-escoeuilles.fr\/wp-content\/uploads\/2018\/11\/45875779_341219806427590_4531445304804769792_n-2.jpg?resize=768%2C576&amp;ssl=1 768w, https:\/\/i0.wp.com\/as-surques-escoeuilles.fr\/wp-content\/uploads\/2018\/11\/45875779_341219806427590_4531445304804769792_n-2.jpg?resize=1024%2C768&amp;ssl=1 1024w, https:\/\/i0.wp.com\/as-surques-escoeuilles.fr\/wp-content\/uploads\/2018\/11\/45875779_341219806427590_4531445304804769792_n-2.jpg?w=1600&amp;ssl=1 1600w\" sizes=\"(max-width: 800px) 100vw, 800px\" data-recalc-dims=\"1\" \/><\/figure><\/li><\/ul>\n","protected":false},"excerpt":{"rendered":"<p>Ce dimanche 11 novembre, les s\u00e9niors se sont retrouv\u00e9s pour un entrainement au city d&rsquo;Escoeuilles, outil tout neuf sur la<\/p>\n","protected":false},"author":1,"featured_media":2051,"comment_status":"open","ping_status":"open","sticky":false,"template":"","format":"standard","meta":{"ngg_post_thumbnail":0,"jetpack_post_was_ever_published":false,"jetpack_publicize_message":"","jetpack_is_tweetstorm":false,"jetpack_publicize_feature_enabled":true,"jetpack_social_post_already_shared":true,"jetpack_social_options":{"image_generator_settings":{"template":"highway","enabled":false}}},"categories":[1],"tags":[],"jetpack_publicize_connections":[],"jetpack_featured_media_url":"https:\/\/i0.wp.com\/as-surques-escoeuilles.fr\/wp-content\/uploads\/2018\/11\/45798874_1876391982398409_712943835033894912_n-3.jpg?fit=960%2C720&ssl=1","jetpack_sharing_enabled":true,"jetpack_shortlink":"https:\/\/wp.me\/p8dhOI-wO","jetpack-related-posts":[{"id":3806,"url":"https:\/\/as-surques-escoeuilles.fr\/index.php\/2020\/01\/02\/reprise-seniors-masculins\/","url_meta":{"origin":2034,"position":0},"title":"Reprise S\u00e9niors Masculins","date":"2 janvier 2020","format":false,"excerpt":"Les S\u00e9niors masculins reprendront le chemin des terrains selon le calendrier suivant : vendredi 3 janvier 19h00 : terrain synth\u00e9tique de Lumbresdimanche 5 janvier 9h30 : terrain city d'Escoeuilleslundi 6 janvier 20h30 : terrain synth\u00e9tique de Lumbresdimanche 12 janvier 9h30 : terrain city d'Escoeuilles (Groupe 2)dimanche 12 janvier 15h00 :\u2026","rel":"","context":"Dans &quot;S\u00e9niors&quot;","img":{"alt_text":"","src":"https:\/\/i0.wp.com\/as-surques-escoeuilles.fr\/wp-content\/uploads\/2018\/08\/info_s\u00e9niors.png?fit=962%2C435&ssl=1&resize=350%2C200","width":350,"height":200},"classes":[]},{"id":5213,"url":"https:\/\/as-surques-escoeuilles.fr\/index.php\/2021\/07\/05\/partenaires-seniors\/","url_meta":{"origin":2034,"position":1},"title":"Partenaires Seniors","date":"5 juillet 2021","format":false,"excerpt":"Nouveaux sponsors maillots pour la saison 2021 2022. Passtime s'est en effet positionn\u00e9 pour \u00eatre sponsor de l'\u00e9quipe fanion en 2021 2022. Merlin Elec poursuit \u00e9galement son partenariat maillots. Deux entreprises d'Escoeuilles qui aident donc de la meilleure des mani\u00e8res notre association sportive. Passtime nouveau sponsor de la fanion Merlin\u2026","rel":"","context":"Dans &quot;Communication club&quot;","img":{"alt_text":"","src":"https:\/\/i0.wp.com\/as-surques-escoeuilles.fr\/wp-content\/uploads\/2021\/07\/Resized_20210628_190856.jpg?fit=535%2C400&ssl=1&resize=350%2C200","width":350,"height":200},"classes":[]},{"id":647,"url":"https:\/\/as-surques-escoeuilles.fr\/index.php\/2017\/10\/02\/u9-infos-pour-mercredi-4-octobre\/","url_meta":{"origin":2034,"position":2},"title":"U9 : infos pour mercredi 4 octobre","date":"2 octobre 2017","format":false,"excerpt":"Les enfants suivants sont convoqu\u00e9s pour participer au plateau\u00a0 du mercredi 4 octobre \u00e0 NIELLES LES BLEQUIN : Louka Mathieu Matt\u00e9o Evan Mael Lino Nolhann Julien Martin C\u00e9lia Gabriel Eliott RDV au stade d\u2019Escoeuilles \u00e0 14h10 Plateau \u00e0 Nielles les bl\u00e9quin \u00e0 15h - Stade de l'union. Attention, l\u2019entra\u00eenement pr\u00e9vu\u2026","rel":"","context":"Dans &quot;Non class\u00e9&quot;","img":{"alt_text":"","src":"","width":0,"height":0},"classes":[]},{"id":615,"url":"https:\/\/as-surques-escoeuilles.fr\/index.php\/2017\/09\/23\/u8u9-info-pour-mercredi-2709\/","url_meta":{"origin":2034,"position":3},"title":"U8\/U9 INFO pour mercredi 27\/09","date":"23 septembre 2017","format":false,"excerpt":"Les enfants suivants sont convoqu\u00e9s pour participer au plateau de rentr\u00e9e du foot ce mercredi 27 septembre \u00e0 GUINES : Louka Mael Lino Nolhann Matteo Mathieu Julien Evan Loreline Lucas Arthur Eloi RDV au stade d'Escoeuilles \u00e0 14h Plateau \u00e0 Guines \u00e0 15h - Stade L\u00e9o Lagrange 2 Attention, l'entra\u00eenement\u2026","rel":"","context":"Dans &quot;Non class\u00e9&quot;","img":{"alt_text":"","src":"","width":0,"height":0},"classes":[]},{"id":4724,"url":"https:\/\/as-surques-escoeuilles.fr\/index.php\/2020\/09\/21\/seniors-resultats-du-week-end\/","url_meta":{"origin":2034,"position":4},"title":"Seniors : r\u00e9sultats du week-end","date":"21 septembre 2020","format":false,"excerpt":"- les seniors f\u00e9minines s'inclinent 5-0 en amical \u00e0 Vieil \u00c9glise samedi soir - les seniors C valident un bon d\u00e9but de saison en allant chercher un match nul \u00e0 Hucqueliers 1-1. Gillet est le buteur du match apr\u00e8s avoir suivi une frappe de Wilbal - les seniors B ont\u2026","rel":"","context":"Dans &quot;Non class\u00e9&quot;","img":{"alt_text":"","src":"https:\/\/i0.wp.com\/as-surques-escoeuilles.fr\/wp-content\/uploads\/2020\/09\/received_8692056436138382854904673706649126-1-scaled.jpeg?fit=1200%2C900&ssl=1&resize=350%2C200","width":350,"height":200},"classes":[]},{"id":3888,"url":"https:\/\/as-surques-escoeuilles.fr\/index.php\/2020\/01\/22\/pef-u9-delocalisation-de-la-seance-dentrainement-en-autopartage-electrique\/","url_meta":{"origin":2034,"position":5},"title":"PEF-U9 : d\u00e9localisation de la s\u00e9ance d&rsquo;entra\u00eenement en autopartage \u00e9lectrique","date":"22 janvier 2020","format":false,"excerpt":"Ce mercredi, Beno\u00eet G. A d\u00e9localis\u00e9 l'entra\u00eenement des U9 pour faire d\u00e9couvrir aux jeunes Orange et Noirs la surface synth\u00e9tique de Lumbres pour leur s\u00e9ance du jour. Initiative tr\u00e8s appr\u00e9ci\u00e9e des enfants qui leur ont permis de rechausser les crampons en cette p\u00e9riode de terrain gras.Les joueurs en ont profit\u00e9\u2026","rel":"","context":"Dans &quot;Programme Educatif F\u00e9d\u00e9ral&quot;","img":{"alt_text":"","src":"https:\/\/i0.wp.com\/as-surques-escoeuilles.fr\/wp-content\/uploads\/2020\/01\/IMG_20200122_154929.jpg?fit=1200%2C594&ssl=1&resize=350%2C200","width":350,"height":200},"classes":[]}],"_links":{"self":[{"href":"https:\/\/as-surques-escoeuilles.fr\/index.php\/wp-json\/wp\/v2\/posts\/2034"}],"collection":[{"href":"https:\/\/as-surques-escoeuilles.fr\/index.php\/wp-json\/wp\/v2\/posts"}],"about":[{"href":"https:\/\/as-surques-escoeuilles.fr\/index.php\/wp-json\/wp\/v2\/types\/post"}],"author":[{"embeddable":true,"href":"https:\/\/as-surques-escoeuilles.fr\/index.php\/wp-json\/wp\/v2\/users\/1"}],"replies":[{"embeddable":true,"href":"https:\/\/as-surques-escoeuilles.fr\/index.php\/wp-json\/wp\/v2\/comments?post=2034"}],"version-history":[{"count":0,"href":"https:\/\/as-surques-escoeuilles.fr\/index.php\/wp-json\/wp\/v2\/posts\/2034\/revisions"}],"wp:featuredmedia":[{"embeddable":true,"href":"https:\/\/as-surques-escoeuilles.fr\/index.php\/wp-json\/wp\/v2\/media\/2051"}],"wp:attachment":[{"href":"https:\/\/as-surques-escoeuilles.fr\/index.php\/wp-json\/wp\/v2\/media?parent=2034"}],"wp:term":[{"taxonomy":"category","embeddable":true,"href":"https:\/\/as-surques-escoeuilles.fr\/index.php\/wp-json\/wp\/v2\/categories?post=2034"},{"taxonomy":"post_tag","embeddable":true,"href":"https:\/\/as-surques-escoeuilles.fr\/index.php\/wp-json\/wp\/v2\/tags?post=2034"}],"curies":[{"name":"wp","href":"https:\/\/api.w.org\/{rel}","templated":true}]}}