{"id":2060,"date":"2018-11-14T18:33:42","date_gmt":"2018-11-14T17:33:42","guid":{"rendered":"http:\/\/as-surques-escoeuilles.fr\/?p=2060"},"modified":"2018-11-14T18:42:21","modified_gmt":"2018-11-14T17:42:21","slug":"lasse-fete-son-200eme","status":"publish","type":"post","link":"https:\/\/as-surques-escoeuilles.fr\/index.php\/2018\/11\/14\/lasse-fete-son-200eme\/","title":{"rendered":"L&rsquo;ASSE f\u00eate son 200\u00e8me !"},"content":{"rendered":"\n<p>Ce 14 novembre est un jour particulier pour lui ! Il f\u00eate aujourd&rsquo;hui ses 5 ans, \u00e2ge auquel il peut pr\u00e9tendre \u00e0 obtenir une licence FFF et \u00e0 participer \u00e0 ses premiers plateaux. Lui c&rsquo;est Quentin&#8230;<\/p>\n\n\n\n<!--more-->\n\n\n\n<p>&#8230; fid\u00e8le enfant depuis plus d&rsquo;un an qui a d\u00e9marr\u00e9 le foot juste avant ses 4 ans ! Le club souhaite un tr\u00e8s bon anniversaire \u00e0 Quentin, adepte des entra\u00eenements sous la pluie quand le terrain est bien gras !<\/p>\n\n\n\n<div class=\"wp-block-image\"><figure class=\"aligncenter\"><img data-attachment-id=\"2062\" data-permalink=\"https:\/\/as-surques-escoeuilles.fr\/index.php\/2018\/11\/14\/lasse-fete-son-200eme\/wacquet_ph\/\" data-orig-file=\"https:\/\/i0.wp.com\/as-surques-escoeuilles.fr\/wp-content\/uploads\/2018\/11\/wacquet_ph.jpg?fit=100%2C139&amp;ssl=1\" data-orig-size=\"100,139\" data-comments-opened=\"1\" data-image-meta=\"{&quot;aperture&quot;:&quot;0&quot;,&quot;credit&quot;:&quot;&quot;,&quot;camera&quot;:&quot;&quot;,&quot;caption&quot;:&quot;&quot;,&quot;created_timestamp&quot;:&quot;0&quot;,&quot;copyright&quot;:&quot;&quot;,&quot;focal_length&quot;:&quot;0&quot;,&quot;iso&quot;:&quot;0&quot;,&quot;shutter_speed&quot;:&quot;0&quot;,&quot;title&quot;:&quot;&quot;,&quot;orientation&quot;:&quot;0&quot;}\" data-image-title=\"wacquet_ph\" data-image-description=\"\" data-image-caption=\"\" data-medium-file=\"https:\/\/i0.wp.com\/as-surques-escoeuilles.fr\/wp-content\/uploads\/2018\/11\/wacquet_ph.jpg?fit=100%2C139&amp;ssl=1\" data-large-file=\"https:\/\/i0.wp.com\/as-surques-escoeuilles.fr\/wp-content\/uploads\/2018\/11\/wacquet_ph.jpg?fit=100%2C139&amp;ssl=1\" width=\"100\" height=\"139\" src=\"https:\/\/i0.wp.com\/as-surques-escoeuilles.fr\/wp-content\/uploads\/2018\/11\/wacquet_ph.jpg?resize=100%2C139\" alt=\"\" class=\"wp-image-2062\" data-recalc-dims=\"1\"\/><figcaption>Quentin, 200\u00e8me licence \u00e0 l&rsquo;ASSE pour la saison 2018-2019<\/figcaption><\/figure><\/div>\n\n\n\n<p>C&rsquo;est donc aussi un jour sp\u00e9cial pour l&rsquo;ASSE qui passe pour la premi\u00e8re fois la barre des <span style=\"text-decoration: underline;\"><strong>200<\/strong> <\/span>licences au sein du club sur une m\u00eame saison, dirigeants y compris. Il est parfois \u00e9tonnant pour les personnes ext\u00e9rieures aux deux villages de voir un petit club comme le notre autant prosp\u00e9rer ces derni\u00e8res ann\u00e9es, et ce chiffre en est un beau symbole avec la licence d&rsquo;un des plus jeunes enfants du club (il en reste 3 encore apr\u00e8s lui ! )<br>Encore un tr\u00e8s joyeux anniversaire Quentin !<\/p>\n","protected":false},"excerpt":{"rendered":"<p>Ce 14 novembre est un jour particulier pour lui ! Il f\u00eate aujourd&rsquo;hui ses 5 ans, \u00e2ge auquel il peut<\/p>\n","protected":false},"author":1,"featured_media":2061,"comment_status":"open","ping_status":"open","sticky":false,"template":"","format":"standard","meta":{"ngg_post_thumbnail":0,"jetpack_post_was_ever_published":false,"jetpack_publicize_message":"","jetpack_is_tweetstorm":false,"jetpack_publicize_feature_enabled":true,"jetpack_social_post_already_shared":true,"jetpack_social_options":{"image_generator_settings":{"template":"highway","enabled":false}}},"categories":[1],"tags":[],"jetpack_publicize_connections":[],"jetpack_featured_media_url":"https:\/\/i0.wp.com\/as-surques-escoeuilles.fr\/wp-content\/uploads\/2018\/11\/Capture-du2019\u00e9cran-2016-04-26-\u00e0-19.00.22-300x257.png?fit=300%2C257&ssl=1","jetpack_sharing_enabled":true,"jetpack_shortlink":"https:\/\/wp.me\/p8dhOI-xe","jetpack-related-posts":[{"id":3114,"url":"https:\/\/as-surques-escoeuilles.fr\/index.php\/2019\/10\/26\/250eme-licencie\/","url_meta":{"origin":2060,"position":0},"title":"250\u00e8me licenci\u00e9","date":"26 octobre 2019","format":false,"excerpt":"Il y a un peu moins d'un an, l'ASSE f\u00eatait son 200\u00e8me licenci\u00e9 lors de son repas dansant. Cette ann\u00e9e c'est un nouveau cap de franchi, avec le 250\u00e8me licenci\u00e9 au club. Tout un symbole, c'est la petite Emy, qui vient de f\u00eater ses 5 ans, qui rejoint le club\u2026","rel":"","context":"Dans &quot;Communication club&quot;","img":{"alt_text":"","src":"https:\/\/i0.wp.com\/as-surques-escoeuilles.fr\/wp-content\/uploads\/2019\/10\/250.png?fit=680%2C329&ssl=1&resize=350%2C200","width":350,"height":200},"classes":[]},{"id":111,"url":"https:\/\/as-surques-escoeuilles.fr\/index.php\/2016\/12\/18\/seniors-a-une-premiere-pour-un-cadeau\/","url_meta":{"origin":2060,"position":1},"title":"S\u00e9niors A : une premi\u00e8re pour un cadeau !","date":"18 d\u00e9cembre 2016","format":false,"excerpt":"Pour cl\u00f4turer cette premi\u00e8re partie de championnat, l'\u00e9quipe fanion re\u00e7oit Polincove pour un duel de mal class\u00e9s et remporte une premi\u00e8re victoire m\u00e9rit\u00e9e dans ce championnat (3-1). Au milieu d'un brouillard dense, d'un froid hivernal et d'une nuit d\u00e9j\u00e0 tomb\u00e9e, l'arbitre siffle la fin d'un match dans lequel\u00a0 l'ASSE a\u2026","rel":"","context":"Dans &quot;S\u00e9niors A&quot;","img":{"alt_text":"","src":"https:\/\/i0.wp.com\/as-surques-escoeuilles.fr\/wp-content\/uploads\/2016\/12\/EDC-Victoire-EnR.jpg?fit=680%2C340&ssl=1&resize=350%2C200","width":350,"height":200},"classes":[]},{"id":1343,"url":"https:\/\/as-surques-escoeuilles.fr\/index.php\/2018\/05\/08\/une-coupe-renversee-et-renversante\/","url_meta":{"origin":2060,"position":2},"title":"Une coupe renvers\u00e9e et renversante !","date":"8 mai 2018","format":false,"excerpt":"1\/8\u00e8me de finale de coupe C\u00f4te d'Opale sur la pelouse d'Equihen. Equipe leader de sa poule et n'ayant perdu qu'une seule fois, les Orange r\u00e9alisent un match ultra solide et renversent la vapeur en fin de match (2-3). D\u00e9but de match parfait : Fab joue un coup franc vite pour\u2026","rel":"","context":"Dans &quot;S\u00e9niors A&quot;","img":{"alt_text":"","src":"https:\/\/i0.wp.com\/as-surques-escoeuilles.fr\/wp-content\/uploads\/2018\/05\/Capture-d\u00e9crans_20180508-191141.png?fit=1200%2C675&ssl=1&resize=350%2C200","width":350,"height":200},"classes":[]},{"id":2786,"url":"https:\/\/as-surques-escoeuilles.fr\/index.php\/2019\/08\/08\/seniors-point-mercato\/","url_meta":{"origin":2060,"position":3},"title":"S\u00e9niors : point mercato","date":"8 ao\u00fbt 2019","format":false,"excerpt":"Avec deux accessions obtenues en D3 et D5 et une volont\u00e9 de faire progresser encore plus l'\u00e9quipe en D7, l'ASSE a effectu\u00e9 un effort estival pour renforcer ses trois \u00e9quipes. Le point sur les diff\u00e9rentes arriv\u00e9es : Je tiens d\u00e9j\u00e0 \u00e0 remercier le club qui a fait l'effort de payer\u2026","rel":"","context":"Dans &quot;Non class\u00e9&quot;","img":{"alt_text":"","src":"https:\/\/i0.wp.com\/as-surques-escoeuilles.fr\/wp-content\/uploads\/2019\/08\/IMG_20190808_214437.jpg?fit=1200%2C556&ssl=1&resize=350%2C200","width":350,"height":200},"classes":[]},{"id":4008,"url":"https:\/\/as-surques-escoeuilles.fr\/index.php\/2020\/02\/17\/une-orange-en-stade-departemental\/","url_meta":{"origin":2060,"position":4},"title":"Une Orange en stage d\u00e9partemental","date":"17 f\u00e9vrier 2020","format":false,"excerpt":"La communaut\u00e9 des \u00e9ducateurs de l'ASSE est tr\u00e8s fi\u00e8re de la nouvelle, apr\u00e8s avoir particip\u00e9 aux diff\u00e9rentes d\u00e9tections du district C\u00f4te d'Opale, une licenci\u00e9e U13 est s\u00e9lectionn\u00e9e pour participer au stage d\u00e9partemental qui se d\u00e9roulera en internat du 26 au 28 f\u00e9vrier. F\u00e9lications \u00e0 IVANKA, gardienne des U13, pour ses\u2026","rel":"","context":"Dans &quot;Communication club&quot;","img":{"alt_text":"","src":"https:\/\/i0.wp.com\/as-surques-escoeuilles.fr\/wp-content\/uploads\/2020\/02\/44037791_758814164458165_5252162966219915264_n.jpg?fit=960%2C720&ssl=1&resize=350%2C200","width":350,"height":200},"classes":[]},{"id":1238,"url":"https:\/\/as-surques-escoeuilles.fr\/index.php\/2018\/04\/28\/pizzstation-2018\/","url_meta":{"origin":2060,"position":5},"title":"Pizz&rsquo;station 2018","date":"28 avril 2018","format":false,"excerpt":"R\u00e9ussite pour la premi\u00e8re Pizz'station organis\u00e9e par l'ASSE ! 26 \u00e9quipes ont \u00e9t\u00e9\u00a0 rassembl\u00e9es dans la salle de Rebergues pour s'affronter dans un grand tournoi incluant phase de poules avec 5 \u00e9quipes (et une poule de 6),\u00a0 puis \u00e9liminatoires \u00e0 partir de huiti\u00e8mes de finales. Bravo d'abord \u00e0 toutes et\u2026","rel":"","context":"Dans &quot;Non class\u00e9&quot;","img":{"alt_text":"","src":"https:\/\/i0.wp.com\/as-surques-escoeuilles.fr\/wp-content\/uploads\/2018\/04\/31430572_10215960669358779_8741425510233407488_n.jpg?fit=1200%2C900&ssl=1&resize=350%2C200","width":350,"height":200},"classes":[]}],"_links":{"self":[{"href":"https:\/\/as-surques-escoeuilles.fr\/index.php\/wp-json\/wp\/v2\/posts\/2060"}],"collection":[{"href":"https:\/\/as-surques-escoeuilles.fr\/index.php\/wp-json\/wp\/v2\/posts"}],"about":[{"href":"https:\/\/as-surques-escoeuilles.fr\/index.php\/wp-json\/wp\/v2\/types\/post"}],"author":[{"embeddable":true,"href":"https:\/\/as-surques-escoeuilles.fr\/index.php\/wp-json\/wp\/v2\/users\/1"}],"replies":[{"embeddable":true,"href":"https:\/\/as-surques-escoeuilles.fr\/index.php\/wp-json\/wp\/v2\/comments?post=2060"}],"version-history":[{"count":0,"href":"https:\/\/as-surques-escoeuilles.fr\/index.php\/wp-json\/wp\/v2\/posts\/2060\/revisions"}],"wp:featuredmedia":[{"embeddable":true,"href":"https:\/\/as-surques-escoeuilles.fr\/index.php\/wp-json\/wp\/v2\/media\/2061"}],"wp:attachment":[{"href":"https:\/\/as-surques-escoeuilles.fr\/index.php\/wp-json\/wp\/v2\/media?parent=2060"}],"wp:term":[{"taxonomy":"category","embeddable":true,"href":"https:\/\/as-surques-escoeuilles.fr\/index.php\/wp-json\/wp\/v2\/categories?post=2060"},{"taxonomy":"post_tag","embeddable":true,"href":"https:\/\/as-surques-escoeuilles.fr\/index.php\/wp-json\/wp\/v2\/tags?post=2060"}],"curies":[{"name":"wp","href":"https:\/\/api.w.org\/{rel}","templated":true}]}}