{"id":2097,"date":"2018-11-30T12:24:29","date_gmt":"2018-11-30T11:24:29","guid":{"rendered":"http:\/\/as-surques-escoeuilles.fr\/?p=2097"},"modified":"2018-11-30T12:24:36","modified_gmt":"2018-11-30T11:24:36","slug":"le-point-sur-le-week-end","status":"publish","type":"post","link":"https:\/\/as-surques-escoeuilles.fr\/index.php\/2018\/11\/30\/le-point-sur-le-week-end\/","title":{"rendered":"Le point sur le week-end"},"content":{"rendered":"\n<p>REMISE GENERALE : aucun match ce week-end du 01 et 02 d\u00e9cembre. Aucune activit\u00e9 sur notre terrain en raison d&rsquo;un arr\u00eat\u00e9 municipal.<br><\/p>\n","protected":false},"excerpt":{"rendered":"<p>REMISE GENERALE : aucun match ce week-end du 01 et 02 d\u00e9cembre. Aucune activit\u00e9 sur notre terrain en raison d&rsquo;un<\/p>\n","protected":false},"author":1,"featured_media":2098,"comment_status":"open","ping_status":"open","sticky":false,"template":"","format":"standard","meta":{"ngg_post_thumbnail":0,"jetpack_post_was_ever_published":false,"jetpack_publicize_message":"","jetpack_is_tweetstorm":false,"jetpack_publicize_feature_enabled":true,"jetpack_social_post_already_shared":true,"jetpack_social_options":{"image_generator_settings":{"template":"highway","enabled":false}}},"categories":[1],"tags":[],"jetpack_publicize_connections":[],"jetpack_featured_media_url":"https:\/\/i0.wp.com\/as-surques-escoeuilles.fr\/wp-content\/uploads\/2018\/11\/pluie-foot-mxp3yq-mzk8in-mzx1ne__nf75oo.jpg?fit=612%2C308&ssl=1","jetpack_sharing_enabled":true,"jetpack_shortlink":"https:\/\/wp.me\/p8dhOI-xP","jetpack-related-posts":[{"id":3055,"url":"https:\/\/as-surques-escoeuilles.fr\/index.php\/2020\/03\/05\/le-point-sur-le-week-end-2\/","url_meta":{"origin":2097,"position":0},"title":"Le point sur le week-end","date":"5 mars 2020","format":false,"excerpt":"Remise g\u00e9n\u00e9rale ce week-end pour toutes les \u00e9quipes du club.","rel":"","context":"Dans &quot;Communication club&quot;","img":{"alt_text":"","src":"","width":0,"height":0},"classes":[]},{"id":3263,"url":"https:\/\/as-surques-escoeuilles.fr\/index.php\/2019\/12\/01\/bilan-du-week-end\/","url_meta":{"origin":2097,"position":1},"title":"Bilan du week-end","date":"1 d\u00e9cembre 2019","format":false,"excerpt":"Les diff\u00e9rents matches en comp\u00e9tition du week-end : - Helfaut - u11 : victoire 3-6 \u00e0 l'ext\u00e9rieur avec un quadruple de Schuppe et un doubl\u00e9 de Garenaux - Hallines - U13 : face \u00e0 une \u00e9quipe \u00c0 de haut niveau, les u13 ont du faire face \u00e0 de grosses blessures\u2026","rel":"","context":"Dans &quot;Non class\u00e9&quot;","img":{"alt_text":"","src":"https:\/\/i0.wp.com\/as-surques-escoeuilles.fr\/wp-content\/uploads\/2019\/12\/IMG_20191201_175800_293.jpg?fit=1200%2C854&ssl=1&resize=350%2C200","width":350,"height":200},"classes":[]},{"id":3062,"url":"https:\/\/as-surques-escoeuilles.fr\/index.php\/2019\/10\/07\/resume-du-week-end-les-seniors-a-en-tete\/","url_meta":{"origin":2097,"position":2},"title":"R\u00e9sum\u00e9 du week-end : les s\u00e9niors A en t\u00eate !","date":"7 octobre 2019","format":false,"excerpt":"Un week-end en demi-teinte : aucune victoire sur les matches du samedi, et un sans faute sur les matches s\u00e9niors du dimanche : Coyecques - U11 : 4-2Longuennesse - U15 : 8-1. But : RistoriLonguennesse - U17 : 4-2. Buts : Fontaine *2Ardres - S\u00e9niors F : 6-1. But :\u2026","rel":"","context":"Dans &quot;Non class\u00e9&quot;","img":{"alt_text":"","src":"https:\/\/i0.wp.com\/as-surques-escoeuilles.fr\/wp-content\/uploads\/2019\/10\/IMG_20191006_174832.jpg?fit=800%2C600&ssl=1&resize=350%2C200","width":350,"height":200},"classes":[]},{"id":5127,"url":"https:\/\/as-surques-escoeuilles.fr\/index.php\/2021\/06\/06\/les-matches-du-week-end-05-06\/","url_meta":{"origin":2097,"position":3},"title":"Les matches du week-end (05\/06)","date":"6 juin 2021","format":false,"excerpt":"Beaucoup d'\u00e9quipes de jeunes sur le pont en ce week end ! Des U7 aux U17, chacun a pu retrouver les sensations des oppositions. L'occasion \u00e9galement pour les nouveaux \u00e9ducateurs de d\u00e9couvrir leur groupe. U12-Guines (3-6) U6\/U7 au plateau USBCO USP Saint Omer - U14F (2-2) Saint Quentin Mametz -\u2026","rel":"","context":"Dans &quot;Non class\u00e9&quot;","img":{"alt_text":"","src":"https:\/\/i0.wp.com\/as-surques-escoeuilles.fr\/wp-content\/uploads\/2021\/06\/received_5189131991411521105753128255165561-scaled.jpeg?resize=350%2C200&ssl=1","width":350,"height":200},"classes":[]},{"id":337,"url":"https:\/\/as-surques-escoeuilles.fr\/index.php\/2017\/03\/10\/week-end-remise-generale\/","url_meta":{"origin":2097,"position":4},"title":"Point sur le WE des 11 et 12 mars","date":"10 mars 2017","format":false,"excerpt":"En raison des conditions m\u00e9t\u00e9orologiques, les matches \u00e0 domicile sont report\u00e9s. Seuls les matches suivants auront lieu : U13 niv 3 : Group. des Landes\u00a0 - ASSE 2 (samedi \u00e0 14h15) U16 : Calais Beau Marais - ASSE (dimanche 10h30)","rel":"","context":"Dans &quot;S\u00e9niors&quot;","img":{"alt_text":"","src":"https:\/\/i0.wp.com\/as-surques-escoeuilles.fr\/wp-content\/uploads\/2017\/03\/remise.jpg?fit=720%2C434&ssl=1&resize=350%2C200","width":350,"height":200},"classes":[]},{"id":4724,"url":"https:\/\/as-surques-escoeuilles.fr\/index.php\/2020\/09\/21\/seniors-resultats-du-week-end\/","url_meta":{"origin":2097,"position":5},"title":"Seniors : r\u00e9sultats du week-end","date":"21 septembre 2020","format":false,"excerpt":"- les seniors f\u00e9minines s'inclinent 5-0 en amical \u00e0 Vieil \u00c9glise samedi soir - les seniors C valident un bon d\u00e9but de saison en allant chercher un match nul \u00e0 Hucqueliers 1-1. Gillet est le buteur du match apr\u00e8s avoir suivi une frappe de Wilbal - les seniors B ont\u2026","rel":"","context":"Dans &quot;Non class\u00e9&quot;","img":{"alt_text":"","src":"https:\/\/i0.wp.com\/as-surques-escoeuilles.fr\/wp-content\/uploads\/2020\/09\/received_8692056436138382854904673706649126-1-scaled.jpeg?fit=1200%2C900&ssl=1&resize=350%2C200","width":350,"height":200},"classes":[]}],"_links":{"self":[{"href":"https:\/\/as-surques-escoeuilles.fr\/index.php\/wp-json\/wp\/v2\/posts\/2097"}],"collection":[{"href":"https:\/\/as-surques-escoeuilles.fr\/index.php\/wp-json\/wp\/v2\/posts"}],"about":[{"href":"https:\/\/as-surques-escoeuilles.fr\/index.php\/wp-json\/wp\/v2\/types\/post"}],"author":[{"embeddable":true,"href":"https:\/\/as-surques-escoeuilles.fr\/index.php\/wp-json\/wp\/v2\/users\/1"}],"replies":[{"embeddable":true,"href":"https:\/\/as-surques-escoeuilles.fr\/index.php\/wp-json\/wp\/v2\/comments?post=2097"}],"version-history":[{"count":0,"href":"https:\/\/as-surques-escoeuilles.fr\/index.php\/wp-json\/wp\/v2\/posts\/2097\/revisions"}],"wp:featuredmedia":[{"embeddable":true,"href":"https:\/\/as-surques-escoeuilles.fr\/index.php\/wp-json\/wp\/v2\/media\/2098"}],"wp:attachment":[{"href":"https:\/\/as-surques-escoeuilles.fr\/index.php\/wp-json\/wp\/v2\/media?parent=2097"}],"wp:term":[{"taxonomy":"category","embeddable":true,"href":"https:\/\/as-surques-escoeuilles.fr\/index.php\/wp-json\/wp\/v2\/categories?post=2097"},{"taxonomy":"post_tag","embeddable":true,"href":"https:\/\/as-surques-escoeuilles.fr\/index.php\/wp-json\/wp\/v2\/tags?post=2097"}],"curies":[{"name":"wp","href":"https:\/\/api.w.org\/{rel}","templated":true}]}}