{"id":2100,"date":"2019-05-20T03:28:41","date_gmt":"2019-05-20T01:28:41","guid":{"rendered":"http:\/\/as-surques-escoeuilles.fr\/?p=2100"},"modified":"2019-05-22T10:15:14","modified_gmt":"2019-05-22T08:15:14","slug":"entrainement-seniors-du-we","status":"publish","type":"post","link":"https:\/\/as-surques-escoeuilles.fr\/index.php\/2019\/05\/20\/entrainement-seniors-du-we\/","title":{"rendered":"Planning s\u00e9niors"},"content":{"rendered":"\n<p>Le programme S\u00e9niors H des prochains jours :<br><\/p>\n\n\n\n<ul><li> Mercredi 22 mai 19h00 entra\u00eenement <\/li><li> Vendredi 24 mai 19h00 entra\u00eenement <\/li><\/ul>\n\n\n\n<p><br><\/p>\n\n\n\n<p><br><br><\/p>\n\n\n\n<p><br><\/p>\n\n\n\n<p><\/p>\n\n\n\n<p><\/p>\n\n\n\n<p><br><\/p>\n\n\n\n<p><br><\/p>\n","protected":false},"excerpt":{"rendered":"<p>Le programme S\u00e9niors H des prochains jours : Mercredi 22 mai 19h00 entra\u00eenement Vendredi 24 mai 19h00 entra\u00eenement<\/p>\n","protected":false},"author":1,"featured_media":2101,"comment_status":"open","ping_status":"open","sticky":false,"template":"","format":"standard","meta":{"ngg_post_thumbnail":0,"jetpack_post_was_ever_published":false,"jetpack_publicize_message":"","jetpack_is_tweetstorm":false,"jetpack_publicize_feature_enabled":true,"jetpack_social_post_already_shared":true,"jetpack_social_options":{"image_generator_settings":{"template":"highway","enabled":false}}},"categories":[1],"tags":[27],"jetpack_publicize_connections":[],"jetpack_featured_media_url":"https:\/\/i0.wp.com\/as-surques-escoeuilles.fr\/wp-content\/uploads\/2018\/11\/index.jpg?fit=303%2C166&ssl=1","jetpack_sharing_enabled":true,"jetpack_shortlink":"https:\/\/wp.me\/p8dhOI-xS","jetpack-related-posts":[{"id":488,"url":"https:\/\/as-surques-escoeuilles.fr\/index.php\/2017\/07\/11\/reprise-seniors-u18\/","url_meta":{"origin":2100,"position":0},"title":"Reprise S\u00e9niors-U18","date":"11 juillet 2017","format":false,"excerpt":"Vous trouverez ci-dessous le d\u00e9but du planning de reprise des entra\u00eenements s\u00e9niors U18. Pensez \u00e0 vous munir d'une paire de running, d'une paire de crampons et d'eau. Pour la participation aux matches de pr\u00e9paration, la licence devra absolument \u00eatre valid\u00e9e aupr\u00e8s de la ligue. N'oubliez pas de suivre le programme\u2026","rel":"","context":"Dans &quot;S\u00e9niors&quot;","img":{"alt_text":"","src":"https:\/\/i0.wp.com\/as-surques-escoeuilles.fr\/wp-content\/uploads\/2017\/07\/ILLUSTRATION_ENTRAINEMENT_160609__lr5bwc.jpg?fit=664%2C376&ssl=1&resize=350%2C200","width":350,"height":200},"classes":[]},{"id":386,"url":"https:\/\/as-surques-escoeuilles.fr\/index.php\/2017\/04\/26\/entrainement-seniors-precision\/","url_meta":{"origin":2100,"position":1},"title":"Entra\u00eenement s\u00e9niors : pr\u00e9cision","date":"26 avril 2017","format":false,"excerpt":"Les entra\u00eenements s\u00e9niors du vendredi sont annul\u00e9s. Les entra\u00eenements du mercredi sont maintenus \u00e0 19h00 au stade jusqu'au mercredi 17 mai. Les entra\u00eenements s\u00e9niors seront alors stopp\u00e9s apr\u00e8s cette date pour permettre l'entretien du terrain apr\u00e8s la derni\u00e8re journ\u00e9e de championnat du 21 mai 2017. Les entra\u00eeneurs s\u00e9niors","rel":"","context":"Dans &quot;Non class\u00e9&quot;","img":{"alt_text":"","src":"https:\/\/i0.wp.com\/as-surques-escoeuilles.fr\/wp-content\/uploads\/2017\/03\/WP_20150507_18_20_00_Pro.jpg?fit=1200%2C675&ssl=1&resize=350%2C200","width":350,"height":200},"classes":[]},{"id":278,"url":"https:\/\/as-surques-escoeuilles.fr\/index.php\/2017\/01\/10\/entrainement-seniors\/","url_meta":{"origin":2100,"position":2},"title":"Entra\u00eenement S\u00e9niors","date":"10 janvier 2017","format":false,"excerpt":"L'organisation des entra\u00eenements s\u00e9niors est modifi\u00e9e le jeudi soir : une seule s\u00e9ance commune aura dor\u00e9navant lieu \u00e0 19h00 \u00e0 la salle de Licques.","rel":"","context":"Dans &quot;S\u00e9niors&quot;","img":{"alt_text":"","src":"","width":0,"height":0},"classes":[]},{"id":412,"url":"https:\/\/as-surques-escoeuilles.fr\/index.php\/2017\/05\/22\/entrainement-maintenu-et-barbecue\/","url_meta":{"origin":2100,"position":3},"title":"Entra\u00eenement maintenu et barbecue","date":"22 mai 2017","format":false,"excerpt":"L'entra\u00eenement s\u00e9niors de ce mercredi 24 mai est maintenu \u00e0 l'horaire habituel (19h00). Sur proposition des joueurs s\u00e9niors, un barbecue sera propos\u00e9 \u00e0 l'effectif \u00e0 l'issue de cet entra\u00eenement sous un mode participatif : pensez-donc \u00e0 amener un petit quelque chose de votre c\u00f4t\u00e9 pour rendre ce moment agr\u00e9able (saucisse,\u2026","rel":"","context":"Dans &quot;S\u00e9niors&quot;","img":{"alt_text":"","src":"https:\/\/i0.wp.com\/as-surques-escoeuilles.fr\/wp-content\/uploads\/2017\/05\/2081195_la-l1-de-football-rebaptisee-ligue-1-conforama-web-tete-0211992778531.jpg?fit=1000%2C533&ssl=1&resize=350%2C200","width":350,"height":200},"classes":[]},{"id":3064,"url":"https:\/\/as-surques-escoeuilles.fr\/index.php\/2019\/10\/08\/entrainement-seniors-3\/","url_meta":{"origin":2100,"position":4},"title":"Entrainement s\u00e9niors","date":"8 octobre 2019","format":false,"excerpt":"En raison de l'\u00e9tat du terrain, les entra\u00eenements s\u00e9niors H de la semaine sont annul\u00e9s.Une s\u00e9ance sur synth\u00e9tique \u00e0 Lumbres aura lieu mercredi 9 octobre \u00e0 19h00.","rel":"","context":"Dans &quot;S\u00e9niors&quot;","img":{"alt_text":"","src":"https:\/\/i0.wp.com\/as-surques-escoeuilles.fr\/wp-content\/uploads\/2018\/01\/info_s\u00e9niors.png?fit=962%2C435&ssl=1&resize=350%2C200","width":350,"height":200},"classes":[]},{"id":296,"url":"https:\/\/as-surques-escoeuilles.fr\/index.php\/2017\/03\/27\/entrainement\/","url_meta":{"origin":2100,"position":5},"title":"Entra\u00eenement","date":"27 mars 2017","format":false,"excerpt":"Les entra\u00eenements sur herbe ont repris cette semaine au stade avec une s\u00e9ance le mercredi \u00e0 19h00 et le vendredi\u00a0 \u00e0 19h00. Rappelons que les performances du week-end sont tr\u00e8s fortement corr\u00e9l\u00e9es aux efforts personnels de la semaine aux entra\u00eenements.","rel":"","context":"Dans &quot;S\u00e9niors&quot;","img":{"alt_text":"","src":"https:\/\/i0.wp.com\/as-surques-escoeuilles.fr\/wp-content\/uploads\/2017\/03\/WP_20150507_18_20_00_Pro.jpg?fit=1200%2C675&ssl=1&resize=350%2C200","width":350,"height":200},"classes":[]}],"_links":{"self":[{"href":"https:\/\/as-surques-escoeuilles.fr\/index.php\/wp-json\/wp\/v2\/posts\/2100"}],"collection":[{"href":"https:\/\/as-surques-escoeuilles.fr\/index.php\/wp-json\/wp\/v2\/posts"}],"about":[{"href":"https:\/\/as-surques-escoeuilles.fr\/index.php\/wp-json\/wp\/v2\/types\/post"}],"author":[{"embeddable":true,"href":"https:\/\/as-surques-escoeuilles.fr\/index.php\/wp-json\/wp\/v2\/users\/1"}],"replies":[{"embeddable":true,"href":"https:\/\/as-surques-escoeuilles.fr\/index.php\/wp-json\/wp\/v2\/comments?post=2100"}],"version-history":[{"count":0,"href":"https:\/\/as-surques-escoeuilles.fr\/index.php\/wp-json\/wp\/v2\/posts\/2100\/revisions"}],"wp:featuredmedia":[{"embeddable":true,"href":"https:\/\/as-surques-escoeuilles.fr\/index.php\/wp-json\/wp\/v2\/media\/2101"}],"wp:attachment":[{"href":"https:\/\/as-surques-escoeuilles.fr\/index.php\/wp-json\/wp\/v2\/media?parent=2100"}],"wp:term":[{"taxonomy":"category","embeddable":true,"href":"https:\/\/as-surques-escoeuilles.fr\/index.php\/wp-json\/wp\/v2\/categories?post=2100"},{"taxonomy":"post_tag","embeddable":true,"href":"https:\/\/as-surques-escoeuilles.fr\/index.php\/wp-json\/wp\/v2\/tags?post=2100"}],"curies":[{"name":"wp","href":"https:\/\/api.w.org\/{rel}","templated":true}]}}