{"id":2242,"date":"2019-01-01T11:38:36","date_gmt":"2019-01-01T10:38:36","guid":{"rendered":"http:\/\/as-surques-escoeuilles.fr\/?p=2242"},"modified":"2019-01-01T11:39:13","modified_gmt":"2019-01-01T10:39:13","slug":"voeux-2019","status":"publish","type":"post","link":"https:\/\/as-surques-escoeuilles.fr\/index.php\/2019\/01\/01\/voeux-2019\/","title":{"rendered":"Voeux 2019"},"content":{"rendered":"\n<p>L&rsquo; ASSE adresse ses meilleurs v\u0153ux de bonheur et de r\u00e9ussite \u00e0 l&rsquo;ensemble de ses licenci\u00e9s, dirigeants, parents, partenaires et supporters. Que cette ann\u00e9e soit encore riche d&rsquo;\u00e9motions sportives sous les couleurs Orange et Noir !<\/p>\n","protected":false},"excerpt":{"rendered":"<p>L&rsquo; ASSE adresse ses meilleurs v\u0153ux de bonheur et de r\u00e9ussite \u00e0 l&rsquo;ensemble de ses licenci\u00e9s, dirigeants, parents, partenaires et<\/p>\n","protected":false},"author":1,"featured_media":2243,"comment_status":"open","ping_status":"open","sticky":false,"template":"","format":"standard","meta":{"ngg_post_thumbnail":0,"jetpack_post_was_ever_published":false,"jetpack_publicize_message":"","jetpack_is_tweetstorm":false,"jetpack_publicize_feature_enabled":true,"jetpack_social_post_already_shared":true,"jetpack_social_options":{"image_generator_settings":{"template":"highway","enabled":false}}},"categories":[1],"tags":[],"jetpack_publicize_connections":[],"jetpack_featured_media_url":"https:\/\/i0.wp.com\/as-surques-escoeuilles.fr\/wp-content\/uploads\/2019\/01\/voeux_2019.png?fit=681%2C331&ssl=1","jetpack_sharing_enabled":true,"jetpack_shortlink":"https:\/\/wp.me\/p8dhOI-Aa","jetpack-related-posts":[{"id":4904,"url":"https:\/\/as-surques-escoeuilles.fr\/index.php\/2021\/01\/13\/meilleurs-voeux\/","url_meta":{"origin":2242,"position":0},"title":"Meilleurs Voeux","date":"13 janvier 2021","format":false,"excerpt":"L'ensemble du comit\u00e9 et du conseil d'administration vous adresse ses voeux les plus sinc\u00e8res pour cette ann\u00e9e 2021. M\u00eame si 2020 fut particuli\u00e8re, gardons l'optimisme d'un retour imminent sur nos installations. Le club continue de travailler dans l'ombre pour sa structuration \u00e0 l'aube de cette d\u00e9cennie.","rel":"","context":"Dans &quot;Communication club&quot;","img":{"alt_text":"","src":"https:\/\/i0.wp.com\/as-surques-escoeuilles.fr\/wp-content\/uploads\/2021\/01\/Diapositive1.png?fit=1200%2C675&ssl=1&resize=350%2C200","width":350,"height":200},"classes":[]},{"id":1486,"url":"https:\/\/as-surques-escoeuilles.fr\/index.php\/2019\/06\/10\/assemblee-generale-2\/","url_meta":{"origin":2242,"position":1},"title":"Assembl\u00e9e g\u00e9n\u00e9rale","date":"10 juin 2019","format":false,"excerpt":"Nous vous rappelons que la pr\u00e9sence\u00a0des licenci\u00e9s ou de leurs membres repr\u00e9sentant pour les mineurs est indispensable pour la bonne connaissance du fonctionnement de notre association et les informations. Nous vous rappelons que cette assembl\u00e9e g\u00e9n\u00e9rale est l\u2019occasion de collecter les v\u0153ux des licenci\u00e9s ou de leurs repr\u00e9sentants concernant le\u2026","rel":"","context":"Dans &quot;Communication club&quot;","img":{"alt_text":"","src":"https:\/\/i0.wp.com\/as-surques-escoeuilles.fr\/wp-content\/uploads\/2018\/06\/Assemble\u0301e.jpg?fit=1200%2C342&ssl=1&resize=350%2C200","width":350,"height":200},"classes":[]},{"id":4051,"url":"https:\/\/as-surques-escoeuilles.fr\/index.php\/2020\/02\/21\/lasse-organise-ses-plateaux-u6-a-u9\/","url_meta":{"origin":2242,"position":2},"title":"L&rsquo;ASSE organise ses plateaux U6 \u00e0 U9","date":"21 f\u00e9vrier 2020","format":false,"excerpt":"Ce jeudi, les \u00e9ducateurs U6 \u00e0 U9 ont organis\u00e9 des plateaux sur le synth\u00e9tique de Lulbres. 15 \u00e9quipes \u00e9taient pr\u00e9sentes malgr\u00e9 le temps pluvieux et venteux pour s'affronter tout au long de l'apr\u00e8s midi. Bravo au courage de tous les enfants participants, aux parents venus encourager et \u00e0 tous les\u2026","rel":"","context":"Dans &quot;Non class\u00e9&quot;","img":{"alt_text":"","src":"https:\/\/i0.wp.com\/as-surques-escoeuilles.fr\/wp-content\/uploads\/2020\/02\/received_18510695183592678462078797488461656-scaled.jpeg?resize=350%2C200&ssl=1","width":350,"height":200},"classes":[]},{"id":2138,"url":"https:\/\/as-surques-escoeuilles.fr\/index.php\/2018\/12\/21\/pere-noel-orange-et-noir\/","url_meta":{"origin":2242,"position":3},"title":"P\u00e8re Noel Orange et Noir !","date":"21 d\u00e9cembre 2018","format":false,"excerpt":"Ce mercredi 19d\u00e9cembre avait lieu le d\u00e9sormais traditionnel arbre de No\u00ebl du club, \u00e0 la salle des f\u00eates de Bainghen. L\u2019ensemble des licenci\u00e9s de mini-foot \u00e0 U13 a pu partager un dernier moment convivial en pr\u00e9sence des parents et des dirigeants du club. Cette ann\u00e9e, le P\u00e8re No\u00ebl a encore\u2026","rel":"","context":"Dans &quot;Non class\u00e9&quot;","img":{"alt_text":"","src":"https:\/\/i0.wp.com\/as-surques-escoeuilles.fr\/wp-content\/uploads\/2018\/12\/IMG_20181219_163812.jpg?fit=1200%2C900&ssl=1&resize=350%2C200","width":350,"height":200},"classes":[]},{"id":799,"url":"https:\/\/as-surques-escoeuilles.fr\/index.php\/2017\/12\/23\/joyeuses-fetes\/","url_meta":{"origin":2242,"position":4},"title":"Joyeuses f\u00eates","date":"23 d\u00e9cembre 2017","format":false,"excerpt":"Le pr\u00e9sident de l'ASSE et l'ensemble des dirigeants souhaitent de bonnes f\u00eates de fin d'ann\u00e9e \u00e0 tous ses licenci\u00e9s, partenaires et supporters !","rel":"","context":"Dans &quot;Non class\u00e9&quot;","img":{"alt_text":"","src":"https:\/\/i0.wp.com\/as-surques-escoeuilles.fr\/wp-content\/uploads\/2017\/12\/38c-gif-joyeuses-fetes-428x321-75sai-my96gg__myns9d-1.jpg?fit=743%2C321&ssl=1&resize=350%2C200","width":350,"height":200},"classes":[]},{"id":773,"url":"https:\/\/as-surques-escoeuilles.fr\/index.php\/2017\/12\/21\/un-pere-noel-genereux\/","url_meta":{"origin":2242,"position":5},"title":"Un P\u00e8re No\u00ebl g\u00e9n\u00e9reux !","date":"21 d\u00e9cembre 2017","format":"image","excerpt":"Ce mercredi 20 d\u00e9cembre avait lieu l'arbre de No\u00ebl du club, \u00e0 la salle des f\u00eates de Bainghen. L'ensemble des licenci\u00e9s de mini-foot \u00e0 U13 a pu partager un dernier moment convivial en pr\u00e9sence des parents et des dirigeants du club. Cette ann\u00e9e, le P\u00e8re No\u00ebl a \u00e9t\u00e9 particuli\u00e8rement g\u00e9n\u00e9reux\u2026","rel":"","context":"Dans &quot;Non class\u00e9&quot;","img":{"alt_text":"","src":"https:\/\/i0.wp.com\/as-surques-escoeuilles.fr\/wp-content\/uploads\/2017\/12\/IMG_20171220_163423.jpg?fit=1200%2C900&ssl=1&resize=350%2C200","width":350,"height":200},"classes":[]}],"_links":{"self":[{"href":"https:\/\/as-surques-escoeuilles.fr\/index.php\/wp-json\/wp\/v2\/posts\/2242"}],"collection":[{"href":"https:\/\/as-surques-escoeuilles.fr\/index.php\/wp-json\/wp\/v2\/posts"}],"about":[{"href":"https:\/\/as-surques-escoeuilles.fr\/index.php\/wp-json\/wp\/v2\/types\/post"}],"author":[{"embeddable":true,"href":"https:\/\/as-surques-escoeuilles.fr\/index.php\/wp-json\/wp\/v2\/users\/1"}],"replies":[{"embeddable":true,"href":"https:\/\/as-surques-escoeuilles.fr\/index.php\/wp-json\/wp\/v2\/comments?post=2242"}],"version-history":[{"count":0,"href":"https:\/\/as-surques-escoeuilles.fr\/index.php\/wp-json\/wp\/v2\/posts\/2242\/revisions"}],"wp:featuredmedia":[{"embeddable":true,"href":"https:\/\/as-surques-escoeuilles.fr\/index.php\/wp-json\/wp\/v2\/media\/2243"}],"wp:attachment":[{"href":"https:\/\/as-surques-escoeuilles.fr\/index.php\/wp-json\/wp\/v2\/media?parent=2242"}],"wp:term":[{"taxonomy":"category","embeddable":true,"href":"https:\/\/as-surques-escoeuilles.fr\/index.php\/wp-json\/wp\/v2\/categories?post=2242"},{"taxonomy":"post_tag","embeddable":true,"href":"https:\/\/as-surques-escoeuilles.fr\/index.php\/wp-json\/wp\/v2\/tags?post=2242"}],"curies":[{"name":"wp","href":"https:\/\/api.w.org\/{rel}","templated":true}]}}