{"id":2279,"date":"2019-01-19T19:30:22","date_gmt":"2019-01-19T18:30:22","guid":{"rendered":"http:\/\/as-surques-escoeuilles.fr\/?p=2279"},"modified":"2019-01-19T19:30:29","modified_gmt":"2019-01-19T18:30:29","slug":"u13-feminines","status":"publish","type":"post","link":"https:\/\/as-surques-escoeuilles.fr\/index.php\/2019\/01\/19\/u13-feminines\/","title":{"rendered":"U13 F\u00e9minines"},"content":{"rendered":"\n<p>Ce samedi apr\u00e8s midi, nos filles recevaient les autres \u00e9quipes engag\u00e9es dans leur crit\u00e9rium f\u00e9minin pour une plateau futsal. <\/p>\n\n\n\n<p>Voil\u00e0 les resultats et la photo finale\u2026 Merci \u00e0 toutes !<br> ASSE &#8211; MONTREUIL (0-1) <br> ASSE &#8211; ST OMER (0-0)<br> ASSE &#8211; HESDIN 1(1-0)<br> ASSE &#8211; HESDIN 2(1-0)<br> MONTREUIL premi\u00e8res<br> ASSE deuxi\u00e8mes<br> ST OMER troisi\u00e8mes<br> HESDIN 1 quatri\u00e8me<br> HESDIN 2 cinqui\u00e8me<\/p>\n\n\n\n<p>F\u00e9licitations aux filles !<\/p>\n\n\n\n<figure class=\"wp-block-image\"><img data-attachment-id=\"2281\" data-permalink=\"https:\/\/as-surques-escoeuilles.fr\/index.php\/2019\/01\/19\/u13-feminines\/image000000\/\" data-orig-file=\"https:\/\/i0.wp.com\/as-surques-escoeuilles.fr\/wp-content\/uploads\/2019\/01\/image000000.jpg?fit=1200%2C900&amp;ssl=1\" data-orig-size=\"1200,900\" data-comments-opened=\"1\" data-image-meta=\"{&quot;aperture&quot;:&quot;0&quot;,&quot;credit&quot;:&quot;&quot;,&quot;camera&quot;:&quot;&quot;,&quot;caption&quot;:&quot;&quot;,&quot;created_timestamp&quot;:&quot;0&quot;,&quot;copyright&quot;:&quot;&quot;,&quot;focal_length&quot;:&quot;0&quot;,&quot;iso&quot;:&quot;0&quot;,&quot;shutter_speed&quot;:&quot;0&quot;,&quot;title&quot;:&quot;&quot;,&quot;orientation&quot;:&quot;0&quot;}\" data-image-title=\"image000000\" data-image-description=\"\" data-image-caption=\"\" data-medium-file=\"https:\/\/i0.wp.com\/as-surques-escoeuilles.fr\/wp-content\/uploads\/2019\/01\/image000000.jpg?fit=300%2C225&amp;ssl=1\" data-large-file=\"https:\/\/i0.wp.com\/as-surques-escoeuilles.fr\/wp-content\/uploads\/2019\/01\/image000000.jpg?fit=800%2C600&amp;ssl=1\" fetchpriority=\"high\" width=\"800\" height=\"600\" src=\"https:\/\/i0.wp.com\/as-surques-escoeuilles.fr\/wp-content\/uploads\/2019\/01\/image000000-1024x768.jpg?resize=800%2C600\" alt=\"\" class=\"wp-image-2281\" srcset=\"https:\/\/i0.wp.com\/as-surques-escoeuilles.fr\/wp-content\/uploads\/2019\/01\/image000000.jpg?resize=1024%2C768&amp;ssl=1 1024w, https:\/\/i0.wp.com\/as-surques-escoeuilles.fr\/wp-content\/uploads\/2019\/01\/image000000.jpg?resize=300%2C225&amp;ssl=1 300w, https:\/\/i0.wp.com\/as-surques-escoeuilles.fr\/wp-content\/uploads\/2019\/01\/image000000.jpg?resize=768%2C576&amp;ssl=1 768w, https:\/\/i0.wp.com\/as-surques-escoeuilles.fr\/wp-content\/uploads\/2019\/01\/image000000.jpg?w=1200&amp;ssl=1 1200w\" sizes=\"(max-width: 800px) 100vw, 800px\" data-recalc-dims=\"1\" \/><figcaption>Plateau futsal du samedi 19 janvier 2019<\/figcaption><\/figure>\n","protected":false},"excerpt":{"rendered":"<p>Ce samedi apr\u00e8s midi, nos filles recevaient les autres \u00e9quipes engag\u00e9es dans leur crit\u00e9rium f\u00e9minin pour une plateau futsal. Voil\u00e0<\/p>\n","protected":false},"author":1,"featured_media":2280,"comment_status":"open","ping_status":"open","sticky":false,"template":"","format":"standard","meta":{"ngg_post_thumbnail":0,"jetpack_post_was_ever_published":false,"jetpack_publicize_message":"","jetpack_is_tweetstorm":false,"jetpack_publicize_feature_enabled":true,"jetpack_social_post_already_shared":true,"jetpack_social_options":{"image_generator_settings":{"template":"highway","enabled":false}}},"categories":[1],"tags":[],"jetpack_publicize_connections":[],"jetpack_featured_media_url":"https:\/\/i0.wp.com\/as-surques-escoeuilles.fr\/wp-content\/uploads\/2019\/01\/FB_IMG_1547922130007.jpg?fit=720%2C540&ssl=1","jetpack_sharing_enabled":true,"jetpack_shortlink":"https:\/\/wp.me\/p8dhOI-AL","jetpack-related-posts":[{"id":751,"url":"https:\/\/as-surques-escoeuilles.fr\/index.php\/2017\/12\/17\/feminines-u11-asse-us-st-omer-samedi-16-12-a-14h15\/","url_meta":{"origin":2279,"position":0},"title":"F\u00e9minines U11 : ASSE \/ US St Omer (2-8)","date":"17 d\u00e9cembre 2017","format":false,"excerpt":"Nos f\u00e9minines U11 re\u00e7oivent l'US St Omer ce samedi 16 d\u00e9cembre \u00e0 14h15 \u00e0 la salle de Licques. Les joueuses n'ont pas d\u00e9m\u00e9rit\u00e9 face \u00e0 une belle \u00e9quipe de Saint-Omer qui a remport\u00e9 le match (2-8). Les Orange et Noires ont bataill\u00e9 toute la rencontre, montrant au public venu tr\u00e8s\u2026","rel":"","context":"Dans &quot;Non class\u00e9&quot;","img":{"alt_text":"","src":"https:\/\/i0.wp.com\/as-surques-escoeuilles.fr\/wp-content\/uploads\/2017\/12\/Foot-f\u00e9minin-02.png?fit=600%2C332&ssl=1&resize=350%2C200","width":350,"height":200},"classes":[]},{"id":713,"url":"https:\/\/as-surques-escoeuilles.fr\/index.php\/2017\/12\/15\/remise-generale\/","url_meta":{"origin":2279,"position":1},"title":"Remise g\u00e9n\u00e9rale sauf&#8230;","date":"15 d\u00e9cembre 2017","format":false,"excerpt":"Dans un souci de pr\u00e9server les terrains, le District C\u00f4te d\u2019Opale a pris la d\u00e9cision de reporter \u00e0 une date ult\u00e9rieure tous les matchs organis\u00e9s par celui-ci les 16 et 17 d\u00e9cembre 2017 ATTENTION : le match du crit\u00e9rium f\u00e9minin U11 ASSE - US St OMER est maintenu \u00e0 la\u2026","rel":"","context":"Dans &quot;Non class\u00e9&quot;","img":{"alt_text":"","src":"","width":0,"height":0},"classes":[]},{"id":2807,"url":"https:\/\/as-surques-escoeuilles.fr\/index.php\/2019\/08\/12\/seniors-programme\/","url_meta":{"origin":2279,"position":2},"title":"Seniors : programme","date":"12 ao\u00fbt 2019","format":false,"excerpt":"Mardi 13 ao\u00fbt- 19h00 : s\u00e9ance d'entra\u00eenement Mercredi 14 ao\u00fbt- 19h00 : Landrethun le nord- Asse Jeudi 15 ao\u00fbt : tournoi d'Alquines Vendredi 16 ao\u00fbt- 19h00 : s\u00e9ance d'entra\u00eenement Samedi 17 ao\u00fbt- 18h00 : Asse- Bonningues les Ardres Dimanche 18 ao\u00fbt- 10h30 : Calais Hauts de France- Asse","rel":"","context":"Dans &quot;Non class\u00e9&quot;","img":{"alt_text":"","src":"https:\/\/i0.wp.com\/as-surques-escoeuilles.fr\/wp-content\/uploads\/2019\/08\/programme-de-la-semaine__nth6ea.jpg?fit=400%2C300&ssl=1&resize=350%2C200","width":350,"height":200},"classes":[]},{"id":3976,"url":"https:\/\/as-surques-escoeuilles.fr\/index.php\/2020\/02\/09\/resultats-du-week-end-2\/","url_meta":{"origin":2279,"position":3},"title":"R\u00e9sultats du week-end","date":"9 f\u00e9vrier 2020","format":false,"excerpt":"Alerte m\u00e9t\u00e9o oblige, tous les matches du dimanche sont report\u00e9s. Retrouvez donc tous les r\u00e9sultats ci-dessous : - Victoire de tous nos U13 : en gar\u00e7ons \u00e0 Seninghem (3-6) et en filles \u00e0 Hesdin (2-3) - D\u00e9faite des U11 \u00e0 Quiestede 1-2 -D\u00e9faite des U17 \u00e0 Guines 0-2 dans un\u2026","rel":"","context":"Dans &quot;r\u00e9sultats&quot;","img":{"alt_text":"","src":"https:\/\/i0.wp.com\/as-surques-escoeuilles.fr\/wp-content\/uploads\/2020\/02\/part0000011.jpg?fit=1200%2C900&ssl=1&resize=350%2C200","width":350,"height":200},"classes":[]},{"id":1956,"url":"https:\/\/as-surques-escoeuilles.fr\/index.php\/2018\/10\/20\/des-u11-a-la-fete\/","url_meta":{"origin":2279,"position":4},"title":"Des U11 \u00e0 la f\u00eate","date":"20 octobre 2018","format":false,"excerpt":"Ce samedi matin, nos U12 f\u00e9minines recevaient Boulogne et Hesdin dans le cadre des interclubs. L'occasion de rencontrer encore une fois de bien belles \u00e9quipes, et de participer \u00e0 des ateliers et d\u00e9fis mis en place par les \u00e9ducateurs Orange et Noirs. Dans l'apr\u00e8s -midi, les U11 gar\u00e7ons se rendaient\u2026","rel":"","context":"Dans &quot;Non class\u00e9&quot;","img":{"alt_text":"","src":"https:\/\/i0.wp.com\/as-surques-escoeuilles.fr\/wp-content\/uploads\/2018\/10\/44461452_2266824533345281_5183267305630466048_n.jpg?fit=720%2C960&ssl=1&resize=350%2C200","width":350,"height":200},"classes":[]},{"id":689,"url":"https:\/\/as-surques-escoeuilles.fr\/index.php\/2017\/11\/17\/votre-week-end\/","url_meta":{"origin":2279,"position":5},"title":"Votre week-end","date":"17 novembre 2017","format":false,"excerpt":"En raison des conditions climatiques, les matches des \u00e9quipes de l'ASSE sont report\u00e9s \u00e0 une date ult\u00e9rieure sauf : U15 : samedi 18 novembre 15h30 Calais Catena - ASSE S\u00e9niors A : dimanche 19 novembre 15h00 : POLINCOVE - ASSE","rel":"","context":"Dans &quot;Non class\u00e9&quot;","img":{"alt_text":"","src":"","width":0,"height":0},"classes":[]}],"_links":{"self":[{"href":"https:\/\/as-surques-escoeuilles.fr\/index.php\/wp-json\/wp\/v2\/posts\/2279"}],"collection":[{"href":"https:\/\/as-surques-escoeuilles.fr\/index.php\/wp-json\/wp\/v2\/posts"}],"about":[{"href":"https:\/\/as-surques-escoeuilles.fr\/index.php\/wp-json\/wp\/v2\/types\/post"}],"author":[{"embeddable":true,"href":"https:\/\/as-surques-escoeuilles.fr\/index.php\/wp-json\/wp\/v2\/users\/1"}],"replies":[{"embeddable":true,"href":"https:\/\/as-surques-escoeuilles.fr\/index.php\/wp-json\/wp\/v2\/comments?post=2279"}],"version-history":[{"count":0,"href":"https:\/\/as-surques-escoeuilles.fr\/index.php\/wp-json\/wp\/v2\/posts\/2279\/revisions"}],"wp:featuredmedia":[{"embeddable":true,"href":"https:\/\/as-surques-escoeuilles.fr\/index.php\/wp-json\/wp\/v2\/media\/2280"}],"wp:attachment":[{"href":"https:\/\/as-surques-escoeuilles.fr\/index.php\/wp-json\/wp\/v2\/media?parent=2279"}],"wp:term":[{"taxonomy":"category","embeddable":true,"href":"https:\/\/as-surques-escoeuilles.fr\/index.php\/wp-json\/wp\/v2\/categories?post=2279"},{"taxonomy":"post_tag","embeddable":true,"href":"https:\/\/as-surques-escoeuilles.fr\/index.php\/wp-json\/wp\/v2\/tags?post=2279"}],"curies":[{"name":"wp","href":"https:\/\/api.w.org\/{rel}","templated":true}]}}