{"id":2631,"date":"2019-05-30T18:21:51","date_gmt":"2019-05-30T16:21:51","guid":{"rendered":"http:\/\/as-surques-escoeuilles.fr\/?p=2631"},"modified":"2019-05-30T18:21:51","modified_gmt":"2019-05-30T16:21:51","slug":"cdm-feminines-informations-deplacement","status":"publish","type":"post","link":"https:\/\/as-surques-escoeuilles.fr\/index.php\/2019\/05\/30\/cdm-feminines-informations-deplacement\/","title":{"rendered":"CDM F\u00e9minines : informations d\u00e9placement"},"content":{"rendered":"\n<p>Le grand jour approche : les personnes ayant r\u00e9serv\u00e9 une place pour le d\u00e9placement au Parc des Princes le vendredi 7 juin sont attendus sur le parking du transporteur BAY (rue Noble \u00e0 Surques ) \u00e0 <strong>14h15 pr\u00e9cises<\/strong>. L&rsquo;heure de retour n&rsquo;est pas encore connue mais sera communiqu\u00e9e aux participants d\u00e8s que nous le saurons.<\/p>\n\n\n\n<p>Un petit panier sera offert aux participants (2 sandwiches de Bruno Catez, une boisson et un paquet de chips). Pour les personnes amenant \u00e9ventuellement leur repas, les bouteilles ne seront pas accept\u00e9s dans l&rsquo;enceinte du stade.<\/p>\n","protected":false},"excerpt":{"rendered":"<p>Le grand jour approche : les personnes ayant r\u00e9serv\u00e9 une place pour le d\u00e9placement au Parc des Princes le vendredi<\/p>\n","protected":false},"author":1,"featured_media":2633,"comment_status":"open","ping_status":"open","sticky":false,"template":"","format":"standard","meta":{"ngg_post_thumbnail":0,"jetpack_post_was_ever_published":false,"jetpack_publicize_message":"","jetpack_is_tweetstorm":false,"jetpack_publicize_feature_enabled":true,"jetpack_social_post_already_shared":true,"jetpack_social_options":{"image_generator_settings":{"template":"highway","enabled":false}}},"categories":[1],"tags":[],"jetpack_publicize_connections":[],"jetpack_featured_media_url":"https:\/\/i0.wp.com\/as-surques-escoeuilles.fr\/wp-content\/uploads\/2019\/05\/football-match-feminin-ok-B.jpg?fit=768%2C432&ssl=1","jetpack_sharing_enabled":true,"jetpack_shortlink":"https:\/\/wp.me\/p8dhOI-Gr","jetpack-related-posts":[{"id":4724,"url":"https:\/\/as-surques-escoeuilles.fr\/index.php\/2020\/09\/21\/seniors-resultats-du-week-end\/","url_meta":{"origin":2631,"position":0},"title":"Seniors : r\u00e9sultats du week-end","date":"21 septembre 2020","format":false,"excerpt":"- les seniors f\u00e9minines s'inclinent 5-0 en amical \u00e0 Vieil \u00c9glise samedi soir - les seniors C valident un bon d\u00e9but de saison en allant chercher un match nul \u00e0 Hucqueliers 1-1. Gillet est le buteur du match apr\u00e8s avoir suivi une frappe de Wilbal - les seniors B ont\u2026","rel":"","context":"Dans &quot;Non class\u00e9&quot;","img":{"alt_text":"","src":"https:\/\/i0.wp.com\/as-surques-escoeuilles.fr\/wp-content\/uploads\/2020\/09\/received_8692056436138382854904673706649126-1-scaled.jpeg?fit=1200%2C900&ssl=1&resize=350%2C200","width":350,"height":200},"classes":[]},{"id":3320,"url":"https:\/\/as-surques-escoeuilles.fr\/index.php\/2019\/12\/16\/challenge-futsal-feminin-1ere-journee\/","url_meta":{"origin":2631,"position":1},"title":"Challenge Futsal F\u00e9minin :1ere journ\u00e9e","date":"16 d\u00e9cembre 2019","format":false,"excerpt":"Ce dimanche 15 d\u00e9cembre voyait une premi\u00e8re \u00e9quipe Orange et Noire ouvrir le challenge Futsal F\u00e9minin \u00e0 Dennebroeucq face \u00e0 Recques sur Hem. Le match d\u00e9butait parfaitement sur les chapeaux de roue pour l'ASSE qui prenait deux buts d'avance par Guilbert et Dupeux. Malheureusement, nos Orange ont litt\u00e9ralement vid\u00e9 leurs\u2026","rel":"","context":"Dans &quot;F\u00e9minines&quot;","img":{"alt_text":"","src":"https:\/\/i0.wp.com\/as-surques-escoeuilles.fr\/wp-content\/uploads\/2019\/12\/received_487372705233647.jpeg?fit=1200%2C568&ssl=1&resize=350%2C200","width":350,"height":200},"classes":[]},{"id":4720,"url":"https:\/\/as-surques-escoeuilles.fr\/index.php\/2020\/09\/19\/jeunes-resultats-du-19-septembre\/","url_meta":{"origin":2631,"position":2},"title":"Jeunes : r\u00e9sultats du 19 septembre","date":"19 septembre 2020","format":false,"excerpt":"Sans faute pour nos U11 : \u00e0 domicile, un groupe bat Renescure 4-1. L'\u00e9quipe en d\u00e9placement bat Eperlecques 4-3 en revenant trois fois au score ! Deux \u00e9quipes U13 sur les trois jouaient : l'\u00e9quipe 1 niveau 3 s'est rendu \u00e0 Saint Martin au Laert et l'emporte 9-0. L'equipe 2\u2026","rel":"","context":"Dans &quot;Non class\u00e9&quot;","img":{"alt_text":"","src":"https:\/\/i0.wp.com\/as-surques-escoeuilles.fr\/wp-content\/uploads\/2020\/09\/received_6555348053726515768443193913779205-scaled.jpeg?resize=350%2C200&ssl=1","width":350,"height":200},"classes":[]},{"id":4706,"url":"https:\/\/as-surques-escoeuilles.fr\/index.php\/2020\/09\/08\/coupe-de-france-pas-d-exploit-pour-les-orange\/","url_meta":{"origin":2631,"position":3},"title":"Coupe de France : pas d&rsquo; exploit pour les Orange","date":"8 septembre 2020","format":false,"excerpt":"Ce dimanche avait lieu le second tour de Coupe de France avec une affiche de gala face \u00e0 Arques, \u00e9quipe de R3. 300 personnes sont venues porter les Orange en qu\u00eate d'exploit. Elles y o't cru pendant 45 minutes o\u00f9 l'ASSE \u00e0 tenu t\u00eate aux visiteurs. Mais au retour des\u2026","rel":"","context":"Dans &quot;Non class\u00e9&quot;","img":{"alt_text":"","src":"https:\/\/i0.wp.com\/as-surques-escoeuilles.fr\/wp-content\/uploads\/2020\/09\/received_361975764821364-scaled.jpeg?fit=1200%2C900&ssl=1&resize=350%2C200","width":350,"height":200},"classes":[]},{"id":3888,"url":"https:\/\/as-surques-escoeuilles.fr\/index.php\/2020\/01\/22\/pef-u9-delocalisation-de-la-seance-dentrainement-en-autopartage-electrique\/","url_meta":{"origin":2631,"position":4},"title":"PEF-U9 : d\u00e9localisation de la s\u00e9ance d&rsquo;entra\u00eenement en autopartage \u00e9lectrique","date":"22 janvier 2020","format":false,"excerpt":"Ce mercredi, Beno\u00eet G. A d\u00e9localis\u00e9 l'entra\u00eenement des U9 pour faire d\u00e9couvrir aux jeunes Orange et Noirs la surface synth\u00e9tique de Lumbres pour leur s\u00e9ance du jour. Initiative tr\u00e8s appr\u00e9ci\u00e9e des enfants qui leur ont permis de rechausser les crampons en cette p\u00e9riode de terrain gras.Les joueurs en ont profit\u00e9\u2026","rel":"","context":"Dans &quot;Programme Educatif F\u00e9d\u00e9ral&quot;","img":{"alt_text":"","src":"https:\/\/i0.wp.com\/as-surques-escoeuilles.fr\/wp-content\/uploads\/2020\/01\/IMG_20200122_154929.jpg?fit=1200%2C594&ssl=1&resize=350%2C200","width":350,"height":200},"classes":[]},{"id":5829,"url":"https:\/\/as-surques-escoeuilles.fr\/index.php\/2022\/09\/19\/coupe-de-france-feminine-aux-portes-de-lexploit\/","url_meta":{"origin":2631,"position":5},"title":"Coupe de France F\u00e9minine : aux portes de l&rsquo;exploit","date":"19 septembre 2022","format":false,"excerpt":"Ce dimanche 18 septembre, nos s\u00e9niors F\u00e9minines ont v\u00e9cu leur premier match de Coupe de France de leur histoire en se rendant sur la pelouse de Li\u00e9vin ! Et l'exploit \u00e9tait tout proche.... L'\u00e9quipe fut imm\u00e9diatement bien en place tactiquement, en maintenant cette rigueur toute au long de la p\u00e9riode.\u2026","rel":"","context":"Dans &quot;F\u00e9minines&quot;","img":{"alt_text":"","src":"https:\/\/i0.wp.com\/as-surques-escoeuilles.fr\/wp-content\/uploads\/2022\/09\/307714539_500940918710613_1970919281319937262_n.jpg?fit=1200%2C798&ssl=1&resize=350%2C200","width":350,"height":200},"classes":[]}],"_links":{"self":[{"href":"https:\/\/as-surques-escoeuilles.fr\/index.php\/wp-json\/wp\/v2\/posts\/2631"}],"collection":[{"href":"https:\/\/as-surques-escoeuilles.fr\/index.php\/wp-json\/wp\/v2\/posts"}],"about":[{"href":"https:\/\/as-surques-escoeuilles.fr\/index.php\/wp-json\/wp\/v2\/types\/post"}],"author":[{"embeddable":true,"href":"https:\/\/as-surques-escoeuilles.fr\/index.php\/wp-json\/wp\/v2\/users\/1"}],"replies":[{"embeddable":true,"href":"https:\/\/as-surques-escoeuilles.fr\/index.php\/wp-json\/wp\/v2\/comments?post=2631"}],"version-history":[{"count":0,"href":"https:\/\/as-surques-escoeuilles.fr\/index.php\/wp-json\/wp\/v2\/posts\/2631\/revisions"}],"wp:featuredmedia":[{"embeddable":true,"href":"https:\/\/as-surques-escoeuilles.fr\/index.php\/wp-json\/wp\/v2\/media\/2633"}],"wp:attachment":[{"href":"https:\/\/as-surques-escoeuilles.fr\/index.php\/wp-json\/wp\/v2\/media?parent=2631"}],"wp:term":[{"taxonomy":"category","embeddable":true,"href":"https:\/\/as-surques-escoeuilles.fr\/index.php\/wp-json\/wp\/v2\/categories?post=2631"},{"taxonomy":"post_tag","embeddable":true,"href":"https:\/\/as-surques-escoeuilles.fr\/index.php\/wp-json\/wp\/v2\/tags?post=2631"}],"curies":[{"name":"wp","href":"https:\/\/api.w.org\/{rel}","templated":true}]}}