{"id":2786,"date":"2019-08-08T21:43:29","date_gmt":"2019-08-08T19:43:29","guid":{"rendered":"http:\/\/as-surques-escoeuilles.fr\/?p=2786"},"modified":"2019-08-08T22:38:52","modified_gmt":"2019-08-08T20:38:52","slug":"seniors-point-mercato","status":"publish","type":"post","link":"https:\/\/as-surques-escoeuilles.fr\/index.php\/2019\/08\/08\/seniors-point-mercato\/","title":{"rendered":"S\u00e9niors : point mercato"},"content":{"rendered":"\n<p>Avec deux accessions obtenues en D3 et D5 et une volont\u00e9 de faire progresser  encore plus l&rsquo;\u00e9quipe en D7,  l&rsquo;ASSE a effectu\u00e9 un effort estival pour renforcer ses trois \u00e9quipes.  Le point sur les diff\u00e9rentes arriv\u00e9es : <\/p>\n\n\n\n<!--more-->\n\n\n\n<blockquote class=\"wp-block-quote\"><p>Je tiens d\u00e9j\u00e0 \u00e0 remercier le club qui a fait l&rsquo;effort de payer autant de mutations cet \u00e9t\u00e9 pour renforcer nos trois \u00e9quipes. L&rsquo;intersaison \u00e0 \u00e9t\u00e9 bien g\u00e9r\u00e9e puisque nous avons su garder nos cadres et les jeunes qui ont d\u00e9couvert les seniors cette ann\u00e9e, avec donc un gain d&rsquo;exp\u00e9rience. Le nombre d&rsquo;arriv\u00e9es montre l&rsquo;attractivit\u00e9 que nous pouvons avoir depuis quelques temps, et incite le staff \u00e0 toujours travailler plus pour satisfaire aux attentes de tous les joueurs, quelle que soit l&rsquo;\u00e9quipe dans laquelle ils \u00e9volueront. Il s&rsquo;agit en plus de recrues de tr\u00e8s grande qualit\u00e9, humaine et sportive, qui ont d\u00e9j\u00e0 montr\u00e9 \u00e9norm\u00e9ment de choses positives depuis le mois de juillet. Nous avons donc toutes les armes pour travailler sereinement cette saison ! <\/p><cite>Beno\u00eet F, coach<\/cite><\/blockquote>\n\n\n\n<figure class=\"wp-block-image\"><img data-attachment-id=\"2787\" data-permalink=\"https:\/\/as-surques-escoeuilles.fr\/index.php\/2019\/08\/08\/seniors-point-mercato\/sdr\/\" data-orig-file=\"https:\/\/i0.wp.com\/as-surques-escoeuilles.fr\/wp-content\/uploads\/2019\/08\/IMG_20190802_212020.jpg?fit=4608%2C3456&amp;ssl=1\" data-orig-size=\"4608,3456\" data-comments-opened=\"1\" data-image-meta=\"{&quot;aperture&quot;:&quot;2.2&quot;,&quot;credit&quot;:&quot;&quot;,&quot;camera&quot;:&quot;ANE-LX1&quot;,&quot;caption&quot;:&quot;sdr&quot;,&quot;created_timestamp&quot;:&quot;1564780827&quot;,&quot;copyright&quot;:&quot;&quot;,&quot;focal_length&quot;:&quot;3.81&quot;,&quot;iso&quot;:&quot;64&quot;,&quot;shutter_speed&quot;:&quot;0.02&quot;,&quot;title&quot;:&quot;sdr&quot;,&quot;orientation&quot;:&quot;0&quot;}\" data-image-title=\"sdr\" data-image-description=\"\" data-image-caption=\"&lt;p&gt;sdr&lt;\/p&gt;\n\" data-medium-file=\"https:\/\/i0.wp.com\/as-surques-escoeuilles.fr\/wp-content\/uploads\/2019\/08\/IMG_20190802_212020.jpg?fit=300%2C225&amp;ssl=1\" data-large-file=\"https:\/\/i0.wp.com\/as-surques-escoeuilles.fr\/wp-content\/uploads\/2019\/08\/IMG_20190802_212020.jpg?fit=800%2C600&amp;ssl=1\" fetchpriority=\"high\" width=\"4608\" height=\"3456\" src=\"https:\/\/i2.wp.com\/as-surques-escoeuilles.fr\/wp-content\/uploads\/2019\/08\/IMG_20190802_212020.jpg?fit=474%2C356\" alt=\"\" class=\"wp-image-2787\" srcset=\"https:\/\/i0.wp.com\/as-surques-escoeuilles.fr\/wp-content\/uploads\/2019\/08\/IMG_20190802_212020.jpg?w=4608&amp;ssl=1 4608w, https:\/\/i0.wp.com\/as-surques-escoeuilles.fr\/wp-content\/uploads\/2019\/08\/IMG_20190802_212020.jpg?resize=300%2C225&amp;ssl=1 300w, https:\/\/i0.wp.com\/as-surques-escoeuilles.fr\/wp-content\/uploads\/2019\/08\/IMG_20190802_212020.jpg?resize=768%2C576&amp;ssl=1 768w, https:\/\/i0.wp.com\/as-surques-escoeuilles.fr\/wp-content\/uploads\/2019\/08\/IMG_20190802_212020.jpg?resize=1024%2C768&amp;ssl=1 1024w, https:\/\/i0.wp.com\/as-surques-escoeuilles.fr\/wp-content\/uploads\/2019\/08\/IMG_20190802_212020.jpg?w=1600&amp;ssl=1 1600w, https:\/\/i0.wp.com\/as-surques-escoeuilles.fr\/wp-content\/uploads\/2019\/08\/IMG_20190802_212020.jpg?w=2400&amp;ssl=1 2400w\" sizes=\"(max-width: 800px) 100vw, 800px\" \/><figcaption>Julien CARON, 19 ans, est un jeune d\u00e9fenseur prometteur en provenance de Vieil &#8211; Moutier. Il peut \u00e9voluer dans l&rsquo;axe ou sur une c\u00f4t\u00e9 et ses qualit\u00e9s physiques hors-norme apporteront un plus au groupe.<\/figcaption><\/figure>\n\n\n\n<figure class=\"wp-block-image\"><img data-attachment-id=\"2799\" data-permalink=\"https:\/\/as-surques-escoeuilles.fr\/index.php\/2019\/08\/08\/seniors-point-mercato\/dav-7\/\" data-orig-file=\"https:\/\/i0.wp.com\/as-surques-escoeuilles.fr\/wp-content\/uploads\/2019\/08\/IMG_20190808_210346.jpg?fit=1085%2C1948&amp;ssl=1\" data-orig-size=\"1085,1948\" data-comments-opened=\"1\" data-image-meta=\"{&quot;aperture&quot;:&quot;2.2&quot;,&quot;credit&quot;:&quot;&quot;,&quot;camera&quot;:&quot;ANE-LX1&quot;,&quot;caption&quot;:&quot;dav&quot;,&quot;created_timestamp&quot;:&quot;1565298199&quot;,&quot;copyright&quot;:&quot;&quot;,&quot;focal_length&quot;:&quot;3.81&quot;,&quot;iso&quot;:&quot;64&quot;,&quot;shutter_speed&quot;:&quot;0.02&quot;,&quot;title&quot;:&quot;dav&quot;,&quot;orientation&quot;:&quot;1&quot;}\" data-image-title=\"dav\" data-image-description=\"\" data-image-caption=\"&lt;p&gt;dav&lt;\/p&gt;\n\" data-medium-file=\"https:\/\/i0.wp.com\/as-surques-escoeuilles.fr\/wp-content\/uploads\/2019\/08\/IMG_20190808_210346.jpg?fit=167%2C300&amp;ssl=1\" data-large-file=\"https:\/\/i0.wp.com\/as-surques-escoeuilles.fr\/wp-content\/uploads\/2019\/08\/IMG_20190808_210346.jpg?fit=570%2C1024&amp;ssl=1\" width=\"1085\" height=\"1948\" src=\"https:\/\/i2.wp.com\/as-surques-escoeuilles.fr\/wp-content\/uploads\/2019\/08\/IMG_20190808_210346.jpg?fit=474%2C852\" alt=\"\" class=\"wp-image-2799\" srcset=\"https:\/\/i0.wp.com\/as-surques-escoeuilles.fr\/wp-content\/uploads\/2019\/08\/IMG_20190808_210346.jpg?w=1085&amp;ssl=1 1085w, https:\/\/i0.wp.com\/as-surques-escoeuilles.fr\/wp-content\/uploads\/2019\/08\/IMG_20190808_210346.jpg?resize=167%2C300&amp;ssl=1 167w, https:\/\/i0.wp.com\/as-surques-escoeuilles.fr\/wp-content\/uploads\/2019\/08\/IMG_20190808_210346.jpg?resize=768%2C1379&amp;ssl=1 768w, https:\/\/i0.wp.com\/as-surques-escoeuilles.fr\/wp-content\/uploads\/2019\/08\/IMG_20190808_210346.jpg?resize=570%2C1024&amp;ssl=1 570w\" sizes=\"(max-width: 800px) 100vw, 800px\" \/><figcaption>Anthony Devisgnes, 21 ans , est transf\u00e9r\u00e9 de Licques. Il s&rsquo;agit d&rsquo;un jeune joueur \u00e9voluant de pr\u00e9f\u00e9rence sur les ailes. <\/figcaption><\/figure>\n\n\n\n<figure class=\"wp-block-image\"><img data-attachment-id=\"2801\" data-permalink=\"https:\/\/as-surques-escoeuilles.fr\/index.php\/2019\/08\/08\/seniors-point-mercato\/dav-9\/\" data-orig-file=\"https:\/\/i0.wp.com\/as-surques-escoeuilles.fr\/wp-content\/uploads\/2019\/08\/IMG_20190808_210144.jpg?fit=979%2C1478&amp;ssl=1\" data-orig-size=\"979,1478\" data-comments-opened=\"1\" data-image-meta=\"{&quot;aperture&quot;:&quot;2.2&quot;,&quot;credit&quot;:&quot;&quot;,&quot;camera&quot;:&quot;ANE-LX1&quot;,&quot;caption&quot;:&quot;dav&quot;,&quot;created_timestamp&quot;:&quot;1565298080&quot;,&quot;copyright&quot;:&quot;&quot;,&quot;focal_length&quot;:&quot;3.81&quot;,&quot;iso&quot;:&quot;100&quot;,&quot;shutter_speed&quot;:&quot;0.01&quot;,&quot;title&quot;:&quot;dav&quot;,&quot;orientation&quot;:&quot;1&quot;}\" data-image-title=\"dav\" data-image-description=\"\" data-image-caption=\"&lt;p&gt;dav&lt;\/p&gt;\n\" data-medium-file=\"https:\/\/i0.wp.com\/as-surques-escoeuilles.fr\/wp-content\/uploads\/2019\/08\/IMG_20190808_210144.jpg?fit=199%2C300&amp;ssl=1\" data-large-file=\"https:\/\/i0.wp.com\/as-surques-escoeuilles.fr\/wp-content\/uploads\/2019\/08\/IMG_20190808_210144.jpg?fit=678%2C1024&amp;ssl=1\" width=\"678\" height=\"1024\" src=\"https:\/\/i0.wp.com\/as-surques-escoeuilles.fr\/wp-content\/uploads\/2019\/08\/IMG_20190808_210144-678x1024.jpg?resize=678%2C1024\" alt=\"\" class=\"wp-image-2801\" srcset=\"https:\/\/i0.wp.com\/as-surques-escoeuilles.fr\/wp-content\/uploads\/2019\/08\/IMG_20190808_210144.jpg?resize=678%2C1024&amp;ssl=1 678w, https:\/\/i0.wp.com\/as-surques-escoeuilles.fr\/wp-content\/uploads\/2019\/08\/IMG_20190808_210144.jpg?resize=199%2C300&amp;ssl=1 199w, https:\/\/i0.wp.com\/as-surques-escoeuilles.fr\/wp-content\/uploads\/2019\/08\/IMG_20190808_210144.jpg?resize=768%2C1159&amp;ssl=1 768w, https:\/\/i0.wp.com\/as-surques-escoeuilles.fr\/wp-content\/uploads\/2019\/08\/IMG_20190808_210144.jpg?w=979&amp;ssl=1 979w\" sizes=\"(max-width: 678px) 100vw, 678px\" data-recalc-dims=\"1\" \/><figcaption>Benjamin Dusaussoy, 18 ans, arrive de Lumbres. C&rsquo;est un jeune gardien form\u00e9 au club tr\u00e8s prometteur avec d&rsquo;excellentes qualit\u00e9s pour son \u00e2ge ! <\/figcaption><\/figure>\n\n\n\n<figure class=\"wp-block-image\"><img data-attachment-id=\"2798\" data-permalink=\"https:\/\/as-surques-escoeuilles.fr\/index.php\/2019\/08\/08\/seniors-point-mercato\/dav-6\/\" data-orig-file=\"https:\/\/i0.wp.com\/as-surques-escoeuilles.fr\/wp-content\/uploads\/2019\/08\/IMG_20190808_131851.jpg?fit=1325%2C1750&amp;ssl=1\" data-orig-size=\"1325,1750\" data-comments-opened=\"1\" data-image-meta=\"{&quot;aperture&quot;:&quot;2.2&quot;,&quot;credit&quot;:&quot;&quot;,&quot;camera&quot;:&quot;ANE-LX1&quot;,&quot;caption&quot;:&quot;dav&quot;,&quot;created_timestamp&quot;:&quot;1565213262&quot;,&quot;copyright&quot;:&quot;&quot;,&quot;focal_length&quot;:&quot;3.81&quot;,&quot;iso&quot;:&quot;160&quot;,&quot;shutter_speed&quot;:&quot;0.025&quot;,&quot;title&quot;:&quot;dav&quot;,&quot;orientation&quot;:&quot;1&quot;}\" data-image-title=\"dav\" data-image-description=\"\" data-image-caption=\"&lt;p&gt;dav&lt;\/p&gt;\n\" data-medium-file=\"https:\/\/i0.wp.com\/as-surques-escoeuilles.fr\/wp-content\/uploads\/2019\/08\/IMG_20190808_131851.jpg?fit=227%2C300&amp;ssl=1\" data-large-file=\"https:\/\/i0.wp.com\/as-surques-escoeuilles.fr\/wp-content\/uploads\/2019\/08\/IMG_20190808_131851.jpg?fit=775%2C1024&amp;ssl=1\" loading=\"lazy\" width=\"1325\" height=\"1750\" src=\"https:\/\/i2.wp.com\/as-surques-escoeuilles.fr\/wp-content\/uploads\/2019\/08\/IMG_20190808_131851.jpg?fit=474%2C626\" alt=\"\" class=\"wp-image-2798\" srcset=\"https:\/\/i0.wp.com\/as-surques-escoeuilles.fr\/wp-content\/uploads\/2019\/08\/IMG_20190808_131851.jpg?w=1325&amp;ssl=1 1325w, https:\/\/i0.wp.com\/as-surques-escoeuilles.fr\/wp-content\/uploads\/2019\/08\/IMG_20190808_131851.jpg?resize=227%2C300&amp;ssl=1 227w, https:\/\/i0.wp.com\/as-surques-escoeuilles.fr\/wp-content\/uploads\/2019\/08\/IMG_20190808_131851.jpg?resize=768%2C1014&amp;ssl=1 768w, https:\/\/i0.wp.com\/as-surques-escoeuilles.fr\/wp-content\/uploads\/2019\/08\/IMG_20190808_131851.jpg?resize=775%2C1024&amp;ssl=1 775w\" sizes=\"(max-width: 800px) 100vw, 800px\" \/><figcaption>K\u00e9vin Leleu, 27 ans, est transf\u00e9r\u00e9 de Licques. Il s&rsquo;agit d&rsquo;un joueur axial qui va nous apporter \u00e9norm\u00e9ment d&rsquo;exp\u00e9rience ! <\/figcaption><\/figure>\n\n\n\n<figure class=\"wp-block-image\"><img data-attachment-id=\"2789\" data-permalink=\"https:\/\/as-surques-escoeuilles.fr\/index.php\/2019\/08\/08\/seniors-point-mercato\/dav-3\/\" data-orig-file=\"https:\/\/i0.wp.com\/as-surques-escoeuilles.fr\/wp-content\/uploads\/2019\/08\/IMG_20190802_212000_1.jpg?fit=4608%2C3456&amp;ssl=1\" data-orig-size=\"4608,3456\" data-comments-opened=\"1\" data-image-meta=\"{&quot;aperture&quot;:&quot;2.2&quot;,&quot;credit&quot;:&quot;&quot;,&quot;camera&quot;:&quot;ANE-LX1&quot;,&quot;caption&quot;:&quot;dav&quot;,&quot;created_timestamp&quot;:&quot;1564780801&quot;,&quot;copyright&quot;:&quot;&quot;,&quot;focal_length&quot;:&quot;3.81&quot;,&quot;iso&quot;:&quot;64&quot;,&quot;shutter_speed&quot;:&quot;0.01&quot;,&quot;title&quot;:&quot;dav&quot;,&quot;orientation&quot;:&quot;0&quot;}\" data-image-title=\"dav\" data-image-description=\"\" data-image-caption=\"&lt;p&gt;dav&lt;\/p&gt;\n\" data-medium-file=\"https:\/\/i0.wp.com\/as-surques-escoeuilles.fr\/wp-content\/uploads\/2019\/08\/IMG_20190802_212000_1.jpg?fit=300%2C225&amp;ssl=1\" data-large-file=\"https:\/\/i0.wp.com\/as-surques-escoeuilles.fr\/wp-content\/uploads\/2019\/08\/IMG_20190802_212000_1.jpg?fit=800%2C600&amp;ssl=1\" loading=\"lazy\" width=\"4608\" height=\"3456\" src=\"https:\/\/i1.wp.com\/as-surques-escoeuilles.fr\/wp-content\/uploads\/2019\/08\/IMG_20190802_212000_1.jpg?fit=474%2C356\" alt=\"\" class=\"wp-image-2789\" srcset=\"https:\/\/i0.wp.com\/as-surques-escoeuilles.fr\/wp-content\/uploads\/2019\/08\/IMG_20190802_212000_1.jpg?w=4608&amp;ssl=1 4608w, https:\/\/i0.wp.com\/as-surques-escoeuilles.fr\/wp-content\/uploads\/2019\/08\/IMG_20190802_212000_1.jpg?resize=300%2C225&amp;ssl=1 300w, https:\/\/i0.wp.com\/as-surques-escoeuilles.fr\/wp-content\/uploads\/2019\/08\/IMG_20190802_212000_1.jpg?resize=768%2C576&amp;ssl=1 768w, https:\/\/i0.wp.com\/as-surques-escoeuilles.fr\/wp-content\/uploads\/2019\/08\/IMG_20190802_212000_1.jpg?resize=1024%2C768&amp;ssl=1 1024w, https:\/\/i0.wp.com\/as-surques-escoeuilles.fr\/wp-content\/uploads\/2019\/08\/IMG_20190802_212000_1.jpg?w=1600&amp;ssl=1 1600w, https:\/\/i0.wp.com\/as-surques-escoeuilles.fr\/wp-content\/uploads\/2019\/08\/IMG_20190802_212000_1.jpg?w=2400&amp;ssl=1 2400w\" sizes=\"(max-width: 800px) 100vw, 800px\" \/><figcaption>Logan LELEU, 20 ans, nous arrive de Licques. Jeune joueur pouvant \u00e9voluer \u00e0 plusieurs postes de l&rsquo;axe, il sera un atout ind\u00e9niable en termes d&rsquo;impact physique et de relance.<\/figcaption><\/figure>\n\n\n\n<figure class=\"wp-block-image\"><img data-attachment-id=\"2790\" data-permalink=\"https:\/\/as-surques-escoeuilles.fr\/index.php\/2019\/08\/08\/seniors-point-mercato\/dav-4\/\" data-orig-file=\"https:\/\/i0.wp.com\/as-surques-escoeuilles.fr\/wp-content\/uploads\/2019\/08\/IMG_20190802_211944.jpg?fit=4608%2C3456&amp;ssl=1\" data-orig-size=\"4608,3456\" data-comments-opened=\"1\" data-image-meta=\"{&quot;aperture&quot;:&quot;2.2&quot;,&quot;credit&quot;:&quot;&quot;,&quot;camera&quot;:&quot;ANE-LX1&quot;,&quot;caption&quot;:&quot;dav&quot;,&quot;created_timestamp&quot;:&quot;1564780785&quot;,&quot;copyright&quot;:&quot;&quot;,&quot;focal_length&quot;:&quot;3.81&quot;,&quot;iso&quot;:&quot;64&quot;,&quot;shutter_speed&quot;:&quot;0.01&quot;,&quot;title&quot;:&quot;dav&quot;,&quot;orientation&quot;:&quot;0&quot;}\" data-image-title=\"dav\" data-image-description=\"\" data-image-caption=\"&lt;p&gt;dav&lt;\/p&gt;\n\" data-medium-file=\"https:\/\/i0.wp.com\/as-surques-escoeuilles.fr\/wp-content\/uploads\/2019\/08\/IMG_20190802_211944.jpg?fit=300%2C225&amp;ssl=1\" data-large-file=\"https:\/\/i0.wp.com\/as-surques-escoeuilles.fr\/wp-content\/uploads\/2019\/08\/IMG_20190802_211944.jpg?fit=800%2C600&amp;ssl=1\" loading=\"lazy\" width=\"4608\" height=\"3456\" src=\"https:\/\/i1.wp.com\/as-surques-escoeuilles.fr\/wp-content\/uploads\/2019\/08\/IMG_20190802_211944.jpg?fit=474%2C356\" alt=\"\" class=\"wp-image-2790\" srcset=\"https:\/\/i0.wp.com\/as-surques-escoeuilles.fr\/wp-content\/uploads\/2019\/08\/IMG_20190802_211944.jpg?w=4608&amp;ssl=1 4608w, https:\/\/i0.wp.com\/as-surques-escoeuilles.fr\/wp-content\/uploads\/2019\/08\/IMG_20190802_211944.jpg?resize=300%2C225&amp;ssl=1 300w, https:\/\/i0.wp.com\/as-surques-escoeuilles.fr\/wp-content\/uploads\/2019\/08\/IMG_20190802_211944.jpg?resize=768%2C576&amp;ssl=1 768w, https:\/\/i0.wp.com\/as-surques-escoeuilles.fr\/wp-content\/uploads\/2019\/08\/IMG_20190802_211944.jpg?resize=1024%2C768&amp;ssl=1 1024w, https:\/\/i0.wp.com\/as-surques-escoeuilles.fr\/wp-content\/uploads\/2019\/08\/IMG_20190802_211944.jpg?w=1600&amp;ssl=1 1600w, https:\/\/i0.wp.com\/as-surques-escoeuilles.fr\/wp-content\/uploads\/2019\/08\/IMG_20190802_211944.jpg?w=2400&amp;ssl=1 2400w\" sizes=\"(max-width: 800px) 100vw, 800px\" \/><figcaption>Boris MARTEL, 29 ans, est un revenant apr\u00e8s deux saisons pass\u00e9es dans la montagne. Il s&rsquo;agit un retour grandement appr\u00e9ci\u00e9 et les supporters se rappellent facilement de la combativit\u00e9 exceptionnelle de cet attaquant toujours souriant !<\/figcaption><\/figure>\n\n\n\n<figure class=\"wp-block-image\"><img data-attachment-id=\"2788\" data-permalink=\"https:\/\/as-surques-escoeuilles.fr\/index.php\/2019\/08\/08\/seniors-point-mercato\/dav-2\/\" data-orig-file=\"https:\/\/i0.wp.com\/as-surques-escoeuilles.fr\/wp-content\/uploads\/2019\/08\/IMG_20190802_212044.jpg?fit=4608%2C3456&amp;ssl=1\" data-orig-size=\"4608,3456\" data-comments-opened=\"1\" data-image-meta=\"{&quot;aperture&quot;:&quot;2.2&quot;,&quot;credit&quot;:&quot;&quot;,&quot;camera&quot;:&quot;ANE-LX1&quot;,&quot;caption&quot;:&quot;dav&quot;,&quot;created_timestamp&quot;:&quot;1564780844&quot;,&quot;copyright&quot;:&quot;&quot;,&quot;focal_length&quot;:&quot;3.81&quot;,&quot;iso&quot;:&quot;64&quot;,&quot;shutter_speed&quot;:&quot;0.01&quot;,&quot;title&quot;:&quot;dav&quot;,&quot;orientation&quot;:&quot;0&quot;}\" data-image-title=\"dav\" data-image-description=\"\" data-image-caption=\"&lt;p&gt;dav&lt;\/p&gt;\n\" data-medium-file=\"https:\/\/i0.wp.com\/as-surques-escoeuilles.fr\/wp-content\/uploads\/2019\/08\/IMG_20190802_212044.jpg?fit=300%2C225&amp;ssl=1\" data-large-file=\"https:\/\/i0.wp.com\/as-surques-escoeuilles.fr\/wp-content\/uploads\/2019\/08\/IMG_20190802_212044.jpg?fit=800%2C600&amp;ssl=1\" loading=\"lazy\" width=\"4608\" height=\"3456\" src=\"https:\/\/i0.wp.com\/as-surques-escoeuilles.fr\/wp-content\/uploads\/2019\/08\/IMG_20190802_212044.jpg?fit=474%2C356\" alt=\"\" class=\"wp-image-2788\" srcset=\"https:\/\/i0.wp.com\/as-surques-escoeuilles.fr\/wp-content\/uploads\/2019\/08\/IMG_20190802_212044.jpg?w=4608&amp;ssl=1 4608w, https:\/\/i0.wp.com\/as-surques-escoeuilles.fr\/wp-content\/uploads\/2019\/08\/IMG_20190802_212044.jpg?resize=300%2C225&amp;ssl=1 300w, https:\/\/i0.wp.com\/as-surques-escoeuilles.fr\/wp-content\/uploads\/2019\/08\/IMG_20190802_212044.jpg?resize=768%2C576&amp;ssl=1 768w, https:\/\/i0.wp.com\/as-surques-escoeuilles.fr\/wp-content\/uploads\/2019\/08\/IMG_20190802_212044.jpg?resize=1024%2C768&amp;ssl=1 1024w, https:\/\/i0.wp.com\/as-surques-escoeuilles.fr\/wp-content\/uploads\/2019\/08\/IMG_20190802_212044.jpg?w=1600&amp;ssl=1 1600w, https:\/\/i0.wp.com\/as-surques-escoeuilles.fr\/wp-content\/uploads\/2019\/08\/IMG_20190802_212044.jpg?w=2400&amp;ssl=1 2400w\" sizes=\"(max-width: 800px) 100vw, 800px\" \/><figcaption>Florent MILLE, 27 ans, arrive libre apr\u00e8s une saison off. Il \u00e9voluait auparavant \u00e0 Licques. Il s&rsquo;agit d&rsquo;un joueur lat\u00e9ral qui am\u00e8nera sa combativit\u00e9 et de l&rsquo;impact dans le jeu du groupe.<\/figcaption><\/figure>\n\n\n\n<figure class=\"wp-block-image\"><img data-attachment-id=\"2791\" data-permalink=\"https:\/\/as-surques-escoeuilles.fr\/index.php\/2019\/08\/08\/seniors-point-mercato\/dav-5\/\" data-orig-file=\"https:\/\/i0.wp.com\/as-surques-escoeuilles.fr\/wp-content\/uploads\/2019\/08\/IMG_20190802_211932.jpg?fit=4608%2C3456&amp;ssl=1\" data-orig-size=\"4608,3456\" data-comments-opened=\"1\" data-image-meta=\"{&quot;aperture&quot;:&quot;2.2&quot;,&quot;credit&quot;:&quot;&quot;,&quot;camera&quot;:&quot;ANE-LX1&quot;,&quot;caption&quot;:&quot;dav&quot;,&quot;created_timestamp&quot;:&quot;1564780772&quot;,&quot;copyright&quot;:&quot;&quot;,&quot;focal_length&quot;:&quot;3.81&quot;,&quot;iso&quot;:&quot;64&quot;,&quot;shutter_speed&quot;:&quot;0.01&quot;,&quot;title&quot;:&quot;dav&quot;,&quot;orientation&quot;:&quot;0&quot;}\" data-image-title=\"dav\" data-image-description=\"\" data-image-caption=\"&lt;p&gt;dav&lt;\/p&gt;\n\" data-medium-file=\"https:\/\/i0.wp.com\/as-surques-escoeuilles.fr\/wp-content\/uploads\/2019\/08\/IMG_20190802_211932.jpg?fit=300%2C225&amp;ssl=1\" data-large-file=\"https:\/\/i0.wp.com\/as-surques-escoeuilles.fr\/wp-content\/uploads\/2019\/08\/IMG_20190802_211932.jpg?fit=800%2C600&amp;ssl=1\" loading=\"lazy\" width=\"4608\" height=\"3456\" src=\"https:\/\/i2.wp.com\/as-surques-escoeuilles.fr\/wp-content\/uploads\/2019\/08\/IMG_20190802_211932.jpg?fit=474%2C356\" alt=\"\" class=\"wp-image-2791\" srcset=\"https:\/\/i0.wp.com\/as-surques-escoeuilles.fr\/wp-content\/uploads\/2019\/08\/IMG_20190802_211932.jpg?w=4608&amp;ssl=1 4608w, https:\/\/i0.wp.com\/as-surques-escoeuilles.fr\/wp-content\/uploads\/2019\/08\/IMG_20190802_211932.jpg?resize=300%2C225&amp;ssl=1 300w, https:\/\/i0.wp.com\/as-surques-escoeuilles.fr\/wp-content\/uploads\/2019\/08\/IMG_20190802_211932.jpg?resize=768%2C576&amp;ssl=1 768w, https:\/\/i0.wp.com\/as-surques-escoeuilles.fr\/wp-content\/uploads\/2019\/08\/IMG_20190802_211932.jpg?resize=1024%2C768&amp;ssl=1 1024w, https:\/\/i0.wp.com\/as-surques-escoeuilles.fr\/wp-content\/uploads\/2019\/08\/IMG_20190802_211932.jpg?w=1600&amp;ssl=1 1600w, https:\/\/i0.wp.com\/as-surques-escoeuilles.fr\/wp-content\/uploads\/2019\/08\/IMG_20190802_211932.jpg?w=2400&amp;ssl=1 2400w\" sizes=\"(max-width: 800px) 100vw, 800px\" \/><figcaption>Axel REGNIER, 19 ans, effectue son retour au club et nous arrive d&rsquo;Audruicq.  Il s&rsquo;agit d&rsquo;un joueur avec \u00e9galement beaucoup de qualit\u00e9s physiques et techniques pouvant \u00e9voluer dans l&rsquo;axe du terrain. Sa qualit\u00e9 de passe r\u00e9galera certainement nos attaquants !<\/figcaption><\/figure>\n\n\n\n<p>A noter \u00e9galement la signature de S\u00e9bastien Sauvage, ancien \u00e9ducateur u9, qui va pouvoir cette ann\u00e9e regouter aux plaisirs de jouer. <\/p>\n","protected":false},"excerpt":{"rendered":"<p>Avec deux accessions obtenues en D3 et D5 et une volont\u00e9 de faire progresser encore plus l&rsquo;\u00e9quipe en D7, l&rsquo;ASSE<\/p>\n","protected":false},"author":1,"featured_media":2803,"comment_status":"open","ping_status":"open","sticky":false,"template":"","format":"standard","meta":{"ngg_post_thumbnail":0,"jetpack_post_was_ever_published":false,"jetpack_publicize_message":"","jetpack_is_tweetstorm":false,"jetpack_publicize_feature_enabled":true,"jetpack_social_post_already_shared":true,"jetpack_social_options":{"image_generator_settings":{"template":"highway","enabled":false}}},"categories":[1],"tags":[],"jetpack_publicize_connections":[],"jetpack_featured_media_url":"https:\/\/i0.wp.com\/as-surques-escoeuilles.fr\/wp-content\/uploads\/2019\/08\/IMG_20190808_214437.jpg?fit=1226%2C568&ssl=1","jetpack_sharing_enabled":true,"jetpack_shortlink":"https:\/\/wp.me\/p8dhOI-IW","jetpack-related-posts":[{"id":4320,"url":"https:\/\/as-surques-escoeuilles.fr\/index.php\/2020\/05\/17\/communique-2020-2021-3-montees-historiques-et-un-staff-seniors-ajuste\/","url_meta":{"origin":2786,"position":0},"title":"Communiqu\u00e9 2020-2021 : 3 mont\u00e9es historiques et un staff s\u00e9niors ajust\u00e9","date":"17 mai 2020","format":false,"excerpt":"C'est officiel depuis cette semaine : le groupe s\u00e9niors r\u00e9alise un tripl\u00e9 historique avec trois mont\u00e9es ! Les deux premi\u00e8res \u00e9quipes venaient juste d'acc\u00e9der \u00e0 la D3 et D5, avec un objectif maintien pr\u00e9sent\u00e9 aux joueurs l'\u00e9t\u00e9 dernier. Ils ont fait bien mieux que \u00e7a en d\u00e9marrant leur championnat tambour\u2026","rel":"","context":"Dans &quot;Communication club&quot;","img":{"alt_text":"","src":"https:\/\/i0.wp.com\/as-surques-escoeuilles.fr\/wp-content\/uploads\/2020\/05\/20200517_185028-1-scaled.jpg?fit=1200%2C553&ssl=1&resize=350%2C200","width":350,"height":200},"classes":[]},{"id":4603,"url":"https:\/\/as-surques-escoeuilles.fr\/index.php\/2020\/08\/16\/bilan-du-week-end-4\/","url_meta":{"origin":2786,"position":1},"title":"Bilan du week-end","date":"16 ao\u00fbt 2020","format":false,"excerpt":"Beaucoup de matches ont eu lieu en cette fin de semaine : - les seniors B avec un groupe restreint et de nombreux bless\u00e9s, n'ont rien pu faire face \u00e0 la Capelle jeudi soir (D3). R\u00e9sultat sans appel 0-9 mais le groupe travaille. - les seniors A ont re\u00e7u Bourthes\u2026","rel":"","context":"Dans &quot;Projet Sportif&quot;","img":{"alt_text":"","src":"https:\/\/i0.wp.com\/as-surques-escoeuilles.fr\/wp-content\/uploads\/2020\/08\/received_11548147415858262456341275466949151-scaled.jpeg?resize=350%2C200&ssl=1","width":350,"height":200},"classes":[]},{"id":5773,"url":"https:\/\/as-surques-escoeuilles.fr\/index.php\/2022\/07\/31\/seniors-hommes-cest-la-rentree\/","url_meta":{"origin":2786,"position":2},"title":"Seniors Hommes : c&rsquo;est la rentr\u00e9e !","date":"31 juillet 2022","format":false,"excerpt":"Les seniors hommes ont comme \u00e0 l'accoutum\u00e9e ouvert le bal des reprises. Nouveau cycle dans ce groupe puisque c'est d\u00e9sormais Pierre Tellier qui est aux commandes de l'\u00e9quipe fanion. Pour les joueurs souhaitant int\u00e9grer ou effectuer des essais pour int\u00e9grer nos 3 \u00e9quipes en D2 D5 et D7, les prochaines\u2026","rel":"","context":"Dans &quot;Communication club&quot;","img":{"alt_text":"","src":"https:\/\/i0.wp.com\/as-surques-escoeuilles.fr\/wp-content\/uploads\/2022\/07\/IMG_20220731_185143.jpg?fit=902%2C720&ssl=1&resize=350%2C200","width":350,"height":200},"classes":[]},{"id":1718,"url":"https:\/\/as-surques-escoeuilles.fr\/index.php\/2018\/08\/27\/coupe-de-france-entree-reussie\/","url_meta":{"origin":2786,"position":3},"title":"Coupe de France : entr\u00e9e r\u00e9ussie","date":"27 ao\u00fbt 2018","format":false,"excerpt":"Pour son premier match officiel version 2018\/2019, l'ASSE est all\u00e9e d\u00e9fier Caffiers (D7) sur la pelouse de Fiennes. Tirage a priori sans difficult\u00e9 mais qui pouvait para\u00eetre pi\u00e8geux au regard de la reconstruction actuelle des \u00e9quipes, de la m\u00e9t\u00e9o peu cl\u00e9mente et de la surmotivation de Caffiers. Les Orange ont\u2026","rel":"","context":"Dans &quot;Non class\u00e9&quot;","img":{"alt_text":"","src":"https:\/\/i0.wp.com\/as-surques-escoeuilles.fr\/wp-content\/uploads\/2018\/08\/40080775_1783379488366326_3803233196041043968_n.jpg?resize=350%2C200&ssl=1","width":350,"height":200},"classes":[]},{"id":4959,"url":"https:\/\/as-surques-escoeuilles.fr\/index.php\/2020\/10\/18\/coupe-ca-passe-pour-lequipe-fanion\/","url_meta":{"origin":2786,"position":4},"title":"Coupe : \u00e7a passe pour l&rsquo;\u00e9quipe fanion","date":"18 octobre 2020","format":false,"excerpt":"Il aura fallu attendre le d\u00e9but de nuit, et les tirs aux buts, pour passer ce tour face \u00e0 Wavrans (2-2 dans le temps r\u00e9glementaire). L'\u00e9quipe n'a en effet acc\u00e9l\u00e9r\u00e9 qu'en seconde p\u00e9riode pour inverser le score apr\u00e8s avoir \u00e9t\u00e9 cueilli \u00e0 froid par les visiteurs. Ceux-ci \u00e9galiseront dans les\u2026","rel":"","context":"Dans &quot;S\u00e9niors&quot;","img":{"alt_text":"","src":"","width":0,"height":0},"classes":[]},{"id":111,"url":"https:\/\/as-surques-escoeuilles.fr\/index.php\/2016\/12\/18\/seniors-a-une-premiere-pour-un-cadeau\/","url_meta":{"origin":2786,"position":5},"title":"S\u00e9niors A : une premi\u00e8re pour un cadeau !","date":"18 d\u00e9cembre 2016","format":false,"excerpt":"Pour cl\u00f4turer cette premi\u00e8re partie de championnat, l'\u00e9quipe fanion re\u00e7oit Polincove pour un duel de mal class\u00e9s et remporte une premi\u00e8re victoire m\u00e9rit\u00e9e dans ce championnat (3-1). Au milieu d'un brouillard dense, d'un froid hivernal et d'une nuit d\u00e9j\u00e0 tomb\u00e9e, l'arbitre siffle la fin d'un match dans lequel\u00a0 l'ASSE a\u2026","rel":"","context":"Dans &quot;S\u00e9niors A&quot;","img":{"alt_text":"","src":"https:\/\/i0.wp.com\/as-surques-escoeuilles.fr\/wp-content\/uploads\/2016\/12\/EDC-Victoire-EnR.jpg?fit=680%2C340&ssl=1&resize=350%2C200","width":350,"height":200},"classes":[]}],"_links":{"self":[{"href":"https:\/\/as-surques-escoeuilles.fr\/index.php\/wp-json\/wp\/v2\/posts\/2786"}],"collection":[{"href":"https:\/\/as-surques-escoeuilles.fr\/index.php\/wp-json\/wp\/v2\/posts"}],"about":[{"href":"https:\/\/as-surques-escoeuilles.fr\/index.php\/wp-json\/wp\/v2\/types\/post"}],"author":[{"embeddable":true,"href":"https:\/\/as-surques-escoeuilles.fr\/index.php\/wp-json\/wp\/v2\/users\/1"}],"replies":[{"embeddable":true,"href":"https:\/\/as-surques-escoeuilles.fr\/index.php\/wp-json\/wp\/v2\/comments?post=2786"}],"version-history":[{"count":0,"href":"https:\/\/as-surques-escoeuilles.fr\/index.php\/wp-json\/wp\/v2\/posts\/2786\/revisions"}],"wp:featuredmedia":[{"embeddable":true,"href":"https:\/\/as-surques-escoeuilles.fr\/index.php\/wp-json\/wp\/v2\/media\/2803"}],"wp:attachment":[{"href":"https:\/\/as-surques-escoeuilles.fr\/index.php\/wp-json\/wp\/v2\/media?parent=2786"}],"wp:term":[{"taxonomy":"category","embeddable":true,"href":"https:\/\/as-surques-escoeuilles.fr\/index.php\/wp-json\/wp\/v2\/categories?post=2786"},{"taxonomy":"post_tag","embeddable":true,"href":"https:\/\/as-surques-escoeuilles.fr\/index.php\/wp-json\/wp\/v2\/tags?post=2786"}],"curies":[{"name":"wp","href":"https:\/\/api.w.org\/{rel}","templated":true}]}}