{"id":2845,"date":"2019-09-24T02:58:58","date_gmt":"2019-09-24T00:58:58","guid":{"rendered":"http:\/\/as-surques-escoeuilles.fr\/?p=2845"},"modified":"2019-09-26T10:34:02","modified_gmt":"2019-09-26T08:34:02","slug":"agenda-reprise","status":"publish","type":"post","link":"https:\/\/as-surques-escoeuilles.fr\/index.php\/2019\/09\/24\/agenda-reprise\/","title":{"rendered":"Agenda des 28 et 29 septembre"},"content":{"rendered":"\n<p>De nombreux matches au programme ce week-end avec les premiers matches des U11 et U13. Ajoutons \u00e9galement un match amical samedi \u00e0 17h30 \u00e0 domicile pour les s\u00e9niors F\u00e9minines face \u00e0 Tournehem. Notre \u00e9quipe fanion cl\u00f4turera le week-end par un all\u00e9chant tour de coupe face \u00e0 l&rsquo;US Bourthes (D2).<br><\/p>\n\n\n\n<!--more-->\n\n\n\n<p> <\/p>\n\n\n\n<figure class=\"wp-block-image\"><img data-attachment-id=\"3002\" data-permalink=\"https:\/\/as-surques-escoeuilles.fr\/index.php\/2019\/09\/24\/agenda-reprise\/fireshot-capture-020-recherche-clubs-district-cote-dopale-de-football-cotedopale-fff-fr\/\" data-orig-file=\"https:\/\/i0.wp.com\/as-surques-escoeuilles.fr\/wp-content\/uploads\/2019\/09\/FireShot-Capture-020-recherche-clubs-\u2013-DISTRICT-COTE-DOPALE-DE-FOOTBALL-cotedopale.fff_.fr_.png?fit=609%2C1157&amp;ssl=1\" data-orig-size=\"609,1157\" data-comments-opened=\"1\" data-image-meta=\"{&quot;aperture&quot;:&quot;0&quot;,&quot;credit&quot;:&quot;&quot;,&quot;camera&quot;:&quot;&quot;,&quot;caption&quot;:&quot;&quot;,&quot;created_timestamp&quot;:&quot;0&quot;,&quot;copyright&quot;:&quot;&quot;,&quot;focal_length&quot;:&quot;0&quot;,&quot;iso&quot;:&quot;0&quot;,&quot;shutter_speed&quot;:&quot;0&quot;,&quot;title&quot;:&quot;&quot;,&quot;orientation&quot;:&quot;0&quot;}\" data-image-title=\"FireShot Capture 020 &#8211; recherche clubs \u2013 DISTRICT COTE D&amp;rsquo;OPALE DE FOOTBALL &#8211; cotedopale.fff.fr\" data-image-description=\"\" data-image-caption=\"\" data-medium-file=\"https:\/\/i0.wp.com\/as-surques-escoeuilles.fr\/wp-content\/uploads\/2019\/09\/FireShot-Capture-020-recherche-clubs-\u2013-DISTRICT-COTE-DOPALE-DE-FOOTBALL-cotedopale.fff_.fr_.png?fit=158%2C300&amp;ssl=1\" data-large-file=\"https:\/\/i0.wp.com\/as-surques-escoeuilles.fr\/wp-content\/uploads\/2019\/09\/FireShot-Capture-020-recherche-clubs-\u2013-DISTRICT-COTE-DOPALE-DE-FOOTBALL-cotedopale.fff_.fr_.png?fit=539%2C1024&amp;ssl=1\" fetchpriority=\"high\" width=\"539\" height=\"1024\" src=\"https:\/\/i0.wp.com\/as-surques-escoeuilles.fr\/wp-content\/uploads\/2019\/09\/FireShot-Capture-020-recherche-clubs-\u2013-DISTRICT-COTE-DOPALE-DE-FOOTBALL-cotedopale.fff_.fr_-539x1024.png?resize=539%2C1024\" alt=\"\" class=\"wp-image-3002\" srcset=\"https:\/\/i0.wp.com\/as-surques-escoeuilles.fr\/wp-content\/uploads\/2019\/09\/FireShot-Capture-020-recherche-clubs-\u2013-DISTRICT-COTE-DOPALE-DE-FOOTBALL-cotedopale.fff_.fr_.png?resize=539%2C1024&amp;ssl=1 539w, https:\/\/i0.wp.com\/as-surques-escoeuilles.fr\/wp-content\/uploads\/2019\/09\/FireShot-Capture-020-recherche-clubs-\u2013-DISTRICT-COTE-DOPALE-DE-FOOTBALL-cotedopale.fff_.fr_.png?resize=158%2C300&amp;ssl=1 158w, https:\/\/i0.wp.com\/as-surques-escoeuilles.fr\/wp-content\/uploads\/2019\/09\/FireShot-Capture-020-recherche-clubs-\u2013-DISTRICT-COTE-DOPALE-DE-FOOTBALL-cotedopale.fff_.fr_.png?w=609&amp;ssl=1 609w\" sizes=\"(max-width: 539px) 100vw, 539px\" data-recalc-dims=\"1\" \/><\/figure>\n","protected":false},"excerpt":{"rendered":"<p>De nombreux matches au programme ce week-end avec les premiers matches des U11 et U13. Ajoutons \u00e9galement un match amical<\/p>\n","protected":false},"author":1,"featured_media":2974,"comment_status":"open","ping_status":"open","sticky":false,"template":"","format":"standard","meta":{"ngg_post_thumbnail":0,"jetpack_post_was_ever_published":false,"jetpack_publicize_message":"","jetpack_is_tweetstorm":false,"jetpack_publicize_feature_enabled":true,"jetpack_social_post_already_shared":true,"jetpack_social_options":{"image_generator_settings":{"template":"highway","enabled":false}}},"categories":[23],"tags":[],"jetpack_publicize_connections":[],"jetpack_featured_media_url":"https:\/\/i0.wp.com\/as-surques-escoeuilles.fr\/wp-content\/uploads\/2019\/09\/agenda.jpg?fit=408%2C191&ssl=1","jetpack_sharing_enabled":true,"jetpack_shortlink":"https:\/\/wp.me\/p8dhOI-JT","jetpack-related-posts":[{"id":4603,"url":"https:\/\/as-surques-escoeuilles.fr\/index.php\/2020\/08\/16\/bilan-du-week-end-4\/","url_meta":{"origin":2845,"position":0},"title":"Bilan du week-end","date":"16 ao\u00fbt 2020","format":false,"excerpt":"Beaucoup de matches ont eu lieu en cette fin de semaine : - les seniors B avec un groupe restreint et de nombreux bless\u00e9s, n'ont rien pu faire face \u00e0 la Capelle jeudi soir (D3). R\u00e9sultat sans appel 0-9 mais le groupe travaille. - les seniors A ont re\u00e7u Bourthes\u2026","rel":"","context":"Dans &quot;Projet Sportif&quot;","img":{"alt_text":"","src":"https:\/\/i0.wp.com\/as-surques-escoeuilles.fr\/wp-content\/uploads\/2020\/08\/received_11548147415858262456341275466949151-scaled.jpeg?resize=350%2C200&ssl=1","width":350,"height":200},"classes":[]},{"id":3932,"url":"https:\/\/as-surques-escoeuilles.fr\/index.php\/2020\/01\/26\/resultats-du-week-end\/","url_meta":{"origin":2845,"position":1},"title":"R\u00e9sultats du week-end","date":"26 janvier 2020","format":false,"excerpt":"Beaucoup de matches ce week-end : - Nos seniors f\u00e9minines minines s'inclinent face \u00e0 Coyecques 2-3 et Bourthes 1-12. A noter les deux victoires face \u00e0 Longuenesse en U13 et S\u00e9niors A, ces derniers prenant la t\u00eate de leur poule en D3 !","rel":"","context":"Dans &quot;Non class\u00e9&quot;","img":{"alt_text":"","src":"https:\/\/i0.wp.com\/as-surques-escoeuilles.fr\/wp-content\/uploads\/2020\/01\/IMG_20200126_165848-scaled.jpg?fit=1200%2C594&ssl=1&resize=350%2C200","width":350,"height":200},"classes":[]},{"id":3263,"url":"https:\/\/as-surques-escoeuilles.fr\/index.php\/2019\/12\/01\/bilan-du-week-end\/","url_meta":{"origin":2845,"position":2},"title":"Bilan du week-end","date":"1 d\u00e9cembre 2019","format":false,"excerpt":"Les diff\u00e9rents matches en comp\u00e9tition du week-end : - Helfaut - u11 : victoire 3-6 \u00e0 l'ext\u00e9rieur avec un quadruple de Schuppe et un doubl\u00e9 de Garenaux - Hallines - U13 : face \u00e0 une \u00e9quipe \u00c0 de haut niveau, les u13 ont du faire face \u00e0 de grosses blessures\u2026","rel":"","context":"Dans &quot;Non class\u00e9&quot;","img":{"alt_text":"","src":"https:\/\/i0.wp.com\/as-surques-escoeuilles.fr\/wp-content\/uploads\/2019\/12\/IMG_20191201_175800_293.jpg?fit=1200%2C854&ssl=1&resize=350%2C200","width":350,"height":200},"classes":[]},{"id":337,"url":"https:\/\/as-surques-escoeuilles.fr\/index.php\/2017\/03\/10\/week-end-remise-generale\/","url_meta":{"origin":2845,"position":3},"title":"Point sur le WE des 11 et 12 mars","date":"10 mars 2017","format":false,"excerpt":"En raison des conditions m\u00e9t\u00e9orologiques, les matches \u00e0 domicile sont report\u00e9s. Seuls les matches suivants auront lieu : U13 niv 3 : Group. des Landes\u00a0 - ASSE 2 (samedi \u00e0 14h15) U16 : Calais Beau Marais - ASSE (dimanche 10h30)","rel":"","context":"Dans &quot;S\u00e9niors&quot;","img":{"alt_text":"","src":"https:\/\/i0.wp.com\/as-surques-escoeuilles.fr\/wp-content\/uploads\/2017\/03\/remise.jpg?fit=720%2C434&ssl=1&resize=350%2C200","width":350,"height":200},"classes":[]},{"id":3062,"url":"https:\/\/as-surques-escoeuilles.fr\/index.php\/2019\/10\/07\/resume-du-week-end-les-seniors-a-en-tete\/","url_meta":{"origin":2845,"position":4},"title":"R\u00e9sum\u00e9 du week-end : les s\u00e9niors A en t\u00eate !","date":"7 octobre 2019","format":false,"excerpt":"Un week-end en demi-teinte : aucune victoire sur les matches du samedi, et un sans faute sur les matches s\u00e9niors du dimanche : Coyecques - U11 : 4-2Longuennesse - U15 : 8-1. But : RistoriLonguennesse - U17 : 4-2. Buts : Fontaine *2Ardres - S\u00e9niors F : 6-1. But :\u2026","rel":"","context":"Dans &quot;Non class\u00e9&quot;","img":{"alt_text":"","src":"https:\/\/i0.wp.com\/as-surques-escoeuilles.fr\/wp-content\/uploads\/2019\/10\/IMG_20191006_174832.jpg?fit=800%2C600&ssl=1&resize=350%2C200","width":350,"height":200},"classes":[]},{"id":5127,"url":"https:\/\/as-surques-escoeuilles.fr\/index.php\/2021\/06\/06\/les-matches-du-week-end-05-06\/","url_meta":{"origin":2845,"position":5},"title":"Les matches du week-end (05\/06)","date":"6 juin 2021","format":false,"excerpt":"Beaucoup d'\u00e9quipes de jeunes sur le pont en ce week end ! Des U7 aux U17, chacun a pu retrouver les sensations des oppositions. L'occasion \u00e9galement pour les nouveaux \u00e9ducateurs de d\u00e9couvrir leur groupe. U12-Guines (3-6) U6\/U7 au plateau USBCO USP Saint Omer - U14F (2-2) Saint Quentin Mametz -\u2026","rel":"","context":"Dans &quot;Non class\u00e9&quot;","img":{"alt_text":"","src":"https:\/\/i0.wp.com\/as-surques-escoeuilles.fr\/wp-content\/uploads\/2021\/06\/received_5189131991411521105753128255165561-scaled.jpeg?resize=350%2C200&ssl=1","width":350,"height":200},"classes":[]}],"_links":{"self":[{"href":"https:\/\/as-surques-escoeuilles.fr\/index.php\/wp-json\/wp\/v2\/posts\/2845"}],"collection":[{"href":"https:\/\/as-surques-escoeuilles.fr\/index.php\/wp-json\/wp\/v2\/posts"}],"about":[{"href":"https:\/\/as-surques-escoeuilles.fr\/index.php\/wp-json\/wp\/v2\/types\/post"}],"author":[{"embeddable":true,"href":"https:\/\/as-surques-escoeuilles.fr\/index.php\/wp-json\/wp\/v2\/users\/1"}],"replies":[{"embeddable":true,"href":"https:\/\/as-surques-escoeuilles.fr\/index.php\/wp-json\/wp\/v2\/comments?post=2845"}],"version-history":[{"count":0,"href":"https:\/\/as-surques-escoeuilles.fr\/index.php\/wp-json\/wp\/v2\/posts\/2845\/revisions"}],"wp:featuredmedia":[{"embeddable":true,"href":"https:\/\/as-surques-escoeuilles.fr\/index.php\/wp-json\/wp\/v2\/media\/2974"}],"wp:attachment":[{"href":"https:\/\/as-surques-escoeuilles.fr\/index.php\/wp-json\/wp\/v2\/media?parent=2845"}],"wp:term":[{"taxonomy":"category","embeddable":true,"href":"https:\/\/as-surques-escoeuilles.fr\/index.php\/wp-json\/wp\/v2\/categories?post=2845"},{"taxonomy":"post_tag","embeddable":true,"href":"https:\/\/as-surques-escoeuilles.fr\/index.php\/wp-json\/wp\/v2\/tags?post=2845"}],"curies":[{"name":"wp","href":"https:\/\/api.w.org\/{rel}","templated":true}]}}