{"id":2854,"date":"2019-09-09T10:24:17","date_gmt":"2019-09-09T08:24:17","guid":{"rendered":"http:\/\/as-surques-escoeuilles.fr\/?p=2854"},"modified":"2019-09-09T10:24:17","modified_gmt":"2019-09-09T08:24:17","slug":"sponsoring-merlin-elec","status":"publish","type":"post","link":"https:\/\/as-surques-escoeuilles.fr\/index.php\/2019\/09\/09\/sponsoring-merlin-elec\/","title":{"rendered":"Sponsoring : MERLIN ELEC"},"content":{"rendered":"\n<p>Le jeudi 05 septembre avait lieu la remise des \u00e9quipements pour la  saison \u00e0 venir de nos s\u00e9niors C ! Le club  remercie vivement MERLIN ELEC, partenaire maillot de cette  \u00e9quipe,pour le soutien de cette \u00e9quipe.<\/p>\n\n\n\n<p><br>Un pot de l\u2019amiti\u00e9 a ensuite eu lieu avec dirigeants et joueurs.<\/p>\n","protected":false},"excerpt":{"rendered":"<p>Le jeudi 05 septembre avait lieu la remise des \u00e9quipements pour la saison \u00e0 venir de nos s\u00e9niors C !<\/p>\n","protected":false},"author":1,"featured_media":2855,"comment_status":"open","ping_status":"open","sticky":false,"template":"","format":"standard","meta":{"ngg_post_thumbnail":0,"jetpack_post_was_ever_published":false,"jetpack_publicize_message":"","jetpack_is_tweetstorm":false,"jetpack_publicize_feature_enabled":true,"jetpack_social_post_already_shared":true,"jetpack_social_options":{"image_generator_settings":{"template":"highway","enabled":false}}},"categories":[1],"tags":[],"jetpack_publicize_connections":[],"jetpack_featured_media_url":"https:\/\/i0.wp.com\/as-surques-escoeuilles.fr\/wp-content\/uploads\/2019\/09\/70417692_521739458580510_3414312203602362368_n.jpg?fit=4032%2C3024&ssl=1","jetpack_sharing_enabled":true,"jetpack_shortlink":"https:\/\/wp.me\/p8dhOI-K2","jetpack-related-posts":[{"id":5213,"url":"https:\/\/as-surques-escoeuilles.fr\/index.php\/2021\/07\/05\/partenaires-seniors\/","url_meta":{"origin":2854,"position":0},"title":"Partenaires Seniors","date":"5 juillet 2021","format":false,"excerpt":"Nouveaux sponsors maillots pour la saison 2021 2022. Passtime s'est en effet positionn\u00e9 pour \u00eatre sponsor de l'\u00e9quipe fanion en 2021 2022. Merlin Elec poursuit \u00e9galement son partenariat maillots. Deux entreprises d'Escoeuilles qui aident donc de la meilleure des mani\u00e8res notre association sportive. Passtime nouveau sponsor de la fanion Merlin\u2026","rel":"","context":"Dans &quot;Communication club&quot;","img":{"alt_text":"","src":"https:\/\/i0.wp.com\/as-surques-escoeuilles.fr\/wp-content\/uploads\/2021\/07\/Resized_20210628_190856.jpg?fit=535%2C400&ssl=1&resize=350%2C200","width":350,"height":200},"classes":[]},{"id":5563,"url":"https:\/\/as-surques-escoeuilles.fr\/index.php\/2021\/12\/20\/arbre-de-noel-3\/","url_meta":{"origin":2854,"position":1},"title":"Arbre de Noel","date":"20 d\u00e9cembre 2021","format":false,"excerpt":"Une bien belle fin d'ann\u00e9e. Malgr\u00e9 les conditions sanitaires difficiles, le P\u00e8re No\u00ebl a trouv\u00e9 le temps de venir \u00e0 la Catez Arena pour distribuer l'ensemble de ses cadeaux pour les joueuses et joueurs de l'\u00e9cole de foot et la pr\u00e9-formation: Ziptop Jako, Album Panini, brioches de la boulangerie de\u2026","rel":"","context":"Dans &quot;Communication club&quot;","img":{"alt_text":"","src":"https:\/\/i0.wp.com\/as-surques-escoeuilles.fr\/wp-content\/uploads\/2021\/12\/received_1100169010787619.jpeg?fit=900%2C1200&ssl=1&resize=350%2C200","width":350,"height":200},"classes":[]},{"id":2848,"url":"https:\/\/as-surques-escoeuilles.fr\/index.php\/2019\/09\/06\/sponsoring-transport-duquenoy\/","url_meta":{"origin":2854,"position":2},"title":"Sponsoring : transport DUQUENOY","date":"6 septembre 2019","format":false,"excerpt":"Le jeudi 05 septembre avait lieu la remise des \u00e9quipements pour la premi\u00e8re saison en championnat de nos s\u00e9niors f\u00e9minines ! Le club remercie vivement TRANSPORT DUQUENOY, partenaire maillot de cette \u00e9quipe, de se lancer dans cette aventure. Un pot de l'amiti\u00e9 a ensuite eu lieu avec dirigeants et joueuses\u2026","rel":"","context":"Dans &quot;Communication club&quot;","img":{"alt_text":"","src":"https:\/\/i0.wp.com\/as-surques-escoeuilles.fr\/wp-content\/uploads\/2019\/09\/IMG_20190905_193908.jpg?fit=1200%2C900&ssl=1&resize=350%2C200","width":350,"height":200},"classes":[]},{"id":4320,"url":"https:\/\/as-surques-escoeuilles.fr\/index.php\/2020\/05\/17\/communique-2020-2021-3-montees-historiques-et-un-staff-seniors-ajuste\/","url_meta":{"origin":2854,"position":3},"title":"Communiqu\u00e9 2020-2021 : 3 mont\u00e9es historiques et un staff s\u00e9niors ajust\u00e9","date":"17 mai 2020","format":false,"excerpt":"C'est officiel depuis cette semaine : le groupe s\u00e9niors r\u00e9alise un tripl\u00e9 historique avec trois mont\u00e9es ! Les deux premi\u00e8res \u00e9quipes venaient juste d'acc\u00e9der \u00e0 la D3 et D5, avec un objectif maintien pr\u00e9sent\u00e9 aux joueurs l'\u00e9t\u00e9 dernier. Ils ont fait bien mieux que \u00e7a en d\u00e9marrant leur championnat tambour\u2026","rel":"","context":"Dans &quot;Communication club&quot;","img":{"alt_text":"","src":"https:\/\/i0.wp.com\/as-surques-escoeuilles.fr\/wp-content\/uploads\/2020\/05\/20200517_185028-1-scaled.jpg?fit=1200%2C553&ssl=1&resize=350%2C200","width":350,"height":200},"classes":[]},{"id":463,"url":"https:\/\/as-surques-escoeuilles.fr\/index.php\/2017\/06\/25\/assemblee-generale\/","url_meta":{"origin":2854,"position":4},"title":"Assembl\u00e9e g\u00e9n\u00e9rale","date":"25 juin 2017","format":false,"excerpt":"Cette assembl\u00e9e g\u00e9n\u00e9rale voit d'abord le pr\u00e9sident remercier l'ensemble des personnes ayant oeuvr\u00e9 au bon fonctionnement de notre association durant cette saison : les sponsors, les mairies, les \u00e9ducateurs, les parents et les diff\u00e9rents b\u00e9n\u00e9voles pour l'aide \u00e0 l'am\u00e9nagement ou \u00e0 la communication du club. Notre tr\u00e9sorier dresse ensuite le\u2026","rel":"","context":"Dans &quot;Non class\u00e9&quot;","img":{"alt_text":"","src":"https:\/\/i0.wp.com\/as-surques-escoeuilles.fr\/wp-content\/uploads\/2017\/06\/AG.jpg?fit=795%2C327&ssl=1&resize=350%2C200","width":350,"height":200},"classes":[]},{"id":2394,"url":"https:\/\/as-surques-escoeuilles.fr\/index.php\/2019\/02\/19\/premiere-sortie-pour-les-seniors-feminines\/","url_meta":{"origin":2854,"position":5},"title":"Premiere sortie pour les s\u00e9niors f\u00e9minines","date":"19 f\u00e9vrier 2019","format":false,"excerpt":"Vous l'attendiez toutes et tous : la premi\u00e8re sortie en match des s\u00e9niors f\u00e9minines aura lieu ce samedi 23 f\u00e9vrier \u00e0 18h00 sur la pelouse de Bonningue-les-Ardres. Venez nombreux encourager notre nouvelle \u00e9quipe !","rel":"","context":"Dans &quot;Communication club&quot;","img":{"alt_text":"","src":"https:\/\/i0.wp.com\/as-surques-escoeuilles.fr\/wp-content\/uploads\/2019\/02\/affiche_feminin_1.png?fit=780%2C786&ssl=1&resize=350%2C200","width":350,"height":200},"classes":[]}],"_links":{"self":[{"href":"https:\/\/as-surques-escoeuilles.fr\/index.php\/wp-json\/wp\/v2\/posts\/2854"}],"collection":[{"href":"https:\/\/as-surques-escoeuilles.fr\/index.php\/wp-json\/wp\/v2\/posts"}],"about":[{"href":"https:\/\/as-surques-escoeuilles.fr\/index.php\/wp-json\/wp\/v2\/types\/post"}],"author":[{"embeddable":true,"href":"https:\/\/as-surques-escoeuilles.fr\/index.php\/wp-json\/wp\/v2\/users\/1"}],"replies":[{"embeddable":true,"href":"https:\/\/as-surques-escoeuilles.fr\/index.php\/wp-json\/wp\/v2\/comments?post=2854"}],"version-history":[{"count":0,"href":"https:\/\/as-surques-escoeuilles.fr\/index.php\/wp-json\/wp\/v2\/posts\/2854\/revisions"}],"wp:featuredmedia":[{"embeddable":true,"href":"https:\/\/as-surques-escoeuilles.fr\/index.php\/wp-json\/wp\/v2\/media\/2855"}],"wp:attachment":[{"href":"https:\/\/as-surques-escoeuilles.fr\/index.php\/wp-json\/wp\/v2\/media?parent=2854"}],"wp:term":[{"taxonomy":"category","embeddable":true,"href":"https:\/\/as-surques-escoeuilles.fr\/index.php\/wp-json\/wp\/v2\/categories?post=2854"},{"taxonomy":"post_tag","embeddable":true,"href":"https:\/\/as-surques-escoeuilles.fr\/index.php\/wp-json\/wp\/v2\/tags?post=2854"}],"curies":[{"name":"wp","href":"https:\/\/api.w.org\/{rel}","templated":true}]}}