{"id":296,"date":"2017-03-27T23:58:01","date_gmt":"2017-03-27T21:58:01","guid":{"rendered":"http:\/\/as-surques-escoeuilles.fr\/?p=296"},"modified":"2017-04-01T10:40:10","modified_gmt":"2017-04-01T08:40:10","slug":"entrainement","status":"publish","type":"post","link":"https:\/\/as-surques-escoeuilles.fr\/index.php\/2017\/03\/27\/entrainement\/","title":{"rendered":"Entra\u00eenement"},"content":{"rendered":"<p>Les entra\u00eenements sur herbe ont repris cette semaine au stade avec une s\u00e9ance <strong>le mercredi \u00e0 19h00<\/strong> et <strong>le vendredi&nbsp; \u00e0 19h00<\/strong>.<\/p>\n<p><em>Rappelons que les performances du week-end sont tr\u00e8s fortement corr\u00e9l\u00e9es aux efforts personnels de la semaine aux entra\u00eenements.<\/em><\/p>\n","protected":false},"excerpt":{"rendered":"<p>Les entra\u00eenements sur herbe ont repris cette semaine au stade avec une s\u00e9ance le mercredi \u00e0 19h00 et le vendredi&nbsp;<\/p>\n","protected":false},"author":1,"featured_media":369,"comment_status":"open","ping_status":"open","sticky":false,"template":"","format":"standard","meta":{"ngg_post_thumbnail":0,"jetpack_post_was_ever_published":false,"jetpack_publicize_message":"","jetpack_is_tweetstorm":false,"jetpack_publicize_feature_enabled":true,"jetpack_social_post_already_shared":true,"jetpack_social_options":{"image_generator_settings":{"template":"highway","enabled":false}}},"categories":[14],"tags":[],"jetpack_publicize_connections":[],"jetpack_featured_media_url":"https:\/\/i0.wp.com\/as-surques-escoeuilles.fr\/wp-content\/uploads\/2017\/03\/WP_20150507_18_20_00_Pro.jpg?fit=1632%2C918&ssl=1","jetpack_sharing_enabled":true,"jetpack_shortlink":"https:\/\/wp.me\/p8dhOI-4M","jetpack-related-posts":[{"id":864,"url":"https:\/\/as-surques-escoeuilles.fr\/index.php\/2018\/05\/08\/annulation-de-lentrainement-seniors\/","url_meta":{"origin":296,"position":0},"title":"Modification S\u00e9niors","date":"8 mai 2018","format":false,"excerpt":"ATTENTION : en raison des diff\u00e9rents matches en retard du groupe fanion, les entra\u00eenements s\u00e9niors de cette semaine auront lieu : le mercredi 9 mai \u00e0 19h00 pour les joueurs non concern\u00e9s le mardi 8 mai par le match de coupe le vendredi 11 mai \u00e0 19h00 pour tous les\u2026","rel":"","context":"Dans &quot;Non class\u00e9&quot;","img":{"alt_text":"","src":"https:\/\/i0.wp.com\/as-surques-escoeuilles.fr\/wp-content\/uploads\/2018\/01\/info_s\u00e9niors.png?fit=962%2C435&ssl=1&resize=350%2C200","width":350,"height":200},"classes":[]},{"id":3064,"url":"https:\/\/as-surques-escoeuilles.fr\/index.php\/2019\/10\/08\/entrainement-seniors-3\/","url_meta":{"origin":296,"position":1},"title":"Entrainement s\u00e9niors","date":"8 octobre 2019","format":false,"excerpt":"En raison de l'\u00e9tat du terrain, les entra\u00eenements s\u00e9niors H de la semaine sont annul\u00e9s.Une s\u00e9ance sur synth\u00e9tique \u00e0 Lumbres aura lieu mercredi 9 octobre \u00e0 19h00.","rel":"","context":"Dans &quot;S\u00e9niors&quot;","img":{"alt_text":"","src":"https:\/\/i0.wp.com\/as-surques-escoeuilles.fr\/wp-content\/uploads\/2018\/01\/info_s\u00e9niors.png?fit=962%2C435&ssl=1&resize=350%2C200","width":350,"height":200},"classes":[]},{"id":716,"url":"https:\/\/as-surques-escoeuilles.fr\/index.php\/2017\/11\/24\/entrainements-en-salle-rappel\/","url_meta":{"origin":296,"position":2},"title":"Entra\u00eenements en salle : rappel","date":"24 novembre 2017","format":false,"excerpt":"Sauf message de vos \u00e9ducateurs pour certains samedis, les horaires habituels d'entrainement du samedi en salle sont les suivants : 13h45-\u00a014 h45 : U8 \/ U9 14h45 \u2013 15h30\u00a0: Mini-foot \/ U6 \/ U7 15h30 \u2013 16h45\u00a0: U11 16h45 \u2013 17h45\u00a0: U13 17h45 - 19h00\u00a0 : U15 19h00 - 20h30\u2026","rel":"","context":"Dans &quot;Non class\u00e9&quot;","img":{"alt_text":"","src":"https:\/\/i0.wp.com\/as-surques-escoeuilles.fr\/wp-content\/uploads\/2017\/11\/img-foot-en-salle-la-compilation-des-fails-du-mois-1381333216_620_400_crop_articles-173860.jpg?fit=620%2C400&ssl=1&resize=350%2C200","width":350,"height":200},"classes":[]},{"id":488,"url":"https:\/\/as-surques-escoeuilles.fr\/index.php\/2017\/07\/11\/reprise-seniors-u18\/","url_meta":{"origin":296,"position":3},"title":"Reprise S\u00e9niors-U18","date":"11 juillet 2017","format":false,"excerpt":"Vous trouverez ci-dessous le d\u00e9but du planning de reprise des entra\u00eenements s\u00e9niors U18. Pensez \u00e0 vous munir d'une paire de running, d'une paire de crampons et d'eau. Pour la participation aux matches de pr\u00e9paration, la licence devra absolument \u00eatre valid\u00e9e aupr\u00e8s de la ligue. N'oubliez pas de suivre le programme\u2026","rel":"","context":"Dans &quot;S\u00e9niors&quot;","img":{"alt_text":"","src":"https:\/\/i0.wp.com\/as-surques-escoeuilles.fr\/wp-content\/uploads\/2017\/07\/ILLUSTRATION_ENTRAINEMENT_160609__lr5bwc.jpg?fit=664%2C376&ssl=1&resize=350%2C200","width":350,"height":200},"classes":[]},{"id":386,"url":"https:\/\/as-surques-escoeuilles.fr\/index.php\/2017\/04\/26\/entrainement-seniors-precision\/","url_meta":{"origin":296,"position":4},"title":"Entra\u00eenement s\u00e9niors : pr\u00e9cision","date":"26 avril 2017","format":false,"excerpt":"Les entra\u00eenements s\u00e9niors du vendredi sont annul\u00e9s. Les entra\u00eenements du mercredi sont maintenus \u00e0 19h00 au stade jusqu'au mercredi 17 mai. Les entra\u00eenements s\u00e9niors seront alors stopp\u00e9s apr\u00e8s cette date pour permettre l'entretien du terrain apr\u00e8s la derni\u00e8re journ\u00e9e de championnat du 21 mai 2017. Les entra\u00eeneurs s\u00e9niors","rel":"","context":"Dans &quot;Non class\u00e9&quot;","img":{"alt_text":"","src":"https:\/\/i0.wp.com\/as-surques-escoeuilles.fr\/wp-content\/uploads\/2017\/03\/WP_20150507_18_20_00_Pro.jpg?fit=1200%2C675&ssl=1&resize=350%2C200","width":350,"height":200},"classes":[]},{"id":695,"url":"https:\/\/as-surques-escoeuilles.fr\/index.php\/2017\/11\/15\/entrainement-en-salle\/","url_meta":{"origin":296,"position":5},"title":"Entrainement en salle","date":"15 novembre 2017","format":false,"excerpt":"L'arriv\u00e9e de l'hiver concorde avec l'ouverture des entrainements en salle. Retrouvez l'ensemble des cr\u00e9neaux ci-dessous pour le samedi apr\u00e8s-midi : 13h45 - 14h45 : U8\/ U9 avec Fran\u00e7ois, Laurent, MArie-Laure et S\u00e9bastien 14h45-15h30 : Mini \/ U6 \/ U7 avec Elodie, J\u00e9r\u00f4me, Beno\u00eet et Steeve 15h30 - 16h45 : U11\u2026","rel":"","context":"Dans &quot;Non class\u00e9&quot;","img":{"alt_text":"","src":"https:\/\/i0.wp.com\/as-surques-escoeuilles.fr\/wp-content\/uploads\/2017\/11\/img-foot-en-salle-la-compilation-des-fails-du-mois-1381333216_620_400_crop_articles-173860.jpg?fit=620%2C400&ssl=1&resize=350%2C200","width":350,"height":200},"classes":[]}],"_links":{"self":[{"href":"https:\/\/as-surques-escoeuilles.fr\/index.php\/wp-json\/wp\/v2\/posts\/296"}],"collection":[{"href":"https:\/\/as-surques-escoeuilles.fr\/index.php\/wp-json\/wp\/v2\/posts"}],"about":[{"href":"https:\/\/as-surques-escoeuilles.fr\/index.php\/wp-json\/wp\/v2\/types\/post"}],"author":[{"embeddable":true,"href":"https:\/\/as-surques-escoeuilles.fr\/index.php\/wp-json\/wp\/v2\/users\/1"}],"replies":[{"embeddable":true,"href":"https:\/\/as-surques-escoeuilles.fr\/index.php\/wp-json\/wp\/v2\/comments?post=296"}],"version-history":[{"count":0,"href":"https:\/\/as-surques-escoeuilles.fr\/index.php\/wp-json\/wp\/v2\/posts\/296\/revisions"}],"wp:featuredmedia":[{"embeddable":true,"href":"https:\/\/as-surques-escoeuilles.fr\/index.php\/wp-json\/wp\/v2\/media\/369"}],"wp:attachment":[{"href":"https:\/\/as-surques-escoeuilles.fr\/index.php\/wp-json\/wp\/v2\/media?parent=296"}],"wp:term":[{"taxonomy":"category","embeddable":true,"href":"https:\/\/as-surques-escoeuilles.fr\/index.php\/wp-json\/wp\/v2\/categories?post=296"},{"taxonomy":"post_tag","embeddable":true,"href":"https:\/\/as-surques-escoeuilles.fr\/index.php\/wp-json\/wp\/v2\/tags?post=296"}],"curies":[{"name":"wp","href":"https:\/\/api.w.org\/{rel}","templated":true}]}}