{"id":2967,"date":"2019-09-16T17:28:22","date_gmt":"2019-09-16T15:28:22","guid":{"rendered":"http:\/\/as-surques-escoeuilles.fr\/?p=2967"},"modified":"2019-09-16T17:28:39","modified_gmt":"2019-09-16T15:28:39","slug":"le-troc-foot-a-enfin-sa-page","status":"publish","type":"post","link":"https:\/\/as-surques-escoeuilles.fr\/index.php\/2019\/09\/16\/le-troc-foot-a-enfin-sa-page\/","title":{"rendered":"Le troc&rsquo; foot a enfin sa page"},"content":{"rendered":"\n<p>Depuis plusieurs ann\u00e9es, les \u00e9ducateurs collectent et revendent \/ \u00e9changent l&rsquo;ancien mat\u00e9riel des enfants licenci\u00e9s de l&rsquo;ASSE.<\/p>\n\n\n\n<!--more-->\n\n\n\n<p>Tout se passant au c\u0153ur du stade, il \u00e9tait parfois d\u00e9licat de trouver le bon interlocuteur. Le Troc&rsquo;foot poss\u00e8de d\u00e9sormais sa page (rubrique Actions du Club > Troc&rsquo;foot ). Merci \u00e0 Benjamin pour la gestion de cette action !<\/p>\n\n\n\n<p>Lien vers la page : <a href=\"http:\/\/as-surques-escoeuilles.fr\/index.php\/actions-du-club\/trocfoot\/\" target=\"_blank\" rel=\"noreferrer noopener\" aria-label=\"&gt;&gt; ICI << (s\u2019ouvre dans un nouvel onglet)\">>> ICI &lt;&lt;<\/a><\/p>\n","protected":false},"excerpt":{"rendered":"<p>Depuis plusieurs ann\u00e9es, les \u00e9ducateurs collectent et revendent \/ \u00e9changent l&rsquo;ancien mat\u00e9riel des enfants licenci\u00e9s de l&rsquo;ASSE.<\/p>\n","protected":false},"author":1,"featured_media":2968,"comment_status":"open","ping_status":"open","sticky":false,"template":"","format":"standard","meta":{"ngg_post_thumbnail":0,"jetpack_post_was_ever_published":false,"jetpack_publicize_message":"","jetpack_is_tweetstorm":false,"jetpack_publicize_feature_enabled":true,"jetpack_social_post_already_shared":true,"jetpack_social_options":{"image_generator_settings":{"template":"highway","enabled":false}}},"categories":[23,30],"tags":[40],"jetpack_publicize_connections":[],"jetpack_featured_media_url":"https:\/\/i0.wp.com\/as-surques-escoeuilles.fr\/wp-content\/uploads\/2019\/09\/68743380_2305791212791815_2615595174427885568_n.jpg?fit=960%2C720&ssl=1","jetpack_sharing_enabled":true,"jetpack_shortlink":"https:\/\/wp.me\/p8dhOI-LR","jetpack-related-posts":[{"id":564,"url":"https:\/\/as-surques-escoeuilles.fr\/index.php\/2017\/09\/04\/mercredi-0609-cest-la-rentree-du-foot\/","url_meta":{"origin":2967,"position":0},"title":"Mercredi 06\/09 : \u00ab\u00a0c&rsquo;est la rentr\u00e9e du foot\u00a0\u00bb","date":"4 septembre 2017","format":false,"excerpt":"Mercredi 6 septembre, les \"Mini-foot\", U7 et U9 retrouveront le chemin des terrains. Soyez nombreux pour cette reprise. Accueil \u00e0 partir de 13h45 D\u00e9but des s\u00e9ances \u00e0 14h Pensez aux licences, aux cotisations, au Troc'foot (vente d'\u00e9quipements d'occasion). Merci de pr\u00e9venir les \u00e9ducateurs en cas d'absence. A tr\u00e8s bient\u00f4t !","rel":"","context":"Dans &quot;Non class\u00e9&quot;","img":{"alt_text":"","src":"https:\/\/i0.wp.com\/as-surques-escoeuilles.fr\/wp-content\/uploads\/2017\/09\/REPRISE.png?fit=498%2C286&ssl=1&resize=350%2C200","width":350,"height":200},"classes":[]},{"id":4955,"url":"https:\/\/as-surques-escoeuilles.fr\/index.php\/2021\/02\/06\/projet-de-formation-citoyenne-et-professionnelle\/","url_meta":{"origin":2967,"position":1},"title":"Projet de formation citoyenne et professionnelle","date":"6 f\u00e9vrier 2021","format":false,"excerpt":"Formation citoyenne par accueil des permis citoyens","rel":"","context":"Dans &quot;Communication club&quot;","img":{"alt_text":"","src":"https:\/\/i0.wp.com\/as-surques-escoeuilles.fr\/wp-content\/uploads\/2019\/09\/info_formation.png?fit=681%2C382&ssl=1&resize=350%2C200","width":350,"height":200},"classes":[]},{"id":4904,"url":"https:\/\/as-surques-escoeuilles.fr\/index.php\/2021\/01\/13\/meilleurs-voeux\/","url_meta":{"origin":2967,"position":2},"title":"Meilleurs Voeux","date":"13 janvier 2021","format":false,"excerpt":"L'ensemble du comit\u00e9 et du conseil d'administration vous adresse ses voeux les plus sinc\u00e8res pour cette ann\u00e9e 2021. M\u00eame si 2020 fut particuli\u00e8re, gardons l'optimisme d'un retour imminent sur nos installations. Le club continue de travailler dans l'ombre pour sa structuration \u00e0 l'aube de cette d\u00e9cennie.","rel":"","context":"Dans &quot;Communication club&quot;","img":{"alt_text":"","src":"https:\/\/i0.wp.com\/as-surques-escoeuilles.fr\/wp-content\/uploads\/2021\/01\/Diapositive1.png?fit=1200%2C675&ssl=1&resize=350%2C200","width":350,"height":200},"classes":[]},{"id":4368,"url":"https:\/\/as-surques-escoeuilles.fr\/index.php\/2020\/06\/11\/label-ecole-de-foot-feminine\/","url_meta":{"origin":2967,"position":3},"title":"Label \u00e9cole de foot f\u00e9minine","date":"11 juin 2020","format":false,"excerpt":"Ce mercredi 10 juin, le club a obtenu sa dotation FFF pour le label bronze \u00e9cole de foot f\u00e9minine obtenu suite au d\u00e9p\u00f4t du dossier lors de la saison 2018-2019. Ce label est valable sur la p\u00e9riode 2019-2022. Bravo \u00e0 l'ensemble des acteurs investis autour du d\u00e9veloppement f\u00e9minin et mobilis\u00e9s\u2026","rel":"","context":"Dans &quot;Communication club&quot;","img":{"alt_text":"","src":"https:\/\/i0.wp.com\/as-surques-escoeuilles.fr\/wp-content\/uploads\/2020\/06\/103390499_2942271552477108_8939802034028538686_o.jpg?fit=900%2C1200&ssl=1&resize=350%2C200","width":350,"height":200},"classes":[]},{"id":1168,"url":"https:\/\/as-surques-escoeuilles.fr\/index.php\/2018\/04\/16\/communique-arbitrage\/","url_meta":{"origin":2967,"position":4},"title":"Communiqu\u00e9 arbitrage","date":"16 avril 2018","format":false,"excerpt":"\u00a0En raison des multiples probl\u00e8mes d'arbitrage rencontr\u00e9s cette ann\u00e9e, le comit\u00e9 du club a vot\u00e9, lors de sa r\u00e9union du 09 avril, l'\u00e9laboration d'un planning pour que chacun s'investisse \u00e0 cette t\u00e2che. Planning en cours de r\u00e9alisation, le consulter r\u00e9guli\u00e8rement. Le club a \u00e9galement vot\u00e9 la r\u00e9alisation de deux matches\u2026","rel":"","context":"Dans &quot;Communication club&quot;","img":{"alt_text":"","src":"https:\/\/i0.wp.com\/as-surques-escoeuilles.fr\/wp-content\/uploads\/2018\/04\/Capture-1.png?fit=782%2C316&ssl=1&resize=350%2C200","width":350,"height":200},"classes":[]},{"id":2138,"url":"https:\/\/as-surques-escoeuilles.fr\/index.php\/2018\/12\/21\/pere-noel-orange-et-noir\/","url_meta":{"origin":2967,"position":5},"title":"P\u00e8re Noel Orange et Noir !","date":"21 d\u00e9cembre 2018","format":false,"excerpt":"Ce mercredi 19d\u00e9cembre avait lieu le d\u00e9sormais traditionnel arbre de No\u00ebl du club, \u00e0 la salle des f\u00eates de Bainghen. L\u2019ensemble des licenci\u00e9s de mini-foot \u00e0 U13 a pu partager un dernier moment convivial en pr\u00e9sence des parents et des dirigeants du club. Cette ann\u00e9e, le P\u00e8re No\u00ebl a encore\u2026","rel":"","context":"Dans &quot;Non class\u00e9&quot;","img":{"alt_text":"","src":"https:\/\/i0.wp.com\/as-surques-escoeuilles.fr\/wp-content\/uploads\/2018\/12\/IMG_20181219_163812.jpg?fit=1200%2C900&ssl=1&resize=350%2C200","width":350,"height":200},"classes":[]}],"_links":{"self":[{"href":"https:\/\/as-surques-escoeuilles.fr\/index.php\/wp-json\/wp\/v2\/posts\/2967"}],"collection":[{"href":"https:\/\/as-surques-escoeuilles.fr\/index.php\/wp-json\/wp\/v2\/posts"}],"about":[{"href":"https:\/\/as-surques-escoeuilles.fr\/index.php\/wp-json\/wp\/v2\/types\/post"}],"author":[{"embeddable":true,"href":"https:\/\/as-surques-escoeuilles.fr\/index.php\/wp-json\/wp\/v2\/users\/1"}],"replies":[{"embeddable":true,"href":"https:\/\/as-surques-escoeuilles.fr\/index.php\/wp-json\/wp\/v2\/comments?post=2967"}],"version-history":[{"count":0,"href":"https:\/\/as-surques-escoeuilles.fr\/index.php\/wp-json\/wp\/v2\/posts\/2967\/revisions"}],"wp:featuredmedia":[{"embeddable":true,"href":"https:\/\/as-surques-escoeuilles.fr\/index.php\/wp-json\/wp\/v2\/media\/2968"}],"wp:attachment":[{"href":"https:\/\/as-surques-escoeuilles.fr\/index.php\/wp-json\/wp\/v2\/media?parent=2967"}],"wp:term":[{"taxonomy":"category","embeddable":true,"href":"https:\/\/as-surques-escoeuilles.fr\/index.php\/wp-json\/wp\/v2\/categories?post=2967"},{"taxonomy":"post_tag","embeddable":true,"href":"https:\/\/as-surques-escoeuilles.fr\/index.php\/wp-json\/wp\/v2\/tags?post=2967"}],"curies":[{"name":"wp","href":"https:\/\/api.w.org\/{rel}","templated":true}]}}