{"id":2998,"date":"2019-09-22T20:04:53","date_gmt":"2019-09-22T18:04:53","guid":{"rendered":"http:\/\/as-surques-escoeuilles.fr\/?p=2998"},"modified":"2019-09-22T20:09:24","modified_gmt":"2019-09-22T18:09:24","slug":"une-equipe-fanion-en-maitrise","status":"publish","type":"post","link":"https:\/\/as-surques-escoeuilles.fr\/index.php\/2019\/09\/22\/une-equipe-fanion-en-maitrise\/","title":{"rendered":"Une \u00e9quipe fanion en ma\u00eetrise"},"content":{"rendered":"\n<p>Rest\u00e9s sur une qualification terne face \u00e0 Ostrhovhe la semaine pass\u00e9e, les Orange se d\u00e9placent sur la pelouse de Campagne avec la ferme intention de produire un autre spectacle. Mission accomplie gr\u00e2ce \u00e0 un match ma\u00eetris\u00e9 de bout en bout ponctu\u00e9 par trois buts joliment amen\u00e9s.<\/p>\n\n\n\n<!--more-->\n\n\n\n<p>Il faut une minute 30 \u00e0 l&rsquo;ASSE pour planter le d\u00e9cor : sur un coup franc, S\u00e9bastien r\u00e9cup\u00e8re \u00e0 20 m et d\u00e9coche un lob astucieux qui vient taper la barre adverse. Pressing haut et constant, volont\u00e9 de jouer vite, les Orange mettent la main sur le match. A la demi-heure, Steeven vient ratisser l&rsquo;un de ses nombreux ballons sur une sortie de balle adverse, et cet impact est r\u00e9compens\u00e9 par un but de R\u00e9mi qui h\u00e9rite d&rsquo;une balle \u00e0 25m qui termine au fond des filets apr\u00e8s un plat du pied claqu\u00e9 dans la lucarne (0-1). La d\u00e9fense g\u00e8re tranquillement la fin de mi-temps. <\/p>\n\n\n\n<p>A la reprise, Campagne tente de mettre du rythme mais n&rsquo;y parviendront pas. Alors que l&rsquo;ASSE perd Valentin sur blessure, le coach lance Logan, Corentin et Julien dans la bataille. Nouveau coup de pression des Orange de suite avec Corentin qui place pour son premier ballon une frappe du gauche contr\u00e9e. La domination se concr\u00e9tise par un superbe but de Fabrice suite \u00e0 une remise tr\u00e8s fine de Boris sur un long ballon (0-2). Deux minutes plus tard, le match est pli\u00e9 : S\u00e9bastien d\u00e9vie pour Fabrice qui ne rate pas son face \u00e0 face (0-3)<\/p>\n\n\n\n<p>Les Orange finissent le match en feu : S\u00e9bastien marque un nouveau but qui ne comptera pas suite \u00e0 un coup de sifflet un poil trop h\u00e2tif apr\u00e8s qu&rsquo;il ait subi une faute , Julien trouve le poteau apr\u00e8s une belle ouverture de J\u00e9r\u00f4me, Fabrice se lance au but mais est arr\u00eat\u00e9 une nouvelle fois pr\u00e9cipitamment.<\/p>\n\n\n\n<p>Fin de match tranquille o\u00f9 les rares ballons adverses sont parfaitement g\u00e9r\u00e9s par Thibault, J\u00e9r\u00f4me, Logan et Benjamin.<\/p>\n\n\n\n<p>Bravo aux 14 joueurs pour ce match et cet \u00e9tait d&rsquo;esprit. La volont\u00e9 de jouer \u00e0 \u00e9normement plu \u00e0 nos nombreux supporters venus braver la pluie. Merci \u00e0 Florian pour la touche.<br> Prochain rendez vous dimanche \u00e0 domicile en coupe Fermeture Florent avec la venue all\u00e9chante de Bourthes (D2). <\/p>\n","protected":false},"excerpt":{"rendered":"<p>Rest\u00e9s sur une qualification terne face \u00e0 Ostrhovhe la semaine pass\u00e9e, les Orange se d\u00e9placent sur la pelouse de Campagne<\/p>\n","protected":false},"author":1,"featured_media":2999,"comment_status":"open","ping_status":"open","sticky":false,"template":"","format":"standard","meta":{"ngg_post_thumbnail":0,"jetpack_post_was_ever_published":false,"jetpack_publicize_message":"","jetpack_is_tweetstorm":false,"jetpack_publicize_feature_enabled":true,"jetpack_social_post_already_shared":true,"jetpack_social_options":{"image_generator_settings":{"template":"highway","enabled":false}}},"categories":[10],"tags":[],"jetpack_publicize_connections":[],"jetpack_featured_media_url":"https:\/\/i0.wp.com\/as-surques-escoeuilles.fr\/wp-content\/uploads\/2019\/09\/IMG_20190922_195100.jpg?fit=1656%2C1080&ssl=1","jetpack_sharing_enabled":true,"jetpack_shortlink":"https:\/\/wp.me\/p8dhOI-Mm","jetpack-related-posts":[{"id":2818,"url":"https:\/\/as-surques-escoeuilles.fr\/index.php\/2019\/08\/19\/seniors-point-sur-la-prepa\/","url_meta":{"origin":2998,"position":0},"title":"S\u00e9niors : point sur la pr\u00e9pa","date":"19 ao\u00fbt 2019","format":false,"excerpt":"Les s\u00e9niors ont commenc\u00e9 \u00e0 effectuer leurs premiers matches de pr\u00e9paration avant leur entr\u00e9e en Coupe de France le dimanche 25 ao\u00fbt. Retour sur leurs performances. Landrethun le Nord - ASSE (mercredi 14\/08 19h00) - 2-1 - (Miellot sur une passe de Petitpont)Les Orange ont effectu\u00e9 une rentr\u00e9e s\u00e9rieuse face\u2026","rel":"","context":"Dans &quot;Non class\u00e9&quot;","img":{"alt_text":"","src":"https:\/\/i0.wp.com\/as-surques-escoeuilles.fr\/wp-content\/uploads\/2019\/08\/69101292_2298326326871637_8722714493798318080_n.jpg?fit=960%2C720&ssl=1&resize=350%2C200","width":350,"height":200},"classes":[]},{"id":2896,"url":"https:\/\/as-surques-escoeuilles.fr\/index.php\/2019\/09\/16\/coupes-deux-qualifications\/","url_meta":{"origin":2998,"position":1},"title":"Coupes : deux qualifications","date":"16 septembre 2019","format":false,"excerpt":"Ce week-end avaient lieu trois rencontres de coupes de district pour les s\u00e9niors : Osthrovhe - S\u00e9niors A : 1-1,3-5 TAB. Petitpont. Coupe FERMETURE FLOURET. Arbitre : VigneronEntame de match id\u00e9ale : 1minute 30 de jeu et Leroy lance Petitpont dans la profondeur : dual gagnant pour l'attaquant. Premier quart\u2026","rel":"","context":"Dans &quot;Non class\u00e9&quot;","img":{"alt_text":"","src":"https:\/\/i0.wp.com\/as-surques-escoeuilles.fr\/wp-content\/uploads\/2019\/09\/70468488_1414128358737245_5182015915369168896_n.jpg?fit=960%2C720&ssl=1&resize=350%2C200","width":350,"height":200},"classes":[]},{"id":1718,"url":"https:\/\/as-surques-escoeuilles.fr\/index.php\/2018\/08\/27\/coupe-de-france-entree-reussie\/","url_meta":{"origin":2998,"position":2},"title":"Coupe de France : entr\u00e9e r\u00e9ussie","date":"27 ao\u00fbt 2018","format":false,"excerpt":"Pour son premier match officiel version 2018\/2019, l'ASSE est all\u00e9e d\u00e9fier Caffiers (D7) sur la pelouse de Fiennes. Tirage a priori sans difficult\u00e9 mais qui pouvait para\u00eetre pi\u00e8geux au regard de la reconstruction actuelle des \u00e9quipes, de la m\u00e9t\u00e9o peu cl\u00e9mente et de la surmotivation de Caffiers. Les Orange ont\u2026","rel":"","context":"Dans &quot;Non class\u00e9&quot;","img":{"alt_text":"","src":"https:\/\/i0.wp.com\/as-surques-escoeuilles.fr\/wp-content\/uploads\/2018\/08\/40080775_1783379488366326_3803233196041043968_n.jpg?resize=350%2C200&ssl=1","width":350,"height":200},"classes":[]},{"id":1343,"url":"https:\/\/as-surques-escoeuilles.fr\/index.php\/2018\/05\/08\/une-coupe-renversee-et-renversante\/","url_meta":{"origin":2998,"position":3},"title":"Une coupe renvers\u00e9e et renversante !","date":"8 mai 2018","format":false,"excerpt":"1\/8\u00e8me de finale de coupe C\u00f4te d'Opale sur la pelouse d'Equihen. Equipe leader de sa poule et n'ayant perdu qu'une seule fois, les Orange r\u00e9alisent un match ultra solide et renversent la vapeur en fin de match (2-3). D\u00e9but de match parfait : Fab joue un coup franc vite pour\u2026","rel":"","context":"Dans &quot;S\u00e9niors A&quot;","img":{"alt_text":"","src":"https:\/\/i0.wp.com\/as-surques-escoeuilles.fr\/wp-content\/uploads\/2018\/05\/Capture-d\u00e9crans_20180508-191141.png?fit=1200%2C675&ssl=1&resize=350%2C200","width":350,"height":200},"classes":[]},{"id":4566,"url":"https:\/\/as-surques-escoeuilles.fr\/index.php\/2020\/08\/02\/retour-sur-la-semaine\/","url_meta":{"origin":2998,"position":4},"title":"Retour sur la semaine","date":"2 ao\u00fbt 2020","format":false,"excerpt":"\u00c7a y est, nos joueurs ont repris le chemin des matches de pr\u00e9paration ! - les seniors f\u00e9minines ont re\u00e7u Bourthes jeudi. L'\u00e9quipe progresse vite et bien depuis la saison pass\u00e9e et accroche l'\u00e9quipe adverse (1-1). But de Loreen RAMET sur une contre attaque rapide. Bourthes a globalement domin\u00e9 les\u2026","rel":"","context":"Dans &quot;Non class\u00e9&quot;","img":{"alt_text":"","src":"","width":0,"height":0},"classes":[]},{"id":3198,"url":"https:\/\/as-surques-escoeuilles.fr\/index.php\/2019\/11\/11\/matches-amicaux\/","url_meta":{"origin":2998,"position":5},"title":"Matches amicaux","date":"11 novembre 2019","format":false,"excerpt":"En ce week-end de remise g\u00e9n\u00e9rale, plusieurs de nos \u00e9quipes ont tout de m\u00eame pu profiter d'affrontements sur des terrains synth\u00e9tiques pour tenter de conserver le rythme de comp\u00e9tition. R\u00e9sum\u00e9s : Samedi 09 novembre 15h00 : les U13 f\u00e9minines se sont rendues \u00e0 Hesdin. Les filles ont \u00e9volu\u00e9 \u00e0 5\u2026","rel":"","context":"Dans &quot;Non class\u00e9&quot;","img":{"alt_text":"","src":"https:\/\/i0.wp.com\/as-surques-escoeuilles.fr\/wp-content\/uploads\/2019\/11\/IMG_20191109_194207.jpg?fit=1200%2C758&ssl=1&resize=350%2C200","width":350,"height":200},"classes":[]}],"_links":{"self":[{"href":"https:\/\/as-surques-escoeuilles.fr\/index.php\/wp-json\/wp\/v2\/posts\/2998"}],"collection":[{"href":"https:\/\/as-surques-escoeuilles.fr\/index.php\/wp-json\/wp\/v2\/posts"}],"about":[{"href":"https:\/\/as-surques-escoeuilles.fr\/index.php\/wp-json\/wp\/v2\/types\/post"}],"author":[{"embeddable":true,"href":"https:\/\/as-surques-escoeuilles.fr\/index.php\/wp-json\/wp\/v2\/users\/1"}],"replies":[{"embeddable":true,"href":"https:\/\/as-surques-escoeuilles.fr\/index.php\/wp-json\/wp\/v2\/comments?post=2998"}],"version-history":[{"count":0,"href":"https:\/\/as-surques-escoeuilles.fr\/index.php\/wp-json\/wp\/v2\/posts\/2998\/revisions"}],"wp:featuredmedia":[{"embeddable":true,"href":"https:\/\/as-surques-escoeuilles.fr\/index.php\/wp-json\/wp\/v2\/media\/2999"}],"wp:attachment":[{"href":"https:\/\/as-surques-escoeuilles.fr\/index.php\/wp-json\/wp\/v2\/media?parent=2998"}],"wp:term":[{"taxonomy":"category","embeddable":true,"href":"https:\/\/as-surques-escoeuilles.fr\/index.php\/wp-json\/wp\/v2\/categories?post=2998"},{"taxonomy":"post_tag","embeddable":true,"href":"https:\/\/as-surques-escoeuilles.fr\/index.php\/wp-json\/wp\/v2\/tags?post=2998"}],"curies":[{"name":"wp","href":"https:\/\/api.w.org\/{rel}","templated":true}]}}