{"id":3006,"date":"2019-09-25T17:55:20","date_gmt":"2019-09-25T15:55:20","guid":{"rendered":"http:\/\/as-surques-escoeuilles.fr\/?p=3006"},"modified":"2019-09-25T18:08:56","modified_gmt":"2019-09-25T16:08:56","slug":"u7-rentree-du-foot-dantesque","status":"publish","type":"post","link":"https:\/\/as-surques-escoeuilles.fr\/index.php\/2019\/09\/25\/u7-rentree-du-foot-dantesque\/","title":{"rendered":"U7 : rentr\u00e9e du foot dantesque"},"content":{"rendered":"\n<p>De la pluie, du vent, rien n&rsquo;a arr\u00eat\u00e9 nos U7 qui se sont rendus \u00e0 Desvres pour la rentr\u00e9e du foot U7 FFF avec Valentin et Beno\u00eet F. Lo\u00efse, Quentin, Tom, Baptiste et Liam n&rsquo;ont pas m\u00e9nag\u00e9 leurs efforts pour tenter   de reproduire les premiers mouvements vus aux entrainements.<\/p>\n\n\n\n<p>Merci aux parents accompagnant et supportant des enfants tr\u00e8s courageux aujourd&rsquo;hui !<\/p>\n\n\n\n<figure class=\"wp-block-image\"><img data-attachment-id=\"3010\" data-permalink=\"https:\/\/as-surques-escoeuilles.fr\/index.php\/2019\/09\/25\/u7-rentree-du-foot-dantesque\/img_20190925_163438_521\/\" data-orig-file=\"https:\/\/i0.wp.com\/as-surques-escoeuilles.fr\/wp-content\/uploads\/2019\/09\/IMG_20190925_163438_521.jpg?fit=1080%2C1080&amp;ssl=1\" data-orig-size=\"1080,1080\" data-comments-opened=\"1\" data-image-meta=\"{&quot;aperture&quot;:&quot;0&quot;,&quot;credit&quot;:&quot;&quot;,&quot;camera&quot;:&quot;&quot;,&quot;caption&quot;:&quot;&quot;,&quot;created_timestamp&quot;:&quot;0&quot;,&quot;copyright&quot;:&quot;&quot;,&quot;focal_length&quot;:&quot;0&quot;,&quot;iso&quot;:&quot;0&quot;,&quot;shutter_speed&quot;:&quot;0&quot;,&quot;title&quot;:&quot;&quot;,&quot;orientation&quot;:&quot;0&quot;}\" data-image-title=\"IMG_20190925_163438_521\" data-image-description=\"\" data-image-caption=\"\" data-medium-file=\"https:\/\/i0.wp.com\/as-surques-escoeuilles.fr\/wp-content\/uploads\/2019\/09\/IMG_20190925_163438_521.jpg?fit=300%2C300&amp;ssl=1\" data-large-file=\"https:\/\/i0.wp.com\/as-surques-escoeuilles.fr\/wp-content\/uploads\/2019\/09\/IMG_20190925_163438_521.jpg?fit=800%2C800&amp;ssl=1\" fetchpriority=\"high\" width=\"1080\" height=\"1080\" src=\"https:\/\/i0.wp.com\/as-surques-escoeuilles.fr\/wp-content\/uploads\/2019\/09\/IMG_20190925_163438_521.jpg?fit=474%2C474\" alt=\"\" class=\"wp-image-3010\" srcset=\"https:\/\/i0.wp.com\/as-surques-escoeuilles.fr\/wp-content\/uploads\/2019\/09\/IMG_20190925_163438_521.jpg?w=1080&amp;ssl=1 1080w, https:\/\/i0.wp.com\/as-surques-escoeuilles.fr\/wp-content\/uploads\/2019\/09\/IMG_20190925_163438_521.jpg?resize=150%2C150&amp;ssl=1 150w, https:\/\/i0.wp.com\/as-surques-escoeuilles.fr\/wp-content\/uploads\/2019\/09\/IMG_20190925_163438_521.jpg?resize=300%2C300&amp;ssl=1 300w, https:\/\/i0.wp.com\/as-surques-escoeuilles.fr\/wp-content\/uploads\/2019\/09\/IMG_20190925_163438_521.jpg?resize=768%2C768&amp;ssl=1 768w, https:\/\/i0.wp.com\/as-surques-escoeuilles.fr\/wp-content\/uploads\/2019\/09\/IMG_20190925_163438_521.jpg?resize=1024%2C1024&amp;ssl=1 1024w\" sizes=\"(max-width: 800px) 100vw, 800px\" \/><\/figure>\n\n\n\n<figure class=\"wp-block-image\"><img data-attachment-id=\"3012\" data-permalink=\"https:\/\/as-surques-escoeuilles.fr\/index.php\/2019\/09\/25\/u7-rentree-du-foot-dantesque\/dav-18\/\" data-orig-file=\"https:\/\/i0.wp.com\/as-surques-escoeuilles.fr\/wp-content\/uploads\/2019\/09\/IMG_20190925_174351-1.jpg?fit=2304%2C1548&amp;ssl=1\" data-orig-size=\"2304,1548\" data-comments-opened=\"1\" data-image-meta=\"{&quot;aperture&quot;:&quot;2.2&quot;,&quot;credit&quot;:&quot;&quot;,&quot;camera&quot;:&quot;ANE-LX1&quot;,&quot;caption&quot;:&quot;dav&quot;,&quot;created_timestamp&quot;:&quot;1569420554&quot;,&quot;copyright&quot;:&quot;&quot;,&quot;focal_length&quot;:&quot;3.81&quot;,&quot;iso&quot;:&quot;50&quot;,&quot;shutter_speed&quot;:&quot;0.003269&quot;,&quot;title&quot;:&quot;dav&quot;,&quot;orientation&quot;:&quot;1&quot;}\" data-image-title=\"dav\" data-image-description=\"\" data-image-caption=\"&lt;p&gt;dav&lt;\/p&gt;\n\" data-medium-file=\"https:\/\/i0.wp.com\/as-surques-escoeuilles.fr\/wp-content\/uploads\/2019\/09\/IMG_20190925_174351-1.jpg?fit=300%2C202&amp;ssl=1\" data-large-file=\"https:\/\/i0.wp.com\/as-surques-escoeuilles.fr\/wp-content\/uploads\/2019\/09\/IMG_20190925_174351-1.jpg?fit=800%2C538&amp;ssl=1\" width=\"2304\" height=\"1548\" src=\"https:\/\/i1.wp.com\/as-surques-escoeuilles.fr\/wp-content\/uploads\/2019\/09\/IMG_20190925_174351-1.jpg?fit=474%2C318\" alt=\"\" class=\"wp-image-3012\" srcset=\"https:\/\/i0.wp.com\/as-surques-escoeuilles.fr\/wp-content\/uploads\/2019\/09\/IMG_20190925_174351-1.jpg?w=2304&amp;ssl=1 2304w, https:\/\/i0.wp.com\/as-surques-escoeuilles.fr\/wp-content\/uploads\/2019\/09\/IMG_20190925_174351-1.jpg?resize=300%2C202&amp;ssl=1 300w, https:\/\/i0.wp.com\/as-surques-escoeuilles.fr\/wp-content\/uploads\/2019\/09\/IMG_20190925_174351-1.jpg?resize=768%2C516&amp;ssl=1 768w, https:\/\/i0.wp.com\/as-surques-escoeuilles.fr\/wp-content\/uploads\/2019\/09\/IMG_20190925_174351-1.jpg?resize=1024%2C688&amp;ssl=1 1024w, https:\/\/i0.wp.com\/as-surques-escoeuilles.fr\/wp-content\/uploads\/2019\/09\/IMG_20190925_174351-1.jpg?w=1600&amp;ssl=1 1600w\" sizes=\"(max-width: 800px) 100vw, 800px\" \/><figcaption><br><br><\/figcaption><\/figure>\n\n\n\n<figure class=\"wp-block-image\"><img data-attachment-id=\"3013\" data-permalink=\"https:\/\/as-surques-escoeuilles.fr\/index.php\/2019\/09\/25\/u7-rentree-du-foot-dantesque\/dav-19\/\" data-orig-file=\"https:\/\/i0.wp.com\/as-surques-escoeuilles.fr\/wp-content\/uploads\/2019\/09\/IMG_20190925_174343.jpg?fit=2304%2C1630&amp;ssl=1\" data-orig-size=\"2304,1630\" data-comments-opened=\"1\" data-image-meta=\"{&quot;aperture&quot;:&quot;2.2&quot;,&quot;credit&quot;:&quot;&quot;,&quot;camera&quot;:&quot;ANE-LX1&quot;,&quot;caption&quot;:&quot;dav&quot;,&quot;created_timestamp&quot;:&quot;1569420810&quot;,&quot;copyright&quot;:&quot;&quot;,&quot;focal_length&quot;:&quot;3.81&quot;,&quot;iso&quot;:&quot;50&quot;,&quot;shutter_speed&quot;:&quot;0.004201&quot;,&quot;title&quot;:&quot;dav&quot;,&quot;orientation&quot;:&quot;1&quot;}\" data-image-title=\"dav\" data-image-description=\"\" data-image-caption=\"&lt;p&gt;dav&lt;\/p&gt;\n\" data-medium-file=\"https:\/\/i0.wp.com\/as-surques-escoeuilles.fr\/wp-content\/uploads\/2019\/09\/IMG_20190925_174343.jpg?fit=300%2C212&amp;ssl=1\" data-large-file=\"https:\/\/i0.wp.com\/as-surques-escoeuilles.fr\/wp-content\/uploads\/2019\/09\/IMG_20190925_174343.jpg?fit=800%2C566&amp;ssl=1\" width=\"2304\" height=\"1630\" src=\"https:\/\/i1.wp.com\/as-surques-escoeuilles.fr\/wp-content\/uploads\/2019\/09\/IMG_20190925_174343.jpg?fit=474%2C335\" alt=\"\" class=\"wp-image-3013\" srcset=\"https:\/\/i0.wp.com\/as-surques-escoeuilles.fr\/wp-content\/uploads\/2019\/09\/IMG_20190925_174343.jpg?w=2304&amp;ssl=1 2304w, https:\/\/i0.wp.com\/as-surques-escoeuilles.fr\/wp-content\/uploads\/2019\/09\/IMG_20190925_174343.jpg?resize=300%2C212&amp;ssl=1 300w, https:\/\/i0.wp.com\/as-surques-escoeuilles.fr\/wp-content\/uploads\/2019\/09\/IMG_20190925_174343.jpg?resize=768%2C543&amp;ssl=1 768w, https:\/\/i0.wp.com\/as-surques-escoeuilles.fr\/wp-content\/uploads\/2019\/09\/IMG_20190925_174343.jpg?resize=1024%2C724&amp;ssl=1 1024w, https:\/\/i0.wp.com\/as-surques-escoeuilles.fr\/wp-content\/uploads\/2019\/09\/IMG_20190925_174343.jpg?w=1600&amp;ssl=1 1600w\" sizes=\"(max-width: 800px) 100vw, 800px\" \/><\/figure>\n\n\n\n<figure class=\"wp-block-image\"><img data-attachment-id=\"3014\" data-permalink=\"https:\/\/as-surques-escoeuilles.fr\/index.php\/2019\/09\/25\/u7-rentree-du-foot-dantesque\/dav-20\/\" data-orig-file=\"https:\/\/i0.wp.com\/as-surques-escoeuilles.fr\/wp-content\/uploads\/2019\/09\/IMG_20190925_174333.jpg?fit=2304%2C1331&amp;ssl=1\" data-orig-size=\"2304,1331\" data-comments-opened=\"1\" data-image-meta=\"{&quot;aperture&quot;:&quot;2.2&quot;,&quot;credit&quot;:&quot;&quot;,&quot;camera&quot;:&quot;ANE-LX1&quot;,&quot;caption&quot;:&quot;dav&quot;,&quot;created_timestamp&quot;:&quot;1569420935&quot;,&quot;copyright&quot;:&quot;&quot;,&quot;focal_length&quot;:&quot;3.81&quot;,&quot;iso&quot;:&quot;50&quot;,&quot;shutter_speed&quot;:&quot;0.004039&quot;,&quot;title&quot;:&quot;dav&quot;,&quot;orientation&quot;:&quot;1&quot;}\" data-image-title=\"dav\" data-image-description=\"\" data-image-caption=\"&lt;p&gt;dav&lt;\/p&gt;\n\" data-medium-file=\"https:\/\/i0.wp.com\/as-surques-escoeuilles.fr\/wp-content\/uploads\/2019\/09\/IMG_20190925_174333.jpg?fit=300%2C173&amp;ssl=1\" data-large-file=\"https:\/\/i0.wp.com\/as-surques-escoeuilles.fr\/wp-content\/uploads\/2019\/09\/IMG_20190925_174333.jpg?fit=800%2C463&amp;ssl=1\" loading=\"lazy\" width=\"2304\" height=\"1331\" src=\"https:\/\/i2.wp.com\/as-surques-escoeuilles.fr\/wp-content\/uploads\/2019\/09\/IMG_20190925_174333.jpg?fit=474%2C274\" alt=\"\" class=\"wp-image-3014\" srcset=\"https:\/\/i0.wp.com\/as-surques-escoeuilles.fr\/wp-content\/uploads\/2019\/09\/IMG_20190925_174333.jpg?w=2304&amp;ssl=1 2304w, https:\/\/i0.wp.com\/as-surques-escoeuilles.fr\/wp-content\/uploads\/2019\/09\/IMG_20190925_174333.jpg?resize=300%2C173&amp;ssl=1 300w, https:\/\/i0.wp.com\/as-surques-escoeuilles.fr\/wp-content\/uploads\/2019\/09\/IMG_20190925_174333.jpg?resize=768%2C444&amp;ssl=1 768w, https:\/\/i0.wp.com\/as-surques-escoeuilles.fr\/wp-content\/uploads\/2019\/09\/IMG_20190925_174333.jpg?resize=1024%2C592&amp;ssl=1 1024w, https:\/\/i0.wp.com\/as-surques-escoeuilles.fr\/wp-content\/uploads\/2019\/09\/IMG_20190925_174333.jpg?w=1600&amp;ssl=1 1600w\" sizes=\"(max-width: 800px) 100vw, 800px\" \/><\/figure>\n\n\n\n<figure class=\"wp-block-image\"><img data-attachment-id=\"3015\" data-permalink=\"https:\/\/as-surques-escoeuilles.fr\/index.php\/2019\/09\/25\/u7-rentree-du-foot-dantesque\/dav-21\/\" data-orig-file=\"https:\/\/i0.wp.com\/as-surques-escoeuilles.fr\/wp-content\/uploads\/2019\/09\/IMG_20190925_174253.jpg?fit=2304%2C1384&amp;ssl=1\" data-orig-size=\"2304,1384\" data-comments-opened=\"1\" data-image-meta=\"{&quot;aperture&quot;:&quot;2.2&quot;,&quot;credit&quot;:&quot;&quot;,&quot;camera&quot;:&quot;ANE-LX1&quot;,&quot;caption&quot;:&quot;dav&quot;,&quot;created_timestamp&quot;:&quot;1569424433&quot;,&quot;copyright&quot;:&quot;&quot;,&quot;focal_length&quot;:&quot;3.81&quot;,&quot;iso&quot;:&quot;50&quot;,&quot;shutter_speed&quot;:&quot;0.002839&quot;,&quot;title&quot;:&quot;dav&quot;,&quot;orientation&quot;:&quot;1&quot;}\" data-image-title=\"dav\" data-image-description=\"\" data-image-caption=\"&lt;p&gt;dav&lt;\/p&gt;\n\" data-medium-file=\"https:\/\/i0.wp.com\/as-surques-escoeuilles.fr\/wp-content\/uploads\/2019\/09\/IMG_20190925_174253.jpg?fit=300%2C180&amp;ssl=1\" data-large-file=\"https:\/\/i0.wp.com\/as-surques-escoeuilles.fr\/wp-content\/uploads\/2019\/09\/IMG_20190925_174253.jpg?fit=800%2C480&amp;ssl=1\" loading=\"lazy\" width=\"2304\" height=\"1384\" src=\"https:\/\/i0.wp.com\/as-surques-escoeuilles.fr\/wp-content\/uploads\/2019\/09\/IMG_20190925_174253.jpg?fit=474%2C285\" alt=\"\" class=\"wp-image-3015\" srcset=\"https:\/\/i0.wp.com\/as-surques-escoeuilles.fr\/wp-content\/uploads\/2019\/09\/IMG_20190925_174253.jpg?w=2304&amp;ssl=1 2304w, https:\/\/i0.wp.com\/as-surques-escoeuilles.fr\/wp-content\/uploads\/2019\/09\/IMG_20190925_174253.jpg?resize=300%2C180&amp;ssl=1 300w, https:\/\/i0.wp.com\/as-surques-escoeuilles.fr\/wp-content\/uploads\/2019\/09\/IMG_20190925_174253.jpg?resize=768%2C461&amp;ssl=1 768w, https:\/\/i0.wp.com\/as-surques-escoeuilles.fr\/wp-content\/uploads\/2019\/09\/IMG_20190925_174253.jpg?resize=1024%2C615&amp;ssl=1 1024w, https:\/\/i0.wp.com\/as-surques-escoeuilles.fr\/wp-content\/uploads\/2019\/09\/IMG_20190925_174253.jpg?w=1600&amp;ssl=1 1600w\" sizes=\"(max-width: 800px) 100vw, 800px\" \/><\/figure>\n\n\n\n<figure class=\"wp-block-image\"><img src=\"blob:http:\/\/as-surques-escoeuilles.fr\/4b3ee360-a025-4276-a44a-c54fc566a4aa\" alt=\"\"\/><\/figure>\n\n\n\n<figure class=\"wp-block-image\"><img data-attachment-id=\"3021\" data-permalink=\"https:\/\/as-surques-escoeuilles.fr\/index.php\/2019\/09\/25\/u7-rentree-du-foot-dantesque\/dav-25\/\" data-orig-file=\"https:\/\/i0.wp.com\/as-surques-escoeuilles.fr\/wp-content\/uploads\/2019\/09\/IMG_20190925_174311-1.jpg?fit=1728%2C1783&amp;ssl=1\" data-orig-size=\"1728,1783\" data-comments-opened=\"1\" data-image-meta=\"{&quot;aperture&quot;:&quot;2.2&quot;,&quot;credit&quot;:&quot;&quot;,&quot;camera&quot;:&quot;ANE-LX1&quot;,&quot;caption&quot;:&quot;dav&quot;,&quot;created_timestamp&quot;:&quot;1569424402&quot;,&quot;copyright&quot;:&quot;&quot;,&quot;focal_length&quot;:&quot;3.81&quot;,&quot;iso&quot;:&quot;50&quot;,&quot;shutter_speed&quot;:&quot;0.002409&quot;,&quot;title&quot;:&quot;dav&quot;,&quot;orientation&quot;:&quot;1&quot;}\" data-image-title=\"dav\" data-image-description=\"\" data-image-caption=\"&lt;p&gt;dav&lt;\/p&gt;\n\" data-medium-file=\"https:\/\/i0.wp.com\/as-surques-escoeuilles.fr\/wp-content\/uploads\/2019\/09\/IMG_20190925_174311-1.jpg?fit=291%2C300&amp;ssl=1\" data-large-file=\"https:\/\/i0.wp.com\/as-surques-escoeuilles.fr\/wp-content\/uploads\/2019\/09\/IMG_20190925_174311-1.jpg?fit=800%2C826&amp;ssl=1\" loading=\"lazy\" width=\"1728\" height=\"1783\" src=\"https:\/\/i0.wp.com\/as-surques-escoeuilles.fr\/wp-content\/uploads\/2019\/09\/IMG_20190925_174311-1.jpg?fit=474%2C489\" alt=\"\" class=\"wp-image-3021\" srcset=\"https:\/\/i0.wp.com\/as-surques-escoeuilles.fr\/wp-content\/uploads\/2019\/09\/IMG_20190925_174311-1.jpg?w=1728&amp;ssl=1 1728w, https:\/\/i0.wp.com\/as-surques-escoeuilles.fr\/wp-content\/uploads\/2019\/09\/IMG_20190925_174311-1.jpg?resize=291%2C300&amp;ssl=1 291w, https:\/\/i0.wp.com\/as-surques-escoeuilles.fr\/wp-content\/uploads\/2019\/09\/IMG_20190925_174311-1.jpg?resize=768%2C792&amp;ssl=1 768w, https:\/\/i0.wp.com\/as-surques-escoeuilles.fr\/wp-content\/uploads\/2019\/09\/IMG_20190925_174311-1.jpg?resize=992%2C1024&amp;ssl=1 992w, https:\/\/i0.wp.com\/as-surques-escoeuilles.fr\/wp-content\/uploads\/2019\/09\/IMG_20190925_174311-1.jpg?w=1600&amp;ssl=1 1600w\" sizes=\"(max-width: 800px) 100vw, 800px\" \/><\/figure>\n","protected":false},"excerpt":{"rendered":"<p>De la pluie, du vent, rien n&rsquo;a arr\u00eat\u00e9 nos U7 qui se sont rendus \u00e0 Desvres pour la rentr\u00e9e du<\/p>\n","protected":false},"author":1,"featured_media":3018,"comment_status":"open","ping_status":"open","sticky":false,"template":"","format":"standard","meta":{"ngg_post_thumbnail":0,"jetpack_post_was_ever_published":false,"jetpack_publicize_message":"","jetpack_is_tweetstorm":false,"jetpack_publicize_feature_enabled":true,"jetpack_social_post_already_shared":true,"jetpack_social_options":{"image_generator_settings":{"template":"highway","enabled":false}}},"categories":[1,20],"tags":[],"jetpack_publicize_connections":[],"jetpack_featured_media_url":"https:\/\/i0.wp.com\/as-surques-escoeuilles.fr\/wp-content\/uploads\/2019\/09\/IMG_20190925_175739.jpg?fit=1728%2C1262&ssl=1","jetpack_sharing_enabled":true,"jetpack_shortlink":"https:\/\/wp.me\/p8dhOI-Mu","jetpack-related-posts":[{"id":564,"url":"https:\/\/as-surques-escoeuilles.fr\/index.php\/2017\/09\/04\/mercredi-0609-cest-la-rentree-du-foot\/","url_meta":{"origin":3006,"position":0},"title":"Mercredi 06\/09 : \u00ab\u00a0c&rsquo;est la rentr\u00e9e du foot\u00a0\u00bb","date":"4 septembre 2017","format":false,"excerpt":"Mercredi 6 septembre, les \"Mini-foot\", U7 et U9 retrouveront le chemin des terrains. Soyez nombreux pour cette reprise. Accueil \u00e0 partir de 13h45 D\u00e9but des s\u00e9ances \u00e0 14h Pensez aux licences, aux cotisations, au Troc'foot (vente d'\u00e9quipements d'occasion). Merci de pr\u00e9venir les \u00e9ducateurs en cas d'absence. A tr\u00e8s bient\u00f4t !","rel":"","context":"Dans &quot;Non class\u00e9&quot;","img":{"alt_text":"","src":"https:\/\/i0.wp.com\/as-surques-escoeuilles.fr\/wp-content\/uploads\/2017\/09\/REPRISE.png?fit=498%2C286&ssl=1&resize=350%2C200","width":350,"height":200},"classes":[]},{"id":1892,"url":"https:\/\/as-surques-escoeuilles.fr\/index.php\/2018\/10\/11\/plateau-u6-u7-du-10-octobre\/","url_meta":{"origin":3006,"position":1},"title":"Plateau U6\/U7 du 10 octobre","date":"11 octobre 2018","format":false,"excerpt":"Sous un soleil radieux, les \u00e9quipes de Lumbres, Vaudringhem, Wavrans et Seninghem ont toutes r\u00e9pondu pr\u00e9sentes pour venir affronter les 10 petits Orange et Noir pour le premier plateau de la saison. L'occassion de conna\u00eetre les\u00a0 premi\u00e8res sensations de matches face \u00e0 des adversaires, avec victoire, d\u00e9faite mais surtout un\u2026","rel":"","context":"Dans &quot;Non class\u00e9&quot;","img":{"alt_text":"","src":"https:\/\/i0.wp.com\/as-surques-escoeuilles.fr\/wp-content\/uploads\/2018\/10\/43609991_296287157860370_4624584569721454592_n-1.jpg?fit=1200%2C900&ssl=1&resize=350%2C200","width":350,"height":200},"classes":[]},{"id":4996,"url":"https:\/\/as-surques-escoeuilles.fr\/index.php\/2021\/02\/19\/pef-cassenaval-pour-nos-mini-foot-et-u6-u7\/","url_meta":{"origin":3006,"position":2},"title":"PEF : cASSEnaval pour nos mini-foot et U6-U7","date":"19 f\u00e9vrier 2021","format":false,"excerpt":"Retrouvez l'ensemble de nos contenus PEF sur la page Programme Educatif F\u00e9d\u00e9ral","rel":"","context":"Dans &quot;Communication club&quot;","img":{"alt_text":"","src":"https:\/\/i0.wp.com\/as-surques-escoeuilles.fr\/wp-content\/uploads\/2021\/02\/U6U7_cASSEnaval.png?fit=1200%2C848&ssl=1&resize=350%2C200","width":350,"height":200},"classes":[]},{"id":1980,"url":"https:\/\/as-surques-escoeuilles.fr\/index.php\/2018\/10\/28\/nos-u6-u7-en-plateau-sous-la-pluie\/","url_meta":{"origin":3006,"position":3},"title":"Nos U6\/U7 en plateau sous la pluie !","date":"28 octobre 2018","format":false,"excerpt":"En ce samedi bien automnal, trois \u00e9quipes U6\/U7 sont all\u00e9s en plateau \u00e0 Bourthes pour rencontrer d'autres \u00e9quipes. L'occasion de commencer \u00e0 go\u00fbter au frisson de la comp\u00e9tition. Malgr\u00e9 le froid, le vent, la pluie et beaucoup de buts encaiss\u00e9s, nos petits Orange et Noirs se sont amus\u00e9s tout au\u2026","rel":"","context":"Dans &quot;Non class\u00e9&quot;","img":{"alt_text":"","src":"https:\/\/i0.wp.com\/as-surques-escoeuilles.fr\/wp-content\/uploads\/2018\/10\/44834590_1853455148025426_3267068879175680000_n.jpg?fit=960%2C720&ssl=1&resize=350%2C200","width":350,"height":200},"classes":[]},{"id":3931,"url":"https:\/\/as-surques-escoeuilles.fr\/index.php\/2020\/01\/25\/organisation-dun-plateau-u7-en-salle\/","url_meta":{"origin":3006,"position":4},"title":"Organisation d&rsquo;un plateau U7 en salle","date":"25 janvier 2020","format":false,"excerpt":"Ce samedi, les \u00e9ducateurs U6-U7 ont organis\u00e9 un plateau en salle. Sous la supervision de Loreen, Adeline, Benjamin et Beno\u00eet, huit \u00e9quipes se sont affront\u00e9es pendant deux heures avant de partager un go\u00fbter bien m\u00e9rit\u00e9. Merci aux \u00e9ducateurs et \u00e9quipes de l'Usbco, Nortkerque et Vieil Moutier pour leur venue, et\u2026","rel":"","context":"Dans &quot;U7&quot;","img":{"alt_text":"","src":"https:\/\/i0.wp.com\/as-surques-escoeuilles.fr\/wp-content\/uploads\/2020\/01\/received_201426844241656-scaled.jpeg?fit=1200%2C900&ssl=1&resize=350%2C200","width":350,"height":200},"classes":[]},{"id":2492,"url":"https:\/\/as-surques-escoeuilles.fr\/index.php\/2019\/04\/08\/plateau-u6-u7-a-domicile\/","url_meta":{"origin":3006,"position":5},"title":"Plateau U6\/U7 \u00e0 domicile","date":"8 avril 2019","format":false,"excerpt":"Qui dit premier jour des vacances dit forc\u00e9ment...football ! Nos U6\/U7 se sont retrouv\u00e9s sur nos installations dans le cadre d'un plateau r\u00e9unissant 12 \u00e9quipes des alentours. L'occasion pour les enfants de continuer de partager de bons moments tous ensemble en affrontant 5 \u00e9quipes chacune, avant de se retrouver autour\u2026","rel":"","context":"Dans &quot;U7&quot;","img":{"alt_text":"","src":"https:\/\/i0.wp.com\/as-surques-escoeuilles.fr\/wp-content\/uploads\/2019\/04\/IMG_20190408_153349.jpg?fit=1024%2C768&ssl=1&resize=350%2C200","width":350,"height":200},"classes":[]}],"_links":{"self":[{"href":"https:\/\/as-surques-escoeuilles.fr\/index.php\/wp-json\/wp\/v2\/posts\/3006"}],"collection":[{"href":"https:\/\/as-surques-escoeuilles.fr\/index.php\/wp-json\/wp\/v2\/posts"}],"about":[{"href":"https:\/\/as-surques-escoeuilles.fr\/index.php\/wp-json\/wp\/v2\/types\/post"}],"author":[{"embeddable":true,"href":"https:\/\/as-surques-escoeuilles.fr\/index.php\/wp-json\/wp\/v2\/users\/1"}],"replies":[{"embeddable":true,"href":"https:\/\/as-surques-escoeuilles.fr\/index.php\/wp-json\/wp\/v2\/comments?post=3006"}],"version-history":[{"count":0,"href":"https:\/\/as-surques-escoeuilles.fr\/index.php\/wp-json\/wp\/v2\/posts\/3006\/revisions"}],"wp:featuredmedia":[{"embeddable":true,"href":"https:\/\/as-surques-escoeuilles.fr\/index.php\/wp-json\/wp\/v2\/media\/3018"}],"wp:attachment":[{"href":"https:\/\/as-surques-escoeuilles.fr\/index.php\/wp-json\/wp\/v2\/media?parent=3006"}],"wp:term":[{"taxonomy":"category","embeddable":true,"href":"https:\/\/as-surques-escoeuilles.fr\/index.php\/wp-json\/wp\/v2\/categories?post=3006"},{"taxonomy":"post_tag","embeddable":true,"href":"https:\/\/as-surques-escoeuilles.fr\/index.php\/wp-json\/wp\/v2\/tags?post=3006"}],"curies":[{"name":"wp","href":"https:\/\/api.w.org\/{rel}","templated":true}]}}