{"id":3055,"date":"2020-03-05T04:52:00","date_gmt":"2020-03-05T03:52:00","guid":{"rendered":"http:\/\/as-surques-escoeuilles.fr\/?p=3055"},"modified":"2020-03-05T16:17:54","modified_gmt":"2020-03-05T15:17:54","slug":"le-point-sur-le-week-end-2","status":"publish","type":"post","link":"https:\/\/as-surques-escoeuilles.fr\/index.php\/2020\/03\/05\/le-point-sur-le-week-end-2\/","title":{"rendered":"Le point sur le week-end"},"content":{"rendered":"\n<p>Remise g\u00e9n\u00e9rale ce week-end pour toutes les \u00e9quipes du club.<\/p>\n\n\n\n<p><\/p>\n","protected":false},"excerpt":{"rendered":"<p>Remise g\u00e9n\u00e9rale ce week-end pour toutes les \u00e9quipes du club.<\/p>\n","protected":false},"author":1,"featured_media":2974,"comment_status":"open","ping_status":"open","sticky":false,"template":"","format":"standard","meta":{"ngg_post_thumbnail":0,"jetpack_post_was_ever_published":false,"jetpack_publicize_message":"","jetpack_is_tweetstorm":false,"jetpack_publicize_feature_enabled":true,"jetpack_social_post_already_shared":true,"jetpack_social_options":{"image_generator_settings":{"template":"highway","enabled":false}}},"categories":[23],"tags":[],"jetpack_publicize_connections":[],"jetpack_featured_media_url":"https:\/\/i0.wp.com\/as-surques-escoeuilles.fr\/wp-content\/uploads\/2019\/09\/agenda.jpg?fit=408%2C191&ssl=1","jetpack_sharing_enabled":true,"jetpack_shortlink":"https:\/\/wp.me\/p8dhOI-Nh","jetpack-related-posts":[{"id":2309,"url":"https:\/\/as-surques-escoeuilles.fr\/index.php\/2019\/02\/07\/remise-les-26-et-27-janvier\/","url_meta":{"origin":3055,"position":0},"title":"Le point sur le week-end","date":"7 f\u00e9vrier 2019","format":false,"excerpt":"REMISE G\u00c9N\u00c9RALE sauf \u2026 En raison des conditions m\u00e9t\u00e9orologiques et dans un souci de pr\u00e9server les terrains, le District C\u00f4te d\u2019Opale a pris la d\u00e9cision de reporter \u00e0 une date ult\u00e9rieure tous les matchs organis\u00e9s par celui-ci les 9 et 10 F\u00e9vrier 2019. Sont maintenus : \u2013 Le match seniors\u2026","rel":"","context":"Dans &quot;Communication club&quot;","img":{"alt_text":"","src":"https:\/\/i0.wp.com\/as-surques-escoeuilles.fr\/wp-content\/uploads\/2019\/01\/image-611x378.jpg?fit=611%2C378&ssl=1&resize=350%2C200","width":350,"height":200},"classes":[]},{"id":2097,"url":"https:\/\/as-surques-escoeuilles.fr\/index.php\/2018\/11\/30\/le-point-sur-le-week-end\/","url_meta":{"origin":3055,"position":1},"title":"Le point sur le week-end","date":"30 novembre 2018","format":false,"excerpt":"REMISE GENERALE : aucun match ce week-end du 01 et 02 d\u00e9cembre. Aucune activit\u00e9 sur notre terrain en raison d'un arr\u00eat\u00e9 municipal.","rel":"","context":"Dans &quot;Non class\u00e9&quot;","img":{"alt_text":"","src":"https:\/\/i0.wp.com\/as-surques-escoeuilles.fr\/wp-content\/uploads\/2018\/11\/pluie-foot-mxp3yq-mzk8in-mzx1ne__nf75oo.jpg?fit=612%2C308&ssl=1&resize=350%2C200","width":350,"height":200},"classes":[]},{"id":337,"url":"https:\/\/as-surques-escoeuilles.fr\/index.php\/2017\/03\/10\/week-end-remise-generale\/","url_meta":{"origin":3055,"position":2},"title":"Point sur le WE des 11 et 12 mars","date":"10 mars 2017","format":false,"excerpt":"En raison des conditions m\u00e9t\u00e9orologiques, les matches \u00e0 domicile sont report\u00e9s. Seuls les matches suivants auront lieu : U13 niv 3 : Group. des Landes\u00a0 - ASSE 2 (samedi \u00e0 14h15) U16 : Calais Beau Marais - ASSE (dimanche 10h30)","rel":"","context":"Dans &quot;S\u00e9niors&quot;","img":{"alt_text":"","src":"https:\/\/i0.wp.com\/as-surques-escoeuilles.fr\/wp-content\/uploads\/2017\/03\/remise.jpg?fit=720%2C434&ssl=1&resize=350%2C200","width":350,"height":200},"classes":[]},{"id":4263,"url":"https:\/\/as-surques-escoeuilles.fr\/index.php\/2020\/05\/04\/fin-de-saison\/","url_meta":{"origin":3055,"position":3},"title":"Fin de saison","date":"4 mai 2020","format":false,"excerpt":"La FFF a d\u00e9cid\u00e9 d'arr\u00eater les championnats \u00e0 la date du 13 mars 2020.Notre club ne pourra donc plus accueillir d'activit\u00e9s d'ici la fin de saison. Le conseil d'administration se r\u00e9unira d\u00e8s que possible pour vous communiquer les modalit\u00e9s de reprise pour la saison 2020-2021. Les classements s\u00e9niors sont recalcul\u00e9s\u2026","rel":"","context":"Dans &quot;Communication club&quot;","img":{"alt_text":"","src":"https:\/\/i0.wp.com\/as-surques-escoeuilles.fr\/wp-content\/uploads\/2020\/05\/edgar-chaparro-cpoXIs2wygk-unsplash-3.jpg?fit=1200%2C622&ssl=1&resize=350%2C200","width":350,"height":200},"classes":[]},{"id":1458,"url":"https:\/\/as-surques-escoeuilles.fr\/index.php\/2018\/06\/07\/fete-du-foot-2018\/","url_meta":{"origin":3055,"position":4},"title":"F\u00eate du foot 2018","date":"7 juin 2018","format":false,"excerpt":"Devenue d\u00e9j\u00e0 incontournable, la f\u00eate du foot r\u00e9unit, sur notre stade intercommunal, tous les licenci\u00e9s et partenaires de l'ASSE pour un week-end festif au mois de juin sur le th\u00e8me du football. En 2018, la f\u00eate du foot aura lieu les 9 et 10 juin avec toujours au programme des\u2026","rel":"","context":"Dans &quot;Communication club&quot;","img":{"alt_text":"","src":"https:\/\/i0.wp.com\/as-surques-escoeuilles.fr\/wp-content\/uploads\/2018\/06\/fete_foot_2018_palette_date.jpg?fit=454%2C642&ssl=1&resize=350%2C200","width":350,"height":200},"classes":[]},{"id":2714,"url":"https:\/\/as-surques-escoeuilles.fr\/index.php\/2019\/06\/25\/du-orange-au-rouge\/","url_meta":{"origin":3055,"position":5},"title":"Du Orange au Rouge","date":"25 juin 2019","format":false,"excerpt":"Ce vendredi 21 juin se tenait l'Assembl\u00e9e G\u00e9n\u00e9rale de fin de saison. Il s'agit toujours d'un moment particulier o\u00f9 les joueurs et dirigeants partants ont l'occasion de passer un dernier moment parmi les licenci\u00e9s de l'ASSE. Cette fois-ci le moment \u00e9tait tr\u00e8s particulier puisque trois licenci\u00e9s nous quittent pour rejoindre\u2026","rel":"","context":"Dans &quot;Communication club&quot;","img":{"alt_text":"","src":"https:\/\/i0.wp.com\/as-surques-escoeuilles.fr\/wp-content\/uploads\/2019\/06\/IMG_20190621_202422.jpg?fit=1024%2C768&ssl=1&resize=350%2C200","width":350,"height":200},"classes":[]}],"_links":{"self":[{"href":"https:\/\/as-surques-escoeuilles.fr\/index.php\/wp-json\/wp\/v2\/posts\/3055"}],"collection":[{"href":"https:\/\/as-surques-escoeuilles.fr\/index.php\/wp-json\/wp\/v2\/posts"}],"about":[{"href":"https:\/\/as-surques-escoeuilles.fr\/index.php\/wp-json\/wp\/v2\/types\/post"}],"author":[{"embeddable":true,"href":"https:\/\/as-surques-escoeuilles.fr\/index.php\/wp-json\/wp\/v2\/users\/1"}],"replies":[{"embeddable":true,"href":"https:\/\/as-surques-escoeuilles.fr\/index.php\/wp-json\/wp\/v2\/comments?post=3055"}],"version-history":[{"count":0,"href":"https:\/\/as-surques-escoeuilles.fr\/index.php\/wp-json\/wp\/v2\/posts\/3055\/revisions"}],"wp:featuredmedia":[{"embeddable":true,"href":"https:\/\/as-surques-escoeuilles.fr\/index.php\/wp-json\/wp\/v2\/media\/2974"}],"wp:attachment":[{"href":"https:\/\/as-surques-escoeuilles.fr\/index.php\/wp-json\/wp\/v2\/media?parent=3055"}],"wp:term":[{"taxonomy":"category","embeddable":true,"href":"https:\/\/as-surques-escoeuilles.fr\/index.php\/wp-json\/wp\/v2\/categories?post=3055"},{"taxonomy":"post_tag","embeddable":true,"href":"https:\/\/as-surques-escoeuilles.fr\/index.php\/wp-json\/wp\/v2\/tags?post=3055"}],"curies":[{"name":"wp","href":"https:\/\/api.w.org\/{rel}","templated":true}]}}