{"id":3255,"date":"2019-11-30T14:41:10","date_gmt":"2019-11-30T12:41:10","guid":{"rendered":"https:\/\/as-surques-escoeuilles.fr\/?p=3255"},"modified":"2019-11-30T14:06:47","modified_gmt":"2019-11-30T13:06:47","slug":"plateau-u8-u9-2","status":"publish","type":"post","link":"https:\/\/as-surques-escoeuilles.fr\/index.php\/2019\/11\/30\/plateau-u8-u9-2\/","title":{"rendered":"Plateau U8 \/ U9"},"content":{"rendered":"\n<p>Nos U8 U9 \u00e9taient ce matin de sortie \u00e0 Vieil Moutier avec deux \u00e9quipes. Au programme : du jeu, des buts , des d\u00e9fis et ceci malgr\u00e9 le froid, encadr\u00e9s par Charlotte, Charles et Benoit G.<\/p>\n\n\n\n<p>Bravo aux enfants et merci aux parents ainsi qu&rsquo;au club de Vieil Moutier pour l&rsquo;accueil. <\/p>\n\n\n\n<figure class=\"wp-block-image\"><img data-attachment-id=\"3250\" data-permalink=\"https:\/\/as-surques-escoeuilles.fr\/fb_img_15751173390968907771665566600227-jpg\/\" data-orig-file=\"https:\/\/i0.wp.com\/as-surques-escoeuilles.fr\/wp-content\/uploads\/2019\/11\/fb_img_15751173390968907771665566600227.jpg?fit=960%2C540&amp;ssl=1\" data-orig-size=\"960,540\" data-comments-opened=\"1\" data-image-meta=\"{&quot;aperture&quot;:&quot;0&quot;,&quot;credit&quot;:&quot;&quot;,&quot;camera&quot;:&quot;&quot;,&quot;caption&quot;:&quot;&quot;,&quot;created_timestamp&quot;:&quot;0&quot;,&quot;copyright&quot;:&quot;&quot;,&quot;focal_length&quot;:&quot;0&quot;,&quot;iso&quot;:&quot;0&quot;,&quot;shutter_speed&quot;:&quot;0&quot;,&quot;title&quot;:&quot;&quot;,&quot;orientation&quot;:&quot;0&quot;}\" data-image-title=\"fb_img_15751173390968907771665566600227.jpg\" data-image-description=\"\" data-image-caption=\"\" data-medium-file=\"https:\/\/i0.wp.com\/as-surques-escoeuilles.fr\/wp-content\/uploads\/2019\/11\/fb_img_15751173390968907771665566600227.jpg?fit=300%2C169&amp;ssl=1\" data-large-file=\"https:\/\/i0.wp.com\/as-surques-escoeuilles.fr\/wp-content\/uploads\/2019\/11\/fb_img_15751173390968907771665566600227.jpg?fit=800%2C450&amp;ssl=1\" fetchpriority=\"high\" width=\"800\" height=\"450\" src=\"https:\/\/i0.wp.com\/as-surques-escoeuilles.fr\/wp-content\/uploads\/2019\/11\/fb_img_15751173390968907771665566600227.jpg?resize=800%2C450&#038;ssl=1\" alt=\"\" class=\"wp-image-3250\" srcset=\"https:\/\/i0.wp.com\/as-surques-escoeuilles.fr\/wp-content\/uploads\/2019\/11\/fb_img_15751173390968907771665566600227.jpg?w=960&amp;ssl=1 960w, https:\/\/i0.wp.com\/as-surques-escoeuilles.fr\/wp-content\/uploads\/2019\/11\/fb_img_15751173390968907771665566600227.jpg?resize=300%2C169&amp;ssl=1 300w, https:\/\/i0.wp.com\/as-surques-escoeuilles.fr\/wp-content\/uploads\/2019\/11\/fb_img_15751173390968907771665566600227.jpg?resize=768%2C432&amp;ssl=1 768w\" sizes=\"(max-width: 800px) 100vw, 800px\" data-recalc-dims=\"1\" \/><\/figure>\n\n\n\n<figure class=\"wp-block-image\"><img data-attachment-id=\"3251\" data-permalink=\"https:\/\/as-surques-escoeuilles.fr\/fb_img_157511733624563252882464892888-jpg\/\" data-orig-file=\"https:\/\/i0.wp.com\/as-surques-escoeuilles.fr\/wp-content\/uploads\/2019\/11\/fb_img_157511733624563252882464892888.jpg?fit=540%2C960&amp;ssl=1\" data-orig-size=\"540,960\" data-comments-opened=\"1\" data-image-meta=\"{&quot;aperture&quot;:&quot;0&quot;,&quot;credit&quot;:&quot;&quot;,&quot;camera&quot;:&quot;&quot;,&quot;caption&quot;:&quot;&quot;,&quot;created_timestamp&quot;:&quot;0&quot;,&quot;copyright&quot;:&quot;&quot;,&quot;focal_length&quot;:&quot;0&quot;,&quot;iso&quot;:&quot;0&quot;,&quot;shutter_speed&quot;:&quot;0&quot;,&quot;title&quot;:&quot;&quot;,&quot;orientation&quot;:&quot;0&quot;}\" data-image-title=\"fb_img_157511733624563252882464892888.jpg\" data-image-description=\"\" data-image-caption=\"\" data-medium-file=\"https:\/\/i0.wp.com\/as-surques-escoeuilles.fr\/wp-content\/uploads\/2019\/11\/fb_img_157511733624563252882464892888.jpg?fit=169%2C300&amp;ssl=1\" data-large-file=\"https:\/\/i0.wp.com\/as-surques-escoeuilles.fr\/wp-content\/uploads\/2019\/11\/fb_img_157511733624563252882464892888.jpg?fit=540%2C960&amp;ssl=1\" width=\"540\" height=\"960\" src=\"https:\/\/i0.wp.com\/as-surques-escoeuilles.fr\/wp-content\/uploads\/2019\/11\/fb_img_157511733624563252882464892888.jpg?resize=540%2C960&#038;ssl=1\" alt=\"\" class=\"wp-image-3251\" srcset=\"https:\/\/i0.wp.com\/as-surques-escoeuilles.fr\/wp-content\/uploads\/2019\/11\/fb_img_157511733624563252882464892888.jpg?w=540&amp;ssl=1 540w, https:\/\/i0.wp.com\/as-surques-escoeuilles.fr\/wp-content\/uploads\/2019\/11\/fb_img_157511733624563252882464892888.jpg?resize=169%2C300&amp;ssl=1 169w\" sizes=\"(max-width: 540px) 100vw, 540px\" data-recalc-dims=\"1\" \/><\/figure>\n\n\n\n<figure class=\"wp-block-image\"><img data-attachment-id=\"3252\" data-permalink=\"https:\/\/as-surques-escoeuilles.fr\/fb_img_15751173332697966882536508628524-jpg\/\" data-orig-file=\"https:\/\/i0.wp.com\/as-surques-escoeuilles.fr\/wp-content\/uploads\/2019\/11\/fb_img_15751173332697966882536508628524.jpg?fit=1080%2C525&amp;ssl=1\" data-orig-size=\"1080,525\" data-comments-opened=\"1\" data-image-meta=\"{&quot;aperture&quot;:&quot;0&quot;,&quot;credit&quot;:&quot;&quot;,&quot;camera&quot;:&quot;&quot;,&quot;caption&quot;:&quot;&quot;,&quot;created_timestamp&quot;:&quot;0&quot;,&quot;copyright&quot;:&quot;&quot;,&quot;focal_length&quot;:&quot;0&quot;,&quot;iso&quot;:&quot;0&quot;,&quot;shutter_speed&quot;:&quot;0&quot;,&quot;title&quot;:&quot;&quot;,&quot;orientation&quot;:&quot;0&quot;}\" data-image-title=\"fb_img_15751173332697966882536508628524.jpg\" data-image-description=\"\" data-image-caption=\"\" data-medium-file=\"https:\/\/i0.wp.com\/as-surques-escoeuilles.fr\/wp-content\/uploads\/2019\/11\/fb_img_15751173332697966882536508628524.jpg?fit=300%2C146&amp;ssl=1\" data-large-file=\"https:\/\/i0.wp.com\/as-surques-escoeuilles.fr\/wp-content\/uploads\/2019\/11\/fb_img_15751173332697966882536508628524.jpg?fit=800%2C389&amp;ssl=1\" width=\"800\" height=\"389\" src=\"https:\/\/i0.wp.com\/as-surques-escoeuilles.fr\/wp-content\/uploads\/2019\/11\/fb_img_15751173332697966882536508628524.jpg?resize=800%2C389&#038;ssl=1\" alt=\"\" class=\"wp-image-3252\" srcset=\"https:\/\/i0.wp.com\/as-surques-escoeuilles.fr\/wp-content\/uploads\/2019\/11\/fb_img_15751173332697966882536508628524.jpg?w=1080&amp;ssl=1 1080w, https:\/\/i0.wp.com\/as-surques-escoeuilles.fr\/wp-content\/uploads\/2019\/11\/fb_img_15751173332697966882536508628524.jpg?resize=300%2C146&amp;ssl=1 300w, https:\/\/i0.wp.com\/as-surques-escoeuilles.fr\/wp-content\/uploads\/2019\/11\/fb_img_15751173332697966882536508628524.jpg?resize=1024%2C498&amp;ssl=1 1024w, https:\/\/i0.wp.com\/as-surques-escoeuilles.fr\/wp-content\/uploads\/2019\/11\/fb_img_15751173332697966882536508628524.jpg?resize=768%2C373&amp;ssl=1 768w\" sizes=\"(max-width: 800px) 100vw, 800px\" data-recalc-dims=\"1\" \/><\/figure>\n\n\n\n<figure class=\"wp-block-image\"><img data-attachment-id=\"3253\" data-permalink=\"https:\/\/as-surques-escoeuilles.fr\/fb_img_15751173299492639917497899910225-jpg\/\" data-orig-file=\"https:\/\/i0.wp.com\/as-surques-escoeuilles.fr\/wp-content\/uploads\/2019\/11\/fb_img_15751173299492639917497899910225.jpg?fit=540%2C960&amp;ssl=1\" data-orig-size=\"540,960\" data-comments-opened=\"1\" data-image-meta=\"{&quot;aperture&quot;:&quot;0&quot;,&quot;credit&quot;:&quot;&quot;,&quot;camera&quot;:&quot;&quot;,&quot;caption&quot;:&quot;&quot;,&quot;created_timestamp&quot;:&quot;0&quot;,&quot;copyright&quot;:&quot;&quot;,&quot;focal_length&quot;:&quot;0&quot;,&quot;iso&quot;:&quot;0&quot;,&quot;shutter_speed&quot;:&quot;0&quot;,&quot;title&quot;:&quot;&quot;,&quot;orientation&quot;:&quot;0&quot;}\" data-image-title=\"fb_img_15751173299492639917497899910225.jpg\" data-image-description=\"\" data-image-caption=\"\" data-medium-file=\"https:\/\/i0.wp.com\/as-surques-escoeuilles.fr\/wp-content\/uploads\/2019\/11\/fb_img_15751173299492639917497899910225.jpg?fit=169%2C300&amp;ssl=1\" data-large-file=\"https:\/\/i0.wp.com\/as-surques-escoeuilles.fr\/wp-content\/uploads\/2019\/11\/fb_img_15751173299492639917497899910225.jpg?fit=540%2C960&amp;ssl=1\" loading=\"lazy\" width=\"540\" height=\"960\" src=\"https:\/\/i0.wp.com\/as-surques-escoeuilles.fr\/wp-content\/uploads\/2019\/11\/fb_img_15751173299492639917497899910225.jpg?resize=540%2C960&#038;ssl=1\" alt=\"\" class=\"wp-image-3253\" srcset=\"https:\/\/i0.wp.com\/as-surques-escoeuilles.fr\/wp-content\/uploads\/2019\/11\/fb_img_15751173299492639917497899910225.jpg?w=540&amp;ssl=1 540w, https:\/\/i0.wp.com\/as-surques-escoeuilles.fr\/wp-content\/uploads\/2019\/11\/fb_img_15751173299492639917497899910225.jpg?resize=169%2C300&amp;ssl=1 169w\" sizes=\"(max-width: 540px) 100vw, 540px\" data-recalc-dims=\"1\" \/><\/figure>\n\n\n\n<p><\/p>\n","protected":false},"excerpt":{"rendered":"<p>Nos U8 U9 \u00e9taient ce matin de sortie \u00e0 Vieil Moutier avec deux \u00e9quipes. Au programme : du jeu, des<\/p>\n","protected":false},"author":1,"featured_media":3254,"comment_status":"open","ping_status":"open","sticky":false,"template":"","format":"standard","meta":{"ngg_post_thumbnail":0,"jetpack_post_was_ever_published":false,"jetpack_publicize_message":"","jetpack_is_tweetstorm":false,"jetpack_publicize_feature_enabled":true,"jetpack_social_post_already_shared":true,"jetpack_social_options":{"image_generator_settings":{"template":"highway","enabled":false}}},"categories":[1],"tags":[],"jetpack_publicize_connections":[],"jetpack_featured_media_url":"https:\/\/i0.wp.com\/as-surques-escoeuilles.fr\/wp-content\/uploads\/2019\/11\/FB_IMG_1575117333269.jpg?fit=1080%2C525&ssl=1","jetpack_sharing_enabled":true,"jetpack_shortlink":"https:\/\/wp.me\/p8dhOI-Qv","jetpack-related-posts":[{"id":3120,"url":"https:\/\/as-surques-escoeuilles.fr\/index.php\/2019\/10\/28\/plateau-u8-u9\/","url_meta":{"origin":3255,"position":0},"title":"Plateau U8 \/ U9","date":"28 octobre 2019","format":false,"excerpt":"En ce lundi de vacances, nos jeunes Orange et Noirs se sont rendus \u00e0 Licques pour un plateau. Ce ne sont pas moins de 16 enfants qui sont all\u00e9s rencontrer les clubs de Licques et Alquines encadr\u00e9s par Charlotte, Beno\u00eet G, Nicolas et Charles. Un grand merci aux nombreux supporters\u2026","rel":"","context":"Dans &quot;U9&quot;","img":{"alt_text":"","src":"https:\/\/i0.wp.com\/as-surques-escoeuilles.fr\/wp-content\/uploads\/2019\/10\/IMG_20191028_152038.jpg?fit=1000%2C750&ssl=1&resize=350%2C200","width":350,"height":200},"classes":[]},{"id":3151,"url":"https:\/\/as-surques-escoeuilles.fr\/index.php\/2019\/11\/02\/plateaux-u6-u7-et-u8-u9\/","url_meta":{"origin":3255,"position":1},"title":"Plateaux U6\/U7 et U8\/U9","date":"2 novembre 2019","format":false,"excerpt":"En ce week-end de remise g\u00e9n\u00e9rale, nos deux plus jeunes cat\u00e9gories \u00e9taient tout de m\u00eame de sortie en plateau. Les U6\/U7 sont all\u00e9s avec Beno\u00eet F. et Benjamin F. \u00e0 Licques pour un plateau \u00e0 8 \u00e9quipes. Lo\u00efse, Quentin, Baptiste, Tom et Thim\u00e9o ont d\u00e9pens\u00e9 beaucoup d'\u00e9nergie pendant 6 matches.\u2026","rel":"","context":"Dans &quot;U7&quot;","img":{"alt_text":"","src":"https:\/\/i0.wp.com\/as-surques-escoeuilles.fr\/wp-content\/uploads\/2019\/11\/74408595_1148249808708606_942722386346639360_n.jpg?fit=1000%2C563&ssl=1&resize=350%2C200","width":350,"height":200},"classes":[]},{"id":749,"url":"https:\/\/as-surques-escoeuilles.fr\/index.php\/2017\/12\/15\/u8-u9-entrainement-en-salle-a-13h-ce-samedi-16-12\/","url_meta":{"origin":3255,"position":2},"title":"U8\/U9 entra\u00eenement en salle \u00e0 13h ce samedi 16\/12","date":"15 d\u00e9cembre 2017","format":false,"excerpt":"Pour permettre l'organisation du match de foot f\u00e9minin de nos U11, la s\u00e9ance d'entra\u00eenement sera avanc\u00e9e \u00e0 13h et se terminera \u00e0 14h. Prenez note","rel":"","context":"Dans &quot;Non class\u00e9&quot;","img":{"alt_text":"","src":"","width":0,"height":0},"classes":[]},{"id":5729,"url":"https:\/\/as-surques-escoeuilles.fr\/index.php\/2022\/06\/09\/u8-u9-plateau-a-tournehem\/","url_meta":{"origin":3255,"position":3},"title":"U8\/U9 : plateau \u00e0 Tournehem","date":"9 juin 2022","format":false,"excerpt":"Ce mercredi 8 juin, 2 \u00e9quipes u8 u9 continuent de se d\u00e9placer avec un plateau du c\u00f4t\u00e9 de Tournehem.","rel":"","context":"Dans &quot;Projet Sportif&quot;","img":{"alt_text":"","src":"https:\/\/i0.wp.com\/as-surques-escoeuilles.fr\/wp-content\/uploads\/2022\/06\/Resized_20220608_162458.jpeg?fit=1200%2C674&ssl=1&resize=350%2C200","width":350,"height":200},"classes":[]},{"id":4647,"url":"https:\/\/as-surques-escoeuilles.fr\/index.php\/2020\/08\/24\/reprise-u8-u9\/","url_meta":{"origin":3255,"position":4},"title":"Reprise U8 U9","date":"24 ao\u00fbt 2020","format":false,"excerpt":"Rendez vous ce mercredi 26 ao\u00fbt \u00e0 13h45 pour la reprise U8 U9 pour tous les enfants n\u00e9s en 2012-2013, mais \u00e9galement pour les filles n\u00e9es en 2011 qui souhaiteraient d\u00e9couvrir la pratique.","rel":"","context":"Dans &quot;Communication club&quot;","img":{"alt_text":"","src":"https:\/\/i0.wp.com\/as-surques-escoeuilles.fr\/wp-content\/uploads\/2019\/07\/5a4cac6533c1a_entrainements4obc4u1osif7v.jpg?fit=843%2C389&ssl=1&resize=350%2C200","width":350,"height":200},"classes":[]},{"id":1137,"url":"https:\/\/as-surques-escoeuilles.fr\/index.php\/2018\/04\/11\/u8-u9-entrainement-samedi-14-04\/","url_meta":{"origin":3255,"position":5},"title":"U8\/U9 : Entra\u00eenement samedi 14\/04","date":"11 avril 2018","format":false,"excerpt":"En raison du plateau de cette semaine, la s\u00e9ance d'entra\u00eenement se d\u00e9roulera samedi de 10h30 \u00e0 11h30. \u00a0","rel":"","context":"Dans &quot;Non class\u00e9&quot;","img":{"alt_text":"","src":"","width":0,"height":0},"classes":[]}],"_links":{"self":[{"href":"https:\/\/as-surques-escoeuilles.fr\/index.php\/wp-json\/wp\/v2\/posts\/3255"}],"collection":[{"href":"https:\/\/as-surques-escoeuilles.fr\/index.php\/wp-json\/wp\/v2\/posts"}],"about":[{"href":"https:\/\/as-surques-escoeuilles.fr\/index.php\/wp-json\/wp\/v2\/types\/post"}],"author":[{"embeddable":true,"href":"https:\/\/as-surques-escoeuilles.fr\/index.php\/wp-json\/wp\/v2\/users\/1"}],"replies":[{"embeddable":true,"href":"https:\/\/as-surques-escoeuilles.fr\/index.php\/wp-json\/wp\/v2\/comments?post=3255"}],"version-history":[{"count":0,"href":"https:\/\/as-surques-escoeuilles.fr\/index.php\/wp-json\/wp\/v2\/posts\/3255\/revisions"}],"wp:featuredmedia":[{"embeddable":true,"href":"https:\/\/as-surques-escoeuilles.fr\/index.php\/wp-json\/wp\/v2\/media\/3254"}],"wp:attachment":[{"href":"https:\/\/as-surques-escoeuilles.fr\/index.php\/wp-json\/wp\/v2\/media?parent=3255"}],"wp:term":[{"taxonomy":"category","embeddable":true,"href":"https:\/\/as-surques-escoeuilles.fr\/index.php\/wp-json\/wp\/v2\/categories?post=3255"},{"taxonomy":"post_tag","embeddable":true,"href":"https:\/\/as-surques-escoeuilles.fr\/index.php\/wp-json\/wp\/v2\/tags?post=3255"}],"curies":[{"name":"wp","href":"https:\/\/api.w.org\/{rel}","templated":true}]}}