{"id":3266,"date":"2019-12-04T08:24:53","date_gmt":"2019-12-04T06:24:53","guid":{"rendered":"https:\/\/as-surques-escoeuilles.fr\/?p=3266"},"modified":"2019-12-04T07:25:44","modified_gmt":"2019-12-04T06:25:44","slug":"matches-en-retard","status":"publish","type":"post","link":"https:\/\/as-surques-escoeuilles.fr\/index.php\/2019\/12\/04\/matches-en-retard\/","title":{"rendered":"Matches en retard"},"content":{"rendered":"\nDeux matches en U13 ce mercredi ! \n\n\n\n\n<figure class=\"wp-block-image\"><img data-attachment-id=\"3265\" data-permalink=\"https:\/\/as-surques-escoeuilles.fr\/img_20191203_1711393604468004913470511-jpg\/\" data-orig-file=\"https:\/\/i0.wp.com\/as-surques-escoeuilles.fr\/wp-content\/uploads\/2019\/12\/img_20191203_1711393604468004913470511.jpg?fit=1080%2C1662&amp;ssl=1\" data-orig-size=\"1080,1662\" data-comments-opened=\"1\" data-image-meta=\"{&quot;aperture&quot;:&quot;0&quot;,&quot;credit&quot;:&quot;&quot;,&quot;camera&quot;:&quot;&quot;,&quot;caption&quot;:&quot;&quot;,&quot;created_timestamp&quot;:&quot;0&quot;,&quot;copyright&quot;:&quot;&quot;,&quot;focal_length&quot;:&quot;0&quot;,&quot;iso&quot;:&quot;0&quot;,&quot;shutter_speed&quot;:&quot;0&quot;,&quot;title&quot;:&quot;&quot;,&quot;orientation&quot;:&quot;0&quot;}\" data-image-title=\"img_20191203_1711393604468004913470511.jpg\" data-image-description=\"\" data-image-caption=\"\" data-medium-file=\"https:\/\/i0.wp.com\/as-surques-escoeuilles.fr\/wp-content\/uploads\/2019\/12\/img_20191203_1711393604468004913470511.jpg?fit=195%2C300&amp;ssl=1\" data-large-file=\"https:\/\/i0.wp.com\/as-surques-escoeuilles.fr\/wp-content\/uploads\/2019\/12\/img_20191203_1711393604468004913470511.jpg?fit=665%2C1024&amp;ssl=1\" fetchpriority=\"high\" width=\"800\" height=\"1231\" src=\"https:\/\/i0.wp.com\/as-surques-escoeuilles.fr\/wp-content\/uploads\/2019\/12\/img_20191203_1711393604468004913470511.jpg?resize=800%2C1231&#038;ssl=1\" alt=\"\" class=\"wp-image-3265\" srcset=\"https:\/\/i0.wp.com\/as-surques-escoeuilles.fr\/wp-content\/uploads\/2019\/12\/img_20191203_1711393604468004913470511.jpg?w=1080&amp;ssl=1 1080w, https:\/\/i0.wp.com\/as-surques-escoeuilles.fr\/wp-content\/uploads\/2019\/12\/img_20191203_1711393604468004913470511.jpg?resize=195%2C300&amp;ssl=1 195w, https:\/\/i0.wp.com\/as-surques-escoeuilles.fr\/wp-content\/uploads\/2019\/12\/img_20191203_1711393604468004913470511.jpg?resize=665%2C1024&amp;ssl=1 665w, https:\/\/i0.wp.com\/as-surques-escoeuilles.fr\/wp-content\/uploads\/2019\/12\/img_20191203_1711393604468004913470511.jpg?resize=768%2C1182&amp;ssl=1 768w, https:\/\/i0.wp.com\/as-surques-escoeuilles.fr\/wp-content\/uploads\/2019\/12\/img_20191203_1711393604468004913470511.jpg?resize=998%2C1536&amp;ssl=1 998w\" sizes=\"(max-width: 800px) 100vw, 800px\" data-recalc-dims=\"1\" \/><\/figure>\n","protected":false},"excerpt":{"rendered":"<p>Deux matches en U13 ce mercredi !<\/p>\n","protected":false},"author":1,"featured_media":2974,"comment_status":"open","ping_status":"open","sticky":false,"template":"","format":"standard","meta":{"ngg_post_thumbnail":0,"jetpack_post_was_ever_published":false,"jetpack_publicize_message":"","jetpack_is_tweetstorm":false,"jetpack_publicize_feature_enabled":true,"jetpack_social_post_already_shared":true,"jetpack_social_options":{"image_generator_settings":{"template":"highway","enabled":false}}},"categories":[1],"tags":[],"jetpack_publicize_connections":[],"jetpack_featured_media_url":"https:\/\/i0.wp.com\/as-surques-escoeuilles.fr\/wp-content\/uploads\/2019\/09\/agenda.jpg?fit=408%2C191&ssl=1","jetpack_sharing_enabled":true,"jetpack_shortlink":"https:\/\/wp.me\/p8dhOI-QG","jetpack-related-posts":[{"id":3932,"url":"https:\/\/as-surques-escoeuilles.fr\/index.php\/2020\/01\/26\/resultats-du-week-end\/","url_meta":{"origin":3266,"position":0},"title":"R\u00e9sultats du week-end","date":"26 janvier 2020","format":false,"excerpt":"Beaucoup de matches ce week-end : - Nos seniors f\u00e9minines minines s'inclinent face \u00e0 Coyecques 2-3 et Bourthes 1-12. A noter les deux victoires face \u00e0 Longuenesse en U13 et S\u00e9niors A, ces derniers prenant la t\u00eate de leur poule en D3 !","rel":"","context":"Dans &quot;Non class\u00e9&quot;","img":{"alt_text":"","src":"https:\/\/i0.wp.com\/as-surques-escoeuilles.fr\/wp-content\/uploads\/2020\/01\/IMG_20200126_165848-scaled.jpg?fit=1200%2C594&ssl=1&resize=350%2C200","width":350,"height":200},"classes":[]},{"id":3263,"url":"https:\/\/as-surques-escoeuilles.fr\/index.php\/2019\/12\/01\/bilan-du-week-end\/","url_meta":{"origin":3266,"position":1},"title":"Bilan du week-end","date":"1 d\u00e9cembre 2019","format":false,"excerpt":"Les diff\u00e9rents matches en comp\u00e9tition du week-end : - Helfaut - u11 : victoire 3-6 \u00e0 l'ext\u00e9rieur avec un quadruple de Schuppe et un doubl\u00e9 de Garenaux - Hallines - U13 : face \u00e0 une \u00e9quipe \u00c0 de haut niveau, les u13 ont du faire face \u00e0 de grosses blessures\u2026","rel":"","context":"Dans &quot;Non class\u00e9&quot;","img":{"alt_text":"","src":"https:\/\/i0.wp.com\/as-surques-escoeuilles.fr\/wp-content\/uploads\/2019\/12\/IMG_20191201_175800_293.jpg?fit=1200%2C854&ssl=1&resize=350%2C200","width":350,"height":200},"classes":[]},{"id":864,"url":"https:\/\/as-surques-escoeuilles.fr\/index.php\/2018\/05\/08\/annulation-de-lentrainement-seniors\/","url_meta":{"origin":3266,"position":2},"title":"Modification S\u00e9niors","date":"8 mai 2018","format":false,"excerpt":"ATTENTION : en raison des diff\u00e9rents matches en retard du groupe fanion, les entra\u00eenements s\u00e9niors de cette semaine auront lieu : le mercredi 9 mai \u00e0 19h00 pour les joueurs non concern\u00e9s le mardi 8 mai par le match de coupe le vendredi 11 mai \u00e0 19h00 pour tous les\u2026","rel":"","context":"Dans &quot;Non class\u00e9&quot;","img":{"alt_text":"","src":"https:\/\/i0.wp.com\/as-surques-escoeuilles.fr\/wp-content\/uploads\/2018\/01\/info_s\u00e9niors.png?fit=962%2C435&ssl=1&resize=350%2C200","width":350,"height":200},"classes":[]},{"id":2535,"url":"https:\/\/as-surques-escoeuilles.fr\/index.php\/2019\/04\/24\/un-mercredi-sportif\/","url_meta":{"origin":3266,"position":3},"title":"Un mercredi sportif","date":"24 avril 2019","format":false,"excerpt":"Beaucoup de comp\u00e9titions en ce mercredi 24 avril : nos U13 f\u00e9minines affrontaient Saint Omer (0-4), en parall\u00e8le du match U15 \u00e0 8 face \u00e0 Campagne les Guines (4-2). Pendant ce temps, nos petits U6\/U7 partaient \u00e0 deux \u00e9quipes \u00e0 un plateau \u00e0 Colembert. Merci aux nombreux supporters, aux b\u00e9n\u00e9voles,\u2026","rel":"","context":"Dans &quot;U13 F\u00e9minines&quot;","img":{"alt_text":"","src":"https:\/\/i0.wp.com\/as-surques-escoeuilles.fr\/wp-content\/uploads\/2019\/04\/IMG_20190424_145138.jpg?fit=1024%2C768&ssl=1&resize=350%2C200","width":350,"height":200},"classes":[]},{"id":2027,"url":"https:\/\/as-surques-escoeuilles.fr\/index.php\/2018\/11\/10\/modification-de-matches\/","url_meta":{"origin":3266,"position":4},"title":"Modification de matches","date":"10 novembre 2018","format":false,"excerpt":"Attention : du fait de la d\u00e9gradation du terrain cette nuit et d'un arr\u00eat\u00e9 municipal tardif (donc terrain interdit ! ), certaines rencontres sont modifi\u00e9es : U13 - Fort Vert est report\u00e9U15 - Rinxent est invers\u00e9 et se joue \u00e0 Rinxentles matches U11 se jouent quant \u00e0 eux normalement :-\u2026","rel":"","context":"Dans &quot;Non class\u00e9&quot;","img":{"alt_text":"","src":"https:\/\/i0.wp.com\/as-surques-escoeuilles.fr\/wp-content\/uploads\/2018\/11\/depositphotos_98466568-stock-photo-man-with-warning-attention-sign.jpg?fit=1024%2C1024&ssl=1&resize=350%2C200","width":350,"height":200},"classes":[]},{"id":4034,"url":"https:\/\/as-surques-escoeuilles.fr\/index.php\/2020\/02\/18\/u13-tournoi-en-salle\/","url_meta":{"origin":3266,"position":5},"title":"U13 : Tournoi en salle","date":"18 f\u00e9vrier 2020","format":false,"excerpt":"Ce mardi, nos U13 Orange et Noirs ont \u00e9t\u00e9 invit\u00e9s par la JS Longuenesse pour participer \u00e0 un tournoi Futsal. L'occasion a \u00e9t\u00e9 belle pour d\u00e9couvrir la comp\u00e9tition dans cette pratique. Apr\u00e8s 7 matches, de beaux encha\u00eenements, des buts, nos 2 \u00e9quipes montaient sur le podium mais laissaient filer la\u2026","rel":"","context":"Dans &quot;U13&quot;","img":{"alt_text":"","src":"https:\/\/i0.wp.com\/as-surques-escoeuilles.fr\/wp-content\/uploads\/2020\/02\/FB_IMG_1582048947733.jpg?fit=1080%2C810&ssl=1&resize=350%2C200","width":350,"height":200},"classes":[]}],"_links":{"self":[{"href":"https:\/\/as-surques-escoeuilles.fr\/index.php\/wp-json\/wp\/v2\/posts\/3266"}],"collection":[{"href":"https:\/\/as-surques-escoeuilles.fr\/index.php\/wp-json\/wp\/v2\/posts"}],"about":[{"href":"https:\/\/as-surques-escoeuilles.fr\/index.php\/wp-json\/wp\/v2\/types\/post"}],"author":[{"embeddable":true,"href":"https:\/\/as-surques-escoeuilles.fr\/index.php\/wp-json\/wp\/v2\/users\/1"}],"replies":[{"embeddable":true,"href":"https:\/\/as-surques-escoeuilles.fr\/index.php\/wp-json\/wp\/v2\/comments?post=3266"}],"version-history":[{"count":0,"href":"https:\/\/as-surques-escoeuilles.fr\/index.php\/wp-json\/wp\/v2\/posts\/3266\/revisions"}],"wp:featuredmedia":[{"embeddable":true,"href":"https:\/\/as-surques-escoeuilles.fr\/index.php\/wp-json\/wp\/v2\/media\/2974"}],"wp:attachment":[{"href":"https:\/\/as-surques-escoeuilles.fr\/index.php\/wp-json\/wp\/v2\/media?parent=3266"}],"wp:term":[{"taxonomy":"category","embeddable":true,"href":"https:\/\/as-surques-escoeuilles.fr\/index.php\/wp-json\/wp\/v2\/categories?post=3266"},{"taxonomy":"post_tag","embeddable":true,"href":"https:\/\/as-surques-escoeuilles.fr\/index.php\/wp-json\/wp\/v2\/tags?post=3266"}],"curies":[{"name":"wp","href":"https:\/\/api.w.org\/{rel}","templated":true}]}}