{"id":374,"date":"2017-04-07T17:18:22","date_gmt":"2017-04-07T15:18:22","guid":{"rendered":"http:\/\/as-surques-escoeuilles.fr\/?p=374"},"modified":"2017-04-07T17:18:22","modified_gmt":"2017-04-07T15:18:22","slug":"academie-foot-asse-a-dakar","status":"publish","type":"post","link":"https:\/\/as-surques-escoeuilles.fr\/index.php\/2017\/04\/07\/academie-foot-asse-a-dakar\/","title":{"rendered":"Acad\u00e9mie foot ASSE  \u00e0 Dakar"},"content":{"rendered":"<p>A la derni\u00e8re tr\u00eave estivale, les b\u00e9n\u00e9voles de l&rsquo;ASSE ont tri\u00e9 les jeux de maillots qui ne sont plus utilis\u00e9s par notre club.<\/p>\n<p>Les maillots qui ont \u00e9t\u00e9 tri\u00e9s&nbsp; ont ainsi trouv\u00e9 une seconde vie \u00e0 l&rsquo;acad\u00e9mie de foot de l&rsquo;ASSE \u00e0 Dakar, pour les enfants du <strong>Dakar football club ( S\u00e9n\u00e9gal)<\/strong>.<\/p>\n<p>Voici quelques photos de l&rsquo;entra\u00eenement du mercredi 29 mars 2017 :<\/p>\n<p>&nbsp;<\/p>\n<p><img data-attachment-id=\"375\" data-permalink=\"https:\/\/as-surques-escoeuilles.fr\/index.php\/2017\/04\/07\/academie-foot-asse-a-dakar\/img_5562\/\" data-orig-file=\"https:\/\/i0.wp.com\/as-surques-escoeuilles.fr\/wp-content\/uploads\/2017\/04\/IMG_5562.jpg?fit=960%2C720&amp;ssl=1\" data-orig-size=\"960,720\" data-comments-opened=\"1\" data-image-meta=\"{&quot;aperture&quot;:&quot;0&quot;,&quot;credit&quot;:&quot;&quot;,&quot;camera&quot;:&quot;&quot;,&quot;caption&quot;:&quot;&quot;,&quot;created_timestamp&quot;:&quot;0&quot;,&quot;copyright&quot;:&quot;&quot;,&quot;focal_length&quot;:&quot;0&quot;,&quot;iso&quot;:&quot;0&quot;,&quot;shutter_speed&quot;:&quot;0&quot;,&quot;title&quot;:&quot;&quot;,&quot;orientation&quot;:&quot;1&quot;}\" data-image-title=\"IMG_5562\" data-image-description=\"\" data-image-caption=\"\" data-medium-file=\"https:\/\/i0.wp.com\/as-surques-escoeuilles.fr\/wp-content\/uploads\/2017\/04\/IMG_5562.jpg?fit=300%2C225&amp;ssl=1\" data-large-file=\"https:\/\/i0.wp.com\/as-surques-escoeuilles.fr\/wp-content\/uploads\/2017\/04\/IMG_5562.jpg?fit=800%2C600&amp;ssl=1\" fetchpriority=\"high\" class=\"aligncenter size-full wp-image-375\" src=\"https:\/\/i0.wp.com\/as-surques-escoeuilles.fr\/wp-content\/uploads\/2017\/04\/IMG_5562.jpg?resize=800%2C600\" alt=\"\" height=\"600\" width=\"800\" srcset=\"https:\/\/i0.wp.com\/as-surques-escoeuilles.fr\/wp-content\/uploads\/2017\/04\/IMG_5562.jpg?w=960&amp;ssl=1 960w, https:\/\/i0.wp.com\/as-surques-escoeuilles.fr\/wp-content\/uploads\/2017\/04\/IMG_5562.jpg?resize=300%2C225&amp;ssl=1 300w, https:\/\/i0.wp.com\/as-surques-escoeuilles.fr\/wp-content\/uploads\/2017\/04\/IMG_5562.jpg?resize=768%2C576&amp;ssl=1 768w\" sizes=\"(max-width: 800px) 100vw, 800px\" data-recalc-dims=\"1\" \/> <img data-attachment-id=\"376\" data-permalink=\"https:\/\/as-surques-escoeuilles.fr\/index.php\/2017\/04\/07\/academie-foot-asse-a-dakar\/img_5563\/\" data-orig-file=\"https:\/\/i0.wp.com\/as-surques-escoeuilles.fr\/wp-content\/uploads\/2017\/04\/IMG_5563.jpg?fit=960%2C720&amp;ssl=1\" data-orig-size=\"960,720\" data-comments-opened=\"1\" data-image-meta=\"{&quot;aperture&quot;:&quot;0&quot;,&quot;credit&quot;:&quot;&quot;,&quot;camera&quot;:&quot;&quot;,&quot;caption&quot;:&quot;&quot;,&quot;created_timestamp&quot;:&quot;0&quot;,&quot;copyright&quot;:&quot;&quot;,&quot;focal_length&quot;:&quot;0&quot;,&quot;iso&quot;:&quot;0&quot;,&quot;shutter_speed&quot;:&quot;0&quot;,&quot;title&quot;:&quot;&quot;,&quot;orientation&quot;:&quot;1&quot;}\" data-image-title=\"IMG_5563\" data-image-description=\"\" data-image-caption=\"\" data-medium-file=\"https:\/\/i0.wp.com\/as-surques-escoeuilles.fr\/wp-content\/uploads\/2017\/04\/IMG_5563.jpg?fit=300%2C225&amp;ssl=1\" data-large-file=\"https:\/\/i0.wp.com\/as-surques-escoeuilles.fr\/wp-content\/uploads\/2017\/04\/IMG_5563.jpg?fit=800%2C600&amp;ssl=1\" class=\"aligncenter size-full wp-image-376\" src=\"https:\/\/i0.wp.com\/as-surques-escoeuilles.fr\/wp-content\/uploads\/2017\/04\/IMG_5563.jpg?resize=800%2C600\" alt=\"\" height=\"600\" width=\"800\" srcset=\"https:\/\/i0.wp.com\/as-surques-escoeuilles.fr\/wp-content\/uploads\/2017\/04\/IMG_5563.jpg?w=960&amp;ssl=1 960w, https:\/\/i0.wp.com\/as-surques-escoeuilles.fr\/wp-content\/uploads\/2017\/04\/IMG_5563.jpg?resize=300%2C225&amp;ssl=1 300w, https:\/\/i0.wp.com\/as-surques-escoeuilles.fr\/wp-content\/uploads\/2017\/04\/IMG_5563.jpg?resize=768%2C576&amp;ssl=1 768w\" sizes=\"(max-width: 800px) 100vw, 800px\" data-recalc-dims=\"1\" \/> <img data-attachment-id=\"377\" data-permalink=\"https:\/\/as-surques-escoeuilles.fr\/index.php\/2017\/04\/07\/academie-foot-asse-a-dakar\/img_5564\/\" data-orig-file=\"https:\/\/i0.wp.com\/as-surques-escoeuilles.fr\/wp-content\/uploads\/2017\/04\/IMG_5564.jpg?fit=960%2C720&amp;ssl=1\" data-orig-size=\"960,720\" data-comments-opened=\"1\" data-image-meta=\"{&quot;aperture&quot;:&quot;0&quot;,&quot;credit&quot;:&quot;&quot;,&quot;camera&quot;:&quot;&quot;,&quot;caption&quot;:&quot;&quot;,&quot;created_timestamp&quot;:&quot;0&quot;,&quot;copyright&quot;:&quot;&quot;,&quot;focal_length&quot;:&quot;0&quot;,&quot;iso&quot;:&quot;0&quot;,&quot;shutter_speed&quot;:&quot;0&quot;,&quot;title&quot;:&quot;&quot;,&quot;orientation&quot;:&quot;1&quot;}\" data-image-title=\"IMG_5564\" data-image-description=\"\" data-image-caption=\"\" data-medium-file=\"https:\/\/i0.wp.com\/as-surques-escoeuilles.fr\/wp-content\/uploads\/2017\/04\/IMG_5564.jpg?fit=300%2C225&amp;ssl=1\" data-large-file=\"https:\/\/i0.wp.com\/as-surques-escoeuilles.fr\/wp-content\/uploads\/2017\/04\/IMG_5564.jpg?fit=800%2C600&amp;ssl=1\" class=\"aligncenter size-full wp-image-377\" src=\"https:\/\/i0.wp.com\/as-surques-escoeuilles.fr\/wp-content\/uploads\/2017\/04\/IMG_5564.jpg?resize=800%2C600\" alt=\"\" height=\"600\" width=\"800\" srcset=\"https:\/\/i0.wp.com\/as-surques-escoeuilles.fr\/wp-content\/uploads\/2017\/04\/IMG_5564.jpg?w=960&amp;ssl=1 960w, https:\/\/i0.wp.com\/as-surques-escoeuilles.fr\/wp-content\/uploads\/2017\/04\/IMG_5564.jpg?resize=300%2C225&amp;ssl=1 300w, https:\/\/i0.wp.com\/as-surques-escoeuilles.fr\/wp-content\/uploads\/2017\/04\/IMG_5564.jpg?resize=768%2C576&amp;ssl=1 768w\" sizes=\"(max-width: 800px) 100vw, 800px\" data-recalc-dims=\"1\" \/> <img data-attachment-id=\"378\" data-permalink=\"https:\/\/as-surques-escoeuilles.fr\/index.php\/2017\/04\/07\/academie-foot-asse-a-dakar\/img_5565\/\" data-orig-file=\"https:\/\/i0.wp.com\/as-surques-escoeuilles.fr\/wp-content\/uploads\/2017\/04\/IMG_5565.jpg?fit=960%2C720&amp;ssl=1\" data-orig-size=\"960,720\" data-comments-opened=\"1\" data-image-meta=\"{&quot;aperture&quot;:&quot;0&quot;,&quot;credit&quot;:&quot;&quot;,&quot;camera&quot;:&quot;&quot;,&quot;caption&quot;:&quot;&quot;,&quot;created_timestamp&quot;:&quot;0&quot;,&quot;copyright&quot;:&quot;&quot;,&quot;focal_length&quot;:&quot;0&quot;,&quot;iso&quot;:&quot;0&quot;,&quot;shutter_speed&quot;:&quot;0&quot;,&quot;title&quot;:&quot;&quot;,&quot;orientation&quot;:&quot;1&quot;}\" data-image-title=\"IMG_5565\" data-image-description=\"\" data-image-caption=\"\" data-medium-file=\"https:\/\/i0.wp.com\/as-surques-escoeuilles.fr\/wp-content\/uploads\/2017\/04\/IMG_5565.jpg?fit=300%2C225&amp;ssl=1\" data-large-file=\"https:\/\/i0.wp.com\/as-surques-escoeuilles.fr\/wp-content\/uploads\/2017\/04\/IMG_5565.jpg?fit=800%2C600&amp;ssl=1\" loading=\"lazy\" class=\"aligncenter size-full wp-image-378\" src=\"https:\/\/i0.wp.com\/as-surques-escoeuilles.fr\/wp-content\/uploads\/2017\/04\/IMG_5565.jpg?resize=800%2C600\" alt=\"\" height=\"600\" width=\"800\" srcset=\"https:\/\/i0.wp.com\/as-surques-escoeuilles.fr\/wp-content\/uploads\/2017\/04\/IMG_5565.jpg?w=960&amp;ssl=1 960w, https:\/\/i0.wp.com\/as-surques-escoeuilles.fr\/wp-content\/uploads\/2017\/04\/IMG_5565.jpg?resize=300%2C225&amp;ssl=1 300w, https:\/\/i0.wp.com\/as-surques-escoeuilles.fr\/wp-content\/uploads\/2017\/04\/IMG_5565.jpg?resize=768%2C576&amp;ssl=1 768w\" sizes=\"(max-width: 800px) 100vw, 800px\" data-recalc-dims=\"1\" \/><\/p>\n<p>&nbsp;<\/p>\n<p>&nbsp;<\/p>\n","protected":false},"excerpt":{"rendered":"<p>A la derni\u00e8re tr\u00eave estivale, les b\u00e9n\u00e9voles de l&rsquo;ASSE ont tri\u00e9 les jeux de maillots qui ne sont plus utilis\u00e9s<\/p>\n","protected":false},"author":1,"featured_media":378,"comment_status":"open","ping_status":"open","sticky":false,"template":"","format":"standard","meta":{"ngg_post_thumbnail":0,"jetpack_post_was_ever_published":false,"jetpack_publicize_message":"","jetpack_is_tweetstorm":false,"jetpack_publicize_feature_enabled":true,"jetpack_social_post_already_shared":true,"jetpack_social_options":{"image_generator_settings":{"template":"highway","enabled":false}}},"categories":[1],"tags":[],"jetpack_publicize_connections":[],"jetpack_featured_media_url":"https:\/\/i0.wp.com\/as-surques-escoeuilles.fr\/wp-content\/uploads\/2017\/04\/IMG_5565.jpg?fit=960%2C720&ssl=1","jetpack_sharing_enabled":true,"jetpack_shortlink":"https:\/\/wp.me\/p8dhOI-62","jetpack-related-posts":[{"id":3379,"url":"https:\/\/as-surques-escoeuilles.fr\/index.php\/2019\/12\/22\/pef-culture-foot-collection-panini\/","url_meta":{"origin":374,"position":0},"title":"PEF Culture Foot : collection Panini","date":"22 d\u00e9cembre 2019","format":false,"excerpt":"Surprise du P\u00e8re Noel pour les enfants de l'ASSE ! En plus du traditionnel \u00e9quipement aux couleurs du club, les enfants ont re\u00e7u en cadeau un album d'images PANINI pour collectionner les images de leurs idoles de Ligue 1 ! Merci \u00e0 PANINI pour cette op\u00e9ration.","rel":"","context":"Dans &quot;Communication club&quot;","img":{"alt_text":"","src":"https:\/\/i0.wp.com\/as-surques-escoeuilles.fr\/wp-content\/uploads\/2019\/12\/img_20191218_1716311357040432422336876-scaled.jpg?fit=1200%2C594&ssl=1&resize=350%2C200","width":350,"height":200},"classes":[]},{"id":1471,"url":"https:\/\/as-surques-escoeuilles.fr\/index.php\/2018\/06\/19\/finales-de-coupe-un-beau-dimanche\/","url_meta":{"origin":374,"position":1},"title":"Finales de coupe : un beau dimanche","date":"19 juin 2018","format":false,"excerpt":"Ce dimanche 17 juin, l'ASSE recevait deux finales de coupe de District. Le club remercie d'ailleurs le district C\u00f4te d'Opale pour la confiance accord\u00e9e \u00e0 la r\u00e9alisation de ces \u00e9v\u00e9nements. A 14h00, ce sont les f\u00e9minines qui ont ouvert le bal avec la finale du challenge f\u00e9minin entre l'AS WIMEREUX\u2026","rel":"","context":"Dans &quot;Non class\u00e9&quot;","img":{"alt_text":"","src":"https:\/\/i0.wp.com\/as-surques-escoeuilles.fr\/wp-content\/uploads\/2018\/06\/IMG_20180617_140426.jpg?fit=800%2C450&ssl=1&resize=350%2C200","width":350,"height":200},"classes":[]},{"id":5567,"url":"https:\/\/as-surques-escoeuilles.fr\/index.php\/2022\/01\/05\/solidarite-deux-operations-de-noel\/","url_meta":{"origin":374,"position":2},"title":"Solidarit\u00e9 : deux op\u00e9rations de No\u00ebl","date":"5 janvier 2022","format":false,"excerpt":"En cette p\u00e9riode d\u00e9licate pour les plus d\u00e9munis, l'ASSE a tenu \u00e0 apporter son soutien \u00e0 deux publics en difficult\u00e9s. De par votre soutien lors de la collecte de jouets de No\u00ebl et de v\u00eatements, ce sont d'abord les enfants de la Croix Rouge qui ont pu profiter de dons\u2026","rel":"","context":"Dans &quot;Communication club&quot;","img":{"alt_text":"","src":"","width":0,"height":0},"classes":[]},{"id":773,"url":"https:\/\/as-surques-escoeuilles.fr\/index.php\/2017\/12\/21\/un-pere-noel-genereux\/","url_meta":{"origin":374,"position":3},"title":"Un P\u00e8re No\u00ebl g\u00e9n\u00e9reux !","date":"21 d\u00e9cembre 2017","format":"image","excerpt":"Ce mercredi 20 d\u00e9cembre avait lieu l'arbre de No\u00ebl du club, \u00e0 la salle des f\u00eates de Bainghen. L'ensemble des licenci\u00e9s de mini-foot \u00e0 U13 a pu partager un dernier moment convivial en pr\u00e9sence des parents et des dirigeants du club. Cette ann\u00e9e, le P\u00e8re No\u00ebl a \u00e9t\u00e9 particuli\u00e8rement g\u00e9n\u00e9reux\u2026","rel":"","context":"Dans &quot;Non class\u00e9&quot;","img":{"alt_text":"","src":"https:\/\/i0.wp.com\/as-surques-escoeuilles.fr\/wp-content\/uploads\/2017\/12\/IMG_20171220_163423.jpg?fit=1200%2C900&ssl=1&resize=350%2C200","width":350,"height":200},"classes":[]},{"id":2664,"url":"https:\/\/as-surques-escoeuilles.fr\/index.php\/2019\/06\/08\/les-orange-avec-les-bleues\/","url_meta":{"origin":374,"position":4},"title":"Les Orange avec les Bleues !","date":"8 juin 2019","format":false,"excerpt":"L'\u00e9v\u00e9nement en France de ce vendredi 7 juin \u00e9tait l'ouverture de la coupe du monde f\u00e9minine. Le conseil d'administration de l'ASSE a pr\u00e9par\u00e9 tout l'hiver cet \u00e9v\u00e9nement en proposant d'\u00eatre au coeur de cet \u00e9v\u00e9nement pour 63 licenci\u00e9s, dont nombre de ses repr\u00e9sentantes dans la cat\u00e9gorie U13F et S\u00e9niors F.\u2026","rel":"","context":"Dans &quot;Communication club&quot;","img":{"alt_text":"","src":"https:\/\/i0.wp.com\/as-surques-escoeuilles.fr\/wp-content\/uploads\/2019\/06\/IMG_20190607_142200.jpg?fit=1024%2C768&ssl=1&resize=350%2C200","width":350,"height":200},"classes":[]},{"id":463,"url":"https:\/\/as-surques-escoeuilles.fr\/index.php\/2017\/06\/25\/assemblee-generale\/","url_meta":{"origin":374,"position":5},"title":"Assembl\u00e9e g\u00e9n\u00e9rale","date":"25 juin 2017","format":false,"excerpt":"Cette assembl\u00e9e g\u00e9n\u00e9rale voit d'abord le pr\u00e9sident remercier l'ensemble des personnes ayant oeuvr\u00e9 au bon fonctionnement de notre association durant cette saison : les sponsors, les mairies, les \u00e9ducateurs, les parents et les diff\u00e9rents b\u00e9n\u00e9voles pour l'aide \u00e0 l'am\u00e9nagement ou \u00e0 la communication du club. Notre tr\u00e9sorier dresse ensuite le\u2026","rel":"","context":"Dans &quot;Non class\u00e9&quot;","img":{"alt_text":"","src":"https:\/\/i0.wp.com\/as-surques-escoeuilles.fr\/wp-content\/uploads\/2017\/06\/AG.jpg?fit=795%2C327&ssl=1&resize=350%2C200","width":350,"height":200},"classes":[]}],"_links":{"self":[{"href":"https:\/\/as-surques-escoeuilles.fr\/index.php\/wp-json\/wp\/v2\/posts\/374"}],"collection":[{"href":"https:\/\/as-surques-escoeuilles.fr\/index.php\/wp-json\/wp\/v2\/posts"}],"about":[{"href":"https:\/\/as-surques-escoeuilles.fr\/index.php\/wp-json\/wp\/v2\/types\/post"}],"author":[{"embeddable":true,"href":"https:\/\/as-surques-escoeuilles.fr\/index.php\/wp-json\/wp\/v2\/users\/1"}],"replies":[{"embeddable":true,"href":"https:\/\/as-surques-escoeuilles.fr\/index.php\/wp-json\/wp\/v2\/comments?post=374"}],"version-history":[{"count":0,"href":"https:\/\/as-surques-escoeuilles.fr\/index.php\/wp-json\/wp\/v2\/posts\/374\/revisions"}],"wp:featuredmedia":[{"embeddable":true,"href":"https:\/\/as-surques-escoeuilles.fr\/index.php\/wp-json\/wp\/v2\/media\/378"}],"wp:attachment":[{"href":"https:\/\/as-surques-escoeuilles.fr\/index.php\/wp-json\/wp\/v2\/media?parent=374"}],"wp:term":[{"taxonomy":"category","embeddable":true,"href":"https:\/\/as-surques-escoeuilles.fr\/index.php\/wp-json\/wp\/v2\/categories?post=374"},{"taxonomy":"post_tag","embeddable":true,"href":"https:\/\/as-surques-escoeuilles.fr\/index.php\/wp-json\/wp\/v2\/tags?post=374"}],"curies":[{"name":"wp","href":"https:\/\/api.w.org\/{rel}","templated":true}]}}