{"id":4034,"date":"2020-02-18T19:51:59","date_gmt":"2020-02-18T18:51:59","guid":{"rendered":"https:\/\/as-surques-escoeuilles.fr\/index.php\/2020\/02\/18\/u13-tournoi-en-salle\/"},"modified":"2020-02-18T21:24:56","modified_gmt":"2020-02-18T20:24:56","slug":"u13-tournoi-en-salle","status":"publish","type":"post","link":"https:\/\/as-surques-escoeuilles.fr\/index.php\/2020\/02\/18\/u13-tournoi-en-salle\/","title":{"rendered":"U13 : Tournoi en salle"},"content":{"rendered":"\n<p>Ce mardi, nos U13 Orange et Noirs ont \u00e9t\u00e9 invit\u00e9s par la JS Longuenesse pour participer \u00e0 un tournoi Futsal. L&rsquo;occasion a \u00e9t\u00e9 belle pour d\u00e9couvrir la comp\u00e9tition dans cette pratique.<\/p>\n\n\n\n<p><br>Apr\u00e8s 7 matches, de beaux encha\u00eenements, des buts, nos 2 \u00e9quipes montaient sur le podium mais laissaient filer la 1ere marche.<br>Les \u00e9ducateurs des clubs engag\u00e9s s&rsquo; etaient mis d&rsquo;accord pour faire confiance aux joueurs et de ne pas arbitrer, juste surveiller. L&rsquo; apr\u00e8s midi se passait tranquillement dans le bon jeu et le respect, ce que l&rsquo;on ne manqua pas de leur faire remarquer.<br>Merci \u00e0 Longuenesse pour leur invitation, aux parents et aux grands parent supporters de nous accompagner.<br>Place aux vacances ! <\/p>\n\n\n\n<p>Merci aux \u00e9ducateurs et parents, et bravo aux joueurs !<\/p>\n\n\n\n<figure class=\"wp-block-image size-large\"><img data-attachment-id=\"4031\" data-permalink=\"https:\/\/as-surques-escoeuilles.fr\/fb_img_1582048959241363566348868065296\/\" data-orig-file=\"https:\/\/i0.wp.com\/as-surques-escoeuilles.fr\/wp-content\/uploads\/2020\/02\/fb_img_1582048959241363566348868065296.jpg?fit=1080%2C810&amp;ssl=1\" data-orig-size=\"1080,810\" data-comments-opened=\"1\" data-image-meta=\"{&quot;aperture&quot;:&quot;0&quot;,&quot;credit&quot;:&quot;&quot;,&quot;camera&quot;:&quot;&quot;,&quot;caption&quot;:&quot;&quot;,&quot;created_timestamp&quot;:&quot;0&quot;,&quot;copyright&quot;:&quot;&quot;,&quot;focal_length&quot;:&quot;0&quot;,&quot;iso&quot;:&quot;0&quot;,&quot;shutter_speed&quot;:&quot;0&quot;,&quot;title&quot;:&quot;&quot;,&quot;orientation&quot;:&quot;0&quot;}\" data-image-title=\"fb_img_1582048959241363566348868065296.jpg\" data-image-description=\"\" data-image-caption=\"\" data-medium-file=\"https:\/\/i0.wp.com\/as-surques-escoeuilles.fr\/wp-content\/uploads\/2020\/02\/fb_img_1582048959241363566348868065296.jpg?fit=300%2C225&amp;ssl=1\" data-large-file=\"https:\/\/i0.wp.com\/as-surques-escoeuilles.fr\/wp-content\/uploads\/2020\/02\/fb_img_1582048959241363566348868065296.jpg?fit=800%2C600&amp;ssl=1\" fetchpriority=\"high\" width=\"800\" height=\"600\" src=\"https:\/\/i0.wp.com\/as-surques-escoeuilles.fr\/wp-content\/uploads\/2020\/02\/fb_img_1582048959241363566348868065296.jpg?resize=800%2C600&#038;ssl=1\" alt=\"\" class=\"wp-image-4031\" srcset=\"https:\/\/i0.wp.com\/as-surques-escoeuilles.fr\/wp-content\/uploads\/2020\/02\/fb_img_1582048959241363566348868065296.jpg?w=1080&amp;ssl=1 1080w, https:\/\/i0.wp.com\/as-surques-escoeuilles.fr\/wp-content\/uploads\/2020\/02\/fb_img_1582048959241363566348868065296.jpg?resize=300%2C225&amp;ssl=1 300w, https:\/\/i0.wp.com\/as-surques-escoeuilles.fr\/wp-content\/uploads\/2020\/02\/fb_img_1582048959241363566348868065296.jpg?resize=1024%2C768&amp;ssl=1 1024w, https:\/\/i0.wp.com\/as-surques-escoeuilles.fr\/wp-content\/uploads\/2020\/02\/fb_img_1582048959241363566348868065296.jpg?resize=768%2C576&amp;ssl=1 768w, https:\/\/i0.wp.com\/as-surques-escoeuilles.fr\/wp-content\/uploads\/2020\/02\/fb_img_1582048959241363566348868065296.jpg?resize=678%2C509&amp;ssl=1 678w, https:\/\/i0.wp.com\/as-surques-escoeuilles.fr\/wp-content\/uploads\/2020\/02\/fb_img_1582048959241363566348868065296.jpg?resize=326%2C245&amp;ssl=1 326w, https:\/\/i0.wp.com\/as-surques-escoeuilles.fr\/wp-content\/uploads\/2020\/02\/fb_img_1582048959241363566348868065296.jpg?resize=80%2C60&amp;ssl=1 80w, https:\/\/i0.wp.com\/as-surques-escoeuilles.fr\/wp-content\/uploads\/2020\/02\/fb_img_1582048959241363566348868065296.jpg?resize=600%2C450&amp;ssl=1 600w\" sizes=\"(max-width: 800px) 100vw, 800px\" data-recalc-dims=\"1\" \/><\/figure>\n\n\n\n<figure class=\"wp-block-image size-large\"><img data-attachment-id=\"4032\" data-permalink=\"https:\/\/as-surques-escoeuilles.fr\/fb_img_1582048947733589784801164559511\/\" data-orig-file=\"https:\/\/i0.wp.com\/as-surques-escoeuilles.fr\/wp-content\/uploads\/2020\/02\/fb_img_1582048947733589784801164559511.jpg?fit=1080%2C810&amp;ssl=1\" data-orig-size=\"1080,810\" data-comments-opened=\"1\" data-image-meta=\"{&quot;aperture&quot;:&quot;0&quot;,&quot;credit&quot;:&quot;&quot;,&quot;camera&quot;:&quot;&quot;,&quot;caption&quot;:&quot;&quot;,&quot;created_timestamp&quot;:&quot;0&quot;,&quot;copyright&quot;:&quot;&quot;,&quot;focal_length&quot;:&quot;0&quot;,&quot;iso&quot;:&quot;0&quot;,&quot;shutter_speed&quot;:&quot;0&quot;,&quot;title&quot;:&quot;&quot;,&quot;orientation&quot;:&quot;0&quot;}\" data-image-title=\"fb_img_1582048947733589784801164559511.jpg\" data-image-description=\"\" data-image-caption=\"\" data-medium-file=\"https:\/\/i0.wp.com\/as-surques-escoeuilles.fr\/wp-content\/uploads\/2020\/02\/fb_img_1582048947733589784801164559511.jpg?fit=300%2C225&amp;ssl=1\" data-large-file=\"https:\/\/i0.wp.com\/as-surques-escoeuilles.fr\/wp-content\/uploads\/2020\/02\/fb_img_1582048947733589784801164559511.jpg?fit=800%2C600&amp;ssl=1\" width=\"800\" height=\"600\" src=\"https:\/\/i0.wp.com\/as-surques-escoeuilles.fr\/wp-content\/uploads\/2020\/02\/fb_img_1582048947733589784801164559511.jpg?resize=800%2C600&#038;ssl=1\" alt=\"\" class=\"wp-image-4032\" srcset=\"https:\/\/i0.wp.com\/as-surques-escoeuilles.fr\/wp-content\/uploads\/2020\/02\/fb_img_1582048947733589784801164559511.jpg?w=1080&amp;ssl=1 1080w, https:\/\/i0.wp.com\/as-surques-escoeuilles.fr\/wp-content\/uploads\/2020\/02\/fb_img_1582048947733589784801164559511.jpg?resize=300%2C225&amp;ssl=1 300w, https:\/\/i0.wp.com\/as-surques-escoeuilles.fr\/wp-content\/uploads\/2020\/02\/fb_img_1582048947733589784801164559511.jpg?resize=1024%2C768&amp;ssl=1 1024w, https:\/\/i0.wp.com\/as-surques-escoeuilles.fr\/wp-content\/uploads\/2020\/02\/fb_img_1582048947733589784801164559511.jpg?resize=768%2C576&amp;ssl=1 768w, https:\/\/i0.wp.com\/as-surques-escoeuilles.fr\/wp-content\/uploads\/2020\/02\/fb_img_1582048947733589784801164559511.jpg?resize=678%2C509&amp;ssl=1 678w, https:\/\/i0.wp.com\/as-surques-escoeuilles.fr\/wp-content\/uploads\/2020\/02\/fb_img_1582048947733589784801164559511.jpg?resize=326%2C245&amp;ssl=1 326w, https:\/\/i0.wp.com\/as-surques-escoeuilles.fr\/wp-content\/uploads\/2020\/02\/fb_img_1582048947733589784801164559511.jpg?resize=80%2C60&amp;ssl=1 80w, https:\/\/i0.wp.com\/as-surques-escoeuilles.fr\/wp-content\/uploads\/2020\/02\/fb_img_1582048947733589784801164559511.jpg?resize=600%2C450&amp;ssl=1 600w\" sizes=\"(max-width: 800px) 100vw, 800px\" data-recalc-dims=\"1\" \/><\/figure>\n","protected":false},"excerpt":{"rendered":"<p>Ce mardi, nos U13 Orange et Noirs ont \u00e9t\u00e9 invit\u00e9s par la JS Longuenesse pour participer \u00e0 un tournoi Futsal.<\/p>\n","protected":false},"author":1,"featured_media":4033,"comment_status":"open","ping_status":"open","sticky":false,"template":"","format":"standard","meta":{"ngg_post_thumbnail":0,"jetpack_post_was_ever_published":false,"jetpack_publicize_message":"","jetpack_is_tweetstorm":false,"jetpack_publicize_feature_enabled":true,"jetpack_social_post_already_shared":true,"jetpack_social_options":{"image_generator_settings":{"template":"highway","enabled":false}}},"categories":[43],"tags":[],"jetpack_publicize_connections":[],"jetpack_featured_media_url":"https:\/\/i0.wp.com\/as-surques-escoeuilles.fr\/wp-content\/uploads\/2020\/02\/FB_IMG_1582048947733.jpg?fit=1080%2C810&ssl=1","jetpack_sharing_enabled":true,"jetpack_shortlink":"https:\/\/wp.me\/p8dhOI-134","jetpack-related-posts":[{"id":5019,"url":"https:\/\/as-surques-escoeuilles.fr\/index.php\/2021\/03\/25\/pef-biathlon-technique-arbitrage\/","url_meta":{"origin":4034,"position":0},"title":"PEF : biathlon technique arbitrage","date":"25 mars 2021","format":false,"excerpt":"Dans le cadre de son BMF, Beno\u00eet a poursuivi son action arbitrage d\u00e9marr\u00e9 au mois de d\u00e9cembre avec les U13 et les U14 F\u00e9minines. Les joueurs\/ses avaient en effet pu r\u00e9vis\u00e9 les r\u00e8gles du foot \u00e0 8, et cette semaine marquait le retour sur le terrain pour un biathlon technique.\u2026","rel":"","context":"Dans &quot;Football F\u00e9minin&quot;","img":{"alt_text":"","src":"https:\/\/i0.wp.com\/as-surques-escoeuilles.fr\/wp-content\/uploads\/2019\/12\/pef-1__o51o9z7720021839539359248.jpg?fit=958%2C520&ssl=1&resize=350%2C200","width":350,"height":200},"classes":[]},{"id":3181,"url":"https:\/\/as-surques-escoeuilles.fr\/index.php\/2019\/11\/09\/tournoi-feminin-en-salle\/","url_meta":{"origin":4034,"position":1},"title":"Tournoi f\u00e9minin en salle","date":"9 novembre 2019","format":false,"excerpt":"Ce vendredi 08 novembre, nos s\u00e9niors f\u00e9minines ont particip\u00e9 \u00e0 un tournoi amical \u00e0 Ardres, l'occasion de rencontrer des \u00e9quipes telles que Longuenesse, Calais Catena, Calais Futsal ou Ardres. Les filles se sont donn\u00e9es \u00e0 100% pour leurs premiers matches dans cette configuration et sur cette surface. Merci aux supporters\u2026","rel":"","context":"Dans &quot;F\u00e9minines&quot;","img":{"alt_text":"","src":"https:\/\/i0.wp.com\/as-surques-escoeuilles.fr\/wp-content\/uploads\/2019\/11\/IMG_20191108_224035.jpg?fit=1200%2C790&ssl=1&resize=350%2C200","width":350,"height":200},"classes":[]},{"id":3223,"url":"https:\/\/as-surques-escoeuilles.fr\/index.php\/2019\/11\/20\/u13-ca-passe-en-festival-pitch\/","url_meta":{"origin":4034,"position":2},"title":"U13 : \u00e7a passe en festival Pitch","date":"20 novembre 2019","format":false,"excerpt":"En festival Pitch, les u13 avaient rendez vous \u00e0 Licques pour un derby. Les Orange et Noirs l'emportent 1-0 ! Bravo aux joueurs et merci aux parents et supporters !","rel":"","context":"Dans &quot;U13&quot;","img":{"alt_text":"","src":"https:\/\/i0.wp.com\/as-surques-escoeuilles.fr\/wp-content\/uploads\/2019\/11\/Resized_20191120_152844.jpeg?fit=1200%2C675&ssl=1&resize=350%2C200","width":350,"height":200},"classes":[]},{"id":2492,"url":"https:\/\/as-surques-escoeuilles.fr\/index.php\/2019\/04\/08\/plateau-u6-u7-a-domicile\/","url_meta":{"origin":4034,"position":3},"title":"Plateau U6\/U7 \u00e0 domicile","date":"8 avril 2019","format":false,"excerpt":"Qui dit premier jour des vacances dit forc\u00e9ment...football ! Nos U6\/U7 se sont retrouv\u00e9s sur nos installations dans le cadre d'un plateau r\u00e9unissant 12 \u00e9quipes des alentours. L'occasion pour les enfants de continuer de partager de bons moments tous ensemble en affrontant 5 \u00e9quipes chacune, avant de se retrouver autour\u2026","rel":"","context":"Dans &quot;U7&quot;","img":{"alt_text":"","src":"https:\/\/i0.wp.com\/as-surques-escoeuilles.fr\/wp-content\/uploads\/2019\/04\/IMG_20190408_153349.jpg?fit=1024%2C768&ssl=1&resize=350%2C200","width":350,"height":200},"classes":[]},{"id":4008,"url":"https:\/\/as-surques-escoeuilles.fr\/index.php\/2020\/02\/17\/une-orange-en-stade-departemental\/","url_meta":{"origin":4034,"position":4},"title":"Une Orange en stage d\u00e9partemental","date":"17 f\u00e9vrier 2020","format":false,"excerpt":"La communaut\u00e9 des \u00e9ducateurs de l'ASSE est tr\u00e8s fi\u00e8re de la nouvelle, apr\u00e8s avoir particip\u00e9 aux diff\u00e9rentes d\u00e9tections du district C\u00f4te d'Opale, une licenci\u00e9e U13 est s\u00e9lectionn\u00e9e pour participer au stage d\u00e9partemental qui se d\u00e9roulera en internat du 26 au 28 f\u00e9vrier. F\u00e9lications \u00e0 IVANKA, gardienne des U13, pour ses\u2026","rel":"","context":"Dans &quot;Communication club&quot;","img":{"alt_text":"","src":"https:\/\/i0.wp.com\/as-surques-escoeuilles.fr\/wp-content\/uploads\/2020\/02\/44037791_758814164458165_5252162966219915264_n.jpg?fit=960%2C720&ssl=1&resize=350%2C200","width":350,"height":200},"classes":[]},{"id":5161,"url":"https:\/\/as-surques-escoeuilles.fr\/index.php\/2021\/06\/20\/bleriot-feminines-remporte-le-tournoi-u13-georges-louvet\/","url_meta":{"origin":4034,"position":5},"title":"Bleriot Feminines remporte le tournoi U13 Georges Louvet","date":"20 juin 2021","format":false,"excerpt":"Cr\u00e9\u00e9 avec ProTournoi, logiciel en ligne de gestion de tournois sportifs Malgr\u00e9 la m\u00e9t\u00e9o capricieuse, 15 superbes \u00e9quipes se sont affront\u00e9es pour tenter de remporter le troph\u00e9e avec 4 matches de poule le matin et 3 matches de phase finale l'apr\u00e8s midi. La finale a oppos\u00e9 Bleriot Feminines \u00e0 Longfoss\u00e9\u2026","rel":"","context":"Dans &quot;Ev\u00e9nements&quot;","img":{"alt_text":"","src":"https:\/\/i0.wp.com\/as-surques-escoeuilles.fr\/wp-content\/uploads\/2021\/06\/received_4585320956014574968921510119672172.jpeg?resize=350%2C200&ssl=1","width":350,"height":200},"classes":[]}],"_links":{"self":[{"href":"https:\/\/as-surques-escoeuilles.fr\/index.php\/wp-json\/wp\/v2\/posts\/4034"}],"collection":[{"href":"https:\/\/as-surques-escoeuilles.fr\/index.php\/wp-json\/wp\/v2\/posts"}],"about":[{"href":"https:\/\/as-surques-escoeuilles.fr\/index.php\/wp-json\/wp\/v2\/types\/post"}],"author":[{"embeddable":true,"href":"https:\/\/as-surques-escoeuilles.fr\/index.php\/wp-json\/wp\/v2\/users\/1"}],"replies":[{"embeddable":true,"href":"https:\/\/as-surques-escoeuilles.fr\/index.php\/wp-json\/wp\/v2\/comments?post=4034"}],"version-history":[{"count":0,"href":"https:\/\/as-surques-escoeuilles.fr\/index.php\/wp-json\/wp\/v2\/posts\/4034\/revisions"}],"wp:featuredmedia":[{"embeddable":true,"href":"https:\/\/as-surques-escoeuilles.fr\/index.php\/wp-json\/wp\/v2\/media\/4033"}],"wp:attachment":[{"href":"https:\/\/as-surques-escoeuilles.fr\/index.php\/wp-json\/wp\/v2\/media?parent=4034"}],"wp:term":[{"taxonomy":"category","embeddable":true,"href":"https:\/\/as-surques-escoeuilles.fr\/index.php\/wp-json\/wp\/v2\/categories?post=4034"},{"taxonomy":"post_tag","embeddable":true,"href":"https:\/\/as-surques-escoeuilles.fr\/index.php\/wp-json\/wp\/v2\/tags?post=4034"}],"curies":[{"name":"wp","href":"https:\/\/api.w.org\/{rel}","templated":true}]}}