{"id":4101,"date":"2020-03-04T22:06:51","date_gmt":"2020-03-04T21:06:51","guid":{"rendered":"https:\/\/as-surques-escoeuilles.fr\/index.php\/2020\/03\/04\/les-orange-avec-les-bleues-2\/"},"modified":"2020-03-04T22:06:51","modified_gmt":"2020-03-04T21:06:51","slug":"les-orange-avec-les-bleues-2","status":"publish","type":"post","link":"https:\/\/as-surques-escoeuilles.fr\/index.php\/2020\/03\/04\/les-orange-avec-les-bleues-2\/","title":{"rendered":"Les Orange avec les Bleues"},"content":{"rendered":"\n<p>Avec son r\u00e9cent label bronze d&rsquo;\u00e9cole de foot f\u00e9minin, l&rsquo;ASSE ne pouvait manquer l&rsquo;entr\u00e9e en lice des Bleues au tournoi de France \u00e0 Calais. Le club a ainsi envoy\u00e9 un contingent d&rsquo;un peu plus de 100 supporters pour voir la France s&rsquo;imposer face au Canada. <\/p>\n\n\n\n<figure class=\"wp-block-image size-large\"><img data-attachment-id=\"4098\" data-permalink=\"https:\/\/as-surques-escoeuilles.fr\/image0000008571236297134576797\/\" data-orig-file=\"https:\/\/i0.wp.com\/as-surques-escoeuilles.fr\/wp-content\/uploads\/2020\/03\/image0000008571236297134576797.jpg?fit=1200%2C900&amp;ssl=1\" data-orig-size=\"1200,900\" data-comments-opened=\"1\" data-image-meta=\"{&quot;aperture&quot;:&quot;0&quot;,&quot;credit&quot;:&quot;&quot;,&quot;camera&quot;:&quot;&quot;,&quot;caption&quot;:&quot;&quot;,&quot;created_timestamp&quot;:&quot;0&quot;,&quot;copyright&quot;:&quot;&quot;,&quot;focal_length&quot;:&quot;0&quot;,&quot;iso&quot;:&quot;0&quot;,&quot;shutter_speed&quot;:&quot;0&quot;,&quot;title&quot;:&quot;&quot;,&quot;orientation&quot;:&quot;0&quot;}\" data-image-title=\"image0000008571236297134576797.jpg\" data-image-description=\"\" data-image-caption=\"\" data-medium-file=\"https:\/\/i0.wp.com\/as-surques-escoeuilles.fr\/wp-content\/uploads\/2020\/03\/image0000008571236297134576797.jpg?fit=300%2C225&amp;ssl=1\" data-large-file=\"https:\/\/i0.wp.com\/as-surques-escoeuilles.fr\/wp-content\/uploads\/2020\/03\/image0000008571236297134576797.jpg?fit=800%2C600&amp;ssl=1\" fetchpriority=\"high\" width=\"800\" height=\"600\" src=\"https:\/\/i0.wp.com\/as-surques-escoeuilles.fr\/wp-content\/uploads\/2020\/03\/image0000008571236297134576797.jpg?resize=800%2C600&#038;ssl=1\" alt=\"\" class=\"wp-image-4098\" srcset=\"https:\/\/i0.wp.com\/as-surques-escoeuilles.fr\/wp-content\/uploads\/2020\/03\/image0000008571236297134576797.jpg?w=1200&amp;ssl=1 1200w, https:\/\/i0.wp.com\/as-surques-escoeuilles.fr\/wp-content\/uploads\/2020\/03\/image0000008571236297134576797.jpg?resize=300%2C225&amp;ssl=1 300w, https:\/\/i0.wp.com\/as-surques-escoeuilles.fr\/wp-content\/uploads\/2020\/03\/image0000008571236297134576797.jpg?resize=1024%2C768&amp;ssl=1 1024w, https:\/\/i0.wp.com\/as-surques-escoeuilles.fr\/wp-content\/uploads\/2020\/03\/image0000008571236297134576797.jpg?resize=768%2C576&amp;ssl=1 768w, https:\/\/i0.wp.com\/as-surques-escoeuilles.fr\/wp-content\/uploads\/2020\/03\/image0000008571236297134576797.jpg?resize=678%2C509&amp;ssl=1 678w, https:\/\/i0.wp.com\/as-surques-escoeuilles.fr\/wp-content\/uploads\/2020\/03\/image0000008571236297134576797.jpg?resize=326%2C245&amp;ssl=1 326w, https:\/\/i0.wp.com\/as-surques-escoeuilles.fr\/wp-content\/uploads\/2020\/03\/image0000008571236297134576797.jpg?resize=80%2C60&amp;ssl=1 80w, https:\/\/i0.wp.com\/as-surques-escoeuilles.fr\/wp-content\/uploads\/2020\/03\/image0000008571236297134576797.jpg?resize=600%2C450&amp;ssl=1 600w\" sizes=\"(max-width: 800px) 100vw, 800px\" data-recalc-dims=\"1\" \/><\/figure>\n\n\n\n<figure class=\"wp-block-image size-large\"><img data-attachment-id=\"4099\" data-permalink=\"https:\/\/as-surques-escoeuilles.fr\/image000000_65049615784609327144\/\" data-orig-file=\"https:\/\/i0.wp.com\/as-surques-escoeuilles.fr\/wp-content\/uploads\/2020\/03\/image000000_65049615784609327144.jpg?fit=1080%2C810&amp;ssl=1\" data-orig-size=\"1080,810\" data-comments-opened=\"1\" data-image-meta=\"{&quot;aperture&quot;:&quot;0&quot;,&quot;credit&quot;:&quot;&quot;,&quot;camera&quot;:&quot;&quot;,&quot;caption&quot;:&quot;&quot;,&quot;created_timestamp&quot;:&quot;0&quot;,&quot;copyright&quot;:&quot;&quot;,&quot;focal_length&quot;:&quot;0&quot;,&quot;iso&quot;:&quot;0&quot;,&quot;shutter_speed&quot;:&quot;0&quot;,&quot;title&quot;:&quot;&quot;,&quot;orientation&quot;:&quot;0&quot;}\" data-image-title=\"image000000_65049615784609327144.jpg\" data-image-description=\"\" data-image-caption=\"\" data-medium-file=\"https:\/\/i0.wp.com\/as-surques-escoeuilles.fr\/wp-content\/uploads\/2020\/03\/image000000_65049615784609327144.jpg?fit=300%2C225&amp;ssl=1\" data-large-file=\"https:\/\/i0.wp.com\/as-surques-escoeuilles.fr\/wp-content\/uploads\/2020\/03\/image000000_65049615784609327144.jpg?fit=800%2C600&amp;ssl=1\" width=\"800\" height=\"600\" src=\"https:\/\/i0.wp.com\/as-surques-escoeuilles.fr\/wp-content\/uploads\/2020\/03\/image000000_65049615784609327144.jpg?resize=800%2C600&#038;ssl=1\" alt=\"\" class=\"wp-image-4099\" srcset=\"https:\/\/i0.wp.com\/as-surques-escoeuilles.fr\/wp-content\/uploads\/2020\/03\/image000000_65049615784609327144.jpg?resize=1024%2C768&amp;ssl=1 1024w, https:\/\/i0.wp.com\/as-surques-escoeuilles.fr\/wp-content\/uploads\/2020\/03\/image000000_65049615784609327144.jpg?resize=300%2C225&amp;ssl=1 300w, https:\/\/i0.wp.com\/as-surques-escoeuilles.fr\/wp-content\/uploads\/2020\/03\/image000000_65049615784609327144.jpg?resize=768%2C576&amp;ssl=1 768w, https:\/\/i0.wp.com\/as-surques-escoeuilles.fr\/wp-content\/uploads\/2020\/03\/image000000_65049615784609327144.jpg?resize=678%2C509&amp;ssl=1 678w, https:\/\/i0.wp.com\/as-surques-escoeuilles.fr\/wp-content\/uploads\/2020\/03\/image000000_65049615784609327144.jpg?resize=326%2C245&amp;ssl=1 326w, https:\/\/i0.wp.com\/as-surques-escoeuilles.fr\/wp-content\/uploads\/2020\/03\/image000000_65049615784609327144.jpg?resize=80%2C60&amp;ssl=1 80w, https:\/\/i0.wp.com\/as-surques-escoeuilles.fr\/wp-content\/uploads\/2020\/03\/image000000_65049615784609327144.jpg?resize=600%2C450&amp;ssl=1 600w, https:\/\/i0.wp.com\/as-surques-escoeuilles.fr\/wp-content\/uploads\/2020\/03\/image000000_65049615784609327144.jpg?w=1080&amp;ssl=1 1080w\" sizes=\"(max-width: 800px) 100vw, 800px\" data-recalc-dims=\"1\" \/><\/figure>\n","protected":false},"excerpt":{"rendered":"<p>Avec son r\u00e9cent label bronze d&rsquo;\u00e9cole de foot f\u00e9minin, l&rsquo;ASSE ne pouvait manquer l&rsquo;entr\u00e9e en lice des Bleues au tournoi<\/p>\n","protected":false},"author":1,"featured_media":4100,"comment_status":"open","ping_status":"open","sticky":false,"template":"","format":"standard","meta":{"ngg_post_thumbnail":0,"jetpack_post_was_ever_published":false,"jetpack_publicize_message":"","jetpack_is_tweetstorm":false,"jetpack_publicize_feature_enabled":true,"jetpack_social_post_already_shared":true,"jetpack_social_options":{"image_generator_settings":{"template":"highway","enabled":false}}},"categories":[29],"tags":[],"jetpack_publicize_connections":[],"jetpack_featured_media_url":"https:\/\/i0.wp.com\/as-surques-escoeuilles.fr\/wp-content\/uploads\/2020\/03\/image000000.jpg?fit=1200%2C900&ssl=1","jetpack_sharing_enabled":true,"jetpack_shortlink":"https:\/\/wp.me\/p8dhOI-149","jetpack-related-posts":[{"id":2664,"url":"https:\/\/as-surques-escoeuilles.fr\/index.php\/2019\/06\/08\/les-orange-avec-les-bleues\/","url_meta":{"origin":4101,"position":0},"title":"Les Orange avec les Bleues !","date":"8 juin 2019","format":false,"excerpt":"L'\u00e9v\u00e9nement en France de ce vendredi 7 juin \u00e9tait l'ouverture de la coupe du monde f\u00e9minine. Le conseil d'administration de l'ASSE a pr\u00e9par\u00e9 tout l'hiver cet \u00e9v\u00e9nement en proposant d'\u00eatre au coeur de cet \u00e9v\u00e9nement pour 63 licenci\u00e9s, dont nombre de ses repr\u00e9sentantes dans la cat\u00e9gorie U13F et S\u00e9niors F.\u2026","rel":"","context":"Dans &quot;Communication club&quot;","img":{"alt_text":"","src":"https:\/\/i0.wp.com\/as-surques-escoeuilles.fr\/wp-content\/uploads\/2019\/06\/IMG_20190607_142200.jpg?fit=1024%2C768&ssl=1&resize=350%2C200","width":350,"height":200},"classes":[]},{"id":4636,"url":"https:\/\/as-surques-escoeuilles.fr\/index.php\/2020\/08\/24\/coupe-de-france-3\/","url_meta":{"origin":4101,"position":1},"title":"Coupe de France","date":"24 ao\u00fbt 2020","format":false,"excerpt":"La comp\u00e9tition fait son retour au stade intercommunal avec d\u00e9j\u00e0 un gros match : l'\u00e9quipe fanion re\u00e7oit en effet Saint Martin au Laert ce dimanche 30 ao\u00fbt \u00e0 15h00. Venez nombreux encourager les Orange et Noir, attention port du masque obligatoire.","rel":"","context":"Dans &quot;Non class\u00e9&quot;","img":{"alt_text":"","src":"https:\/\/i0.wp.com\/as-surques-escoeuilles.fr\/wp-content\/uploads\/2020\/08\/affiche_cdf.jpg?resize=350%2C200&ssl=1","width":350,"height":200},"classes":[]},{"id":4706,"url":"https:\/\/as-surques-escoeuilles.fr\/index.php\/2020\/09\/08\/coupe-de-france-pas-d-exploit-pour-les-orange\/","url_meta":{"origin":4101,"position":2},"title":"Coupe de France : pas d&rsquo; exploit pour les Orange","date":"8 septembre 2020","format":false,"excerpt":"Ce dimanche avait lieu le second tour de Coupe de France avec une affiche de gala face \u00e0 Arques, \u00e9quipe de R3. 300 personnes sont venues porter les Orange en qu\u00eate d'exploit. Elles y o't cru pendant 45 minutes o\u00f9 l'ASSE \u00e0 tenu t\u00eate aux visiteurs. Mais au retour des\u2026","rel":"","context":"Dans &quot;Non class\u00e9&quot;","img":{"alt_text":"","src":"https:\/\/i0.wp.com\/as-surques-escoeuilles.fr\/wp-content\/uploads\/2020\/09\/received_361975764821364-scaled.jpeg?fit=1200%2C900&ssl=1&resize=350%2C200","width":350,"height":200},"classes":[]},{"id":4673,"url":"https:\/\/as-surques-escoeuilles.fr\/index.php\/2020\/09\/01\/coupe-de-france-so-foot\/","url_meta":{"origin":4101,"position":3},"title":"Coupe de France : So Foot !","date":"1 septembre 2020","format":false,"excerpt":"Un dernier dimanche d'ao\u00fbt qui restera dans les m\u00e9moires : une tr\u00e8s longue attente avant le retour de la comp\u00e9tition, et quelle comp\u00e9tition, la Coupe de France ; 200 spectateurs masqu\u00e9s ; un protocole sanitaire respect\u00e9 ; une qualif' obtenue d'arrache-pied ; et un journaliste de So Foot en guise\u2026","rel":"","context":"Dans &quot;Communication club&quot;","img":{"alt_text":"","src":"https:\/\/i0.wp.com\/as-surques-escoeuilles.fr\/wp-content\/uploads\/2020\/09\/SOFOOT_2020.png?resize=350%2C200&ssl=1","width":350,"height":200},"classes":[]},{"id":2502,"url":"https:\/\/as-surques-escoeuilles.fr\/index.php\/2019\/05\/01\/l-asse-vous-emmene-a-la-coupe-du-monde-feminine\/","url_meta":{"origin":4101,"position":4},"title":"l&rsquo; ASSE vous emm\u00e8ne \u00e0 la coupe du monde f\u00e9minine","date":"1 mai 2019","format":false,"excerpt":"Comme vous le savez, la France est pays h\u00f4te de la Coupe du Monde F\u00e9minine. Pour f\u00eater cet \u00e9v\u00e9nement, le club emm\u00e8ne ses licenci\u00e9(e)s voir un match, et pas n'importe lequel : le match d'ouverture FRANCE - COREE DU SUD le vendredi 07 juin au Parc des Princes (Paris), en\u2026","rel":"","context":"Dans &quot;Communication club&quot;","img":{"alt_text":"","src":"https:\/\/i0.wp.com\/as-surques-escoeuilles.fr\/wp-content\/uploads\/2019\/04\/deplacement_cdm-1.png?fit=559%2C794&ssl=1&resize=350%2C200","width":350,"height":200},"classes":[]},{"id":4121,"url":"https:\/\/as-surques-escoeuilles.fr\/index.php\/2020\/03\/07\/pef-environnement-lasse-participe-a-hauts-de-france-propres\/","url_meta":{"origin":4101,"position":5},"title":"PEF environnement : l&rsquo;ASSE participe \u00e0 Hauts de France Propres","date":"7 mars 2020","format":false,"excerpt":"Les Orange et Noirs ont envoy\u00e9 deux d\u00e9l\u00e9gations \u00e0 Surques et Escoeuilles pour participer \u00e0 cette op\u00e9ration de nettoyage citoyen en partenariat avec la R\u00e9gion et la CC du Pays de Lumbres, et organis\u00e9e par la soci\u00e9t\u00e9 de chasse. Merci d'ailleurs \u00e0 elle et la municipalit\u00e9 pour le verre de\u2026","rel":"","context":"Dans &quot;Communication club&quot;","img":{"alt_text":"","src":"https:\/\/i0.wp.com\/as-surques-escoeuilles.fr\/wp-content\/uploads\/2020\/03\/received_205466547335671.jpeg?fit=1084%2C720&ssl=1&resize=350%2C200","width":350,"height":200},"classes":[]}],"_links":{"self":[{"href":"https:\/\/as-surques-escoeuilles.fr\/index.php\/wp-json\/wp\/v2\/posts\/4101"}],"collection":[{"href":"https:\/\/as-surques-escoeuilles.fr\/index.php\/wp-json\/wp\/v2\/posts"}],"about":[{"href":"https:\/\/as-surques-escoeuilles.fr\/index.php\/wp-json\/wp\/v2\/types\/post"}],"author":[{"embeddable":true,"href":"https:\/\/as-surques-escoeuilles.fr\/index.php\/wp-json\/wp\/v2\/users\/1"}],"replies":[{"embeddable":true,"href":"https:\/\/as-surques-escoeuilles.fr\/index.php\/wp-json\/wp\/v2\/comments?post=4101"}],"version-history":[{"count":0,"href":"https:\/\/as-surques-escoeuilles.fr\/index.php\/wp-json\/wp\/v2\/posts\/4101\/revisions"}],"wp:featuredmedia":[{"embeddable":true,"href":"https:\/\/as-surques-escoeuilles.fr\/index.php\/wp-json\/wp\/v2\/media\/4100"}],"wp:attachment":[{"href":"https:\/\/as-surques-escoeuilles.fr\/index.php\/wp-json\/wp\/v2\/media?parent=4101"}],"wp:term":[{"taxonomy":"category","embeddable":true,"href":"https:\/\/as-surques-escoeuilles.fr\/index.php\/wp-json\/wp\/v2\/categories?post=4101"},{"taxonomy":"post_tag","embeddable":true,"href":"https:\/\/as-surques-escoeuilles.fr\/index.php\/wp-json\/wp\/v2\/tags?post=4101"}],"curies":[{"name":"wp","href":"https:\/\/api.w.org\/{rel}","templated":true}]}}