{"id":4137,"date":"2020-03-12T14:27:10","date_gmt":"2020-03-12T13:27:10","guid":{"rendered":"https:\/\/as-surques-escoeuilles.fr\/index.php\/2020\/03\/12\/projet-associatif-et-educatif-installation-de-fontaine-a-eau\/"},"modified":"2020-03-12T15:57:50","modified_gmt":"2020-03-12T14:57:50","slug":"projet-associatif-et-educatif-installation-de-fontaine-a-eau","status":"publish","type":"post","link":"https:\/\/as-surques-escoeuilles.fr\/index.php\/2020\/03\/12\/projet-associatif-et-educatif-installation-de-fontaine-a-eau\/","title":{"rendered":"Projet associatif et \u00e9ducatif : installation de fontaine \u00e0 eau"},"content":{"rendered":"\n<p>Ce mercredi 11 mars apr\u00e8s-midi a \u00e9t\u00e9 plac\u00e9 sous le signe de l&rsquo;environnement et de la qualit\u00e9 d&rsquo;accueil pour la finalisation d&rsquo;un projet d&rsquo;installation de fontaine \u00e0 eau  et de gourdes personnalis\u00e9es offertes \u00e0 chaque adh\u00e9rent(e) propos\u00e9 par Beno\u00eet Fortin et valid\u00e9 par le conseil d&rsquo;administration en septembre 2019.<\/p>\n\n\n\n<p>Les objectifs  concernent l&rsquo;\u00e9limination du plastique sur nos infrastructures et l&rsquo;acc\u00e8s \u00e0 l&rsquo;eau potable pendant les s\u00e9ances. Le nombre croissant d&rsquo;\u00e9quipes implique en effet une utilisation excessive et parfois abusive de bouteilles d&rsquo;eau aux abords du terrain.<\/p>\n\n\n\n<p>Ce projet a un co\u00fbt de 1800 euros pour trois ans d&rsquo;utilisation, pour l&rsquo;instant financ\u00e9 sur fonds propres. Le club a sollicit\u00e9 diff\u00e9rents minist\u00e8res pour l&rsquo;octroi de subventions. <\/p>\n\n\n\n<p>Merci aux \u00e9lus pr\u00e9sents de Surques et Escoeuilles, \u00e0 la presse et aux enfants venus inaugurer cette fontaine. Reportage \u00e0 venir dans la Voix du Nord et l&rsquo;Independant.<\/p>\n\n\n\n<figure class=\"wp-block-image size-large\"><img data-attachment-id=\"4135\" data-permalink=\"https:\/\/as-surques-escoeuilles.fr\/received_2122223134915778775727060005948558\/\" data-orig-file=\"https:\/\/i0.wp.com\/as-surques-escoeuilles.fr\/wp-content\/uploads\/2020\/03\/received_2122223134915778775727060005948558-scaled.jpeg?fit=1920%2C2560&amp;ssl=1\" data-orig-size=\"1920,2560\" data-comments-opened=\"1\" data-image-meta=\"{&quot;aperture&quot;:&quot;0&quot;,&quot;credit&quot;:&quot;&quot;,&quot;camera&quot;:&quot;&quot;,&quot;caption&quot;:&quot;&quot;,&quot;created_timestamp&quot;:&quot;0&quot;,&quot;copyright&quot;:&quot;&quot;,&quot;focal_length&quot;:&quot;0&quot;,&quot;iso&quot;:&quot;0&quot;,&quot;shutter_speed&quot;:&quot;0&quot;,&quot;title&quot;:&quot;&quot;,&quot;orientation&quot;:&quot;0&quot;}\" data-image-title=\"received_2122223134915778775727060005948558.jpeg\" data-image-description=\"\" data-image-caption=\"&lt;p&gt;Mars 2020 &#8211; Fontaine \u00e0 eau &#8211; Projet F\u00e9d\u00e9ral de B. Fortin &#8211; Financement interne &#8211; Subventions Minist\u00e8re de la Jeunesse et des Sports&lt;\/p&gt;\n\" data-medium-file=\"https:\/\/i0.wp.com\/as-surques-escoeuilles.fr\/wp-content\/uploads\/2020\/03\/received_2122223134915778775727060005948558-scaled.jpeg?fit=225%2C300&amp;ssl=1\" data-large-file=\"https:\/\/i0.wp.com\/as-surques-escoeuilles.fr\/wp-content\/uploads\/2020\/03\/received_2122223134915778775727060005948558-scaled.jpeg?fit=768%2C1024&amp;ssl=1\" fetchpriority=\"high\" width=\"800\" height=\"1067\" src=\"https:\/\/i0.wp.com\/as-surques-escoeuilles.fr\/wp-content\/uploads\/2020\/03\/received_2122223134915778775727060005948558-scaled.jpeg?resize=800%2C1067&#038;ssl=1\" alt=\"\" class=\"wp-image-4135\" srcset=\"https:\/\/i0.wp.com\/as-surques-escoeuilles.fr\/wp-content\/uploads\/2020\/03\/received_2122223134915778775727060005948558-scaled.jpeg?w=1920&amp;ssl=1 1920w, https:\/\/i0.wp.com\/as-surques-escoeuilles.fr\/wp-content\/uploads\/2020\/03\/received_2122223134915778775727060005948558-scaled.jpeg?resize=225%2C300&amp;ssl=1 225w, https:\/\/i0.wp.com\/as-surques-escoeuilles.fr\/wp-content\/uploads\/2020\/03\/received_2122223134915778775727060005948558-scaled.jpeg?resize=768%2C1024&amp;ssl=1 768w, https:\/\/i0.wp.com\/as-surques-escoeuilles.fr\/wp-content\/uploads\/2020\/03\/received_2122223134915778775727060005948558-scaled.jpeg?resize=1152%2C1536&amp;ssl=1 1152w, https:\/\/i0.wp.com\/as-surques-escoeuilles.fr\/wp-content\/uploads\/2020\/03\/received_2122223134915778775727060005948558-scaled.jpeg?resize=1536%2C2048&amp;ssl=1 1536w, https:\/\/i0.wp.com\/as-surques-escoeuilles.fr\/wp-content\/uploads\/2020\/03\/received_2122223134915778775727060005948558-scaled.jpeg?resize=600%2C800&amp;ssl=1 600w, https:\/\/i0.wp.com\/as-surques-escoeuilles.fr\/wp-content\/uploads\/2020\/03\/received_2122223134915778775727060005948558-scaled.jpeg?w=1600&amp;ssl=1 1600w\" sizes=\"(max-width: 800px) 100vw, 800px\" data-recalc-dims=\"1\" \/><\/figure>\n\n\n\n<figure class=\"wp-block-image size-large\"><img data-attachment-id=\"4136\" data-permalink=\"https:\/\/as-surques-escoeuilles.fr\/resized_20200311_1713426786911931663331602\/\" data-orig-file=\"https:\/\/i0.wp.com\/as-surques-escoeuilles.fr\/wp-content\/uploads\/2020\/03\/resized_20200311_1713426786911931663331602.jpeg?fit=1416%2C1062&amp;ssl=1\" data-orig-size=\"1416,1062\" data-comments-opened=\"1\" data-image-meta=\"{&quot;aperture&quot;:&quot;0&quot;,&quot;credit&quot;:&quot;&quot;,&quot;camera&quot;:&quot;&quot;,&quot;caption&quot;:&quot;&quot;,&quot;created_timestamp&quot;:&quot;0&quot;,&quot;copyright&quot;:&quot;&quot;,&quot;focal_length&quot;:&quot;0&quot;,&quot;iso&quot;:&quot;0&quot;,&quot;shutter_speed&quot;:&quot;0&quot;,&quot;title&quot;:&quot;&quot;,&quot;orientation&quot;:&quot;0&quot;}\" data-image-title=\"resized_20200311_1713426786911931663331602.jpeg\" data-image-description=\"\" data-image-caption=\"\" data-medium-file=\"https:\/\/i0.wp.com\/as-surques-escoeuilles.fr\/wp-content\/uploads\/2020\/03\/resized_20200311_1713426786911931663331602.jpeg?fit=300%2C225&amp;ssl=1\" data-large-file=\"https:\/\/i0.wp.com\/as-surques-escoeuilles.fr\/wp-content\/uploads\/2020\/03\/resized_20200311_1713426786911931663331602.jpeg?fit=800%2C600&amp;ssl=1\" width=\"800\" height=\"600\" src=\"https:\/\/i0.wp.com\/as-surques-escoeuilles.fr\/wp-content\/uploads\/2020\/03\/resized_20200311_1713426786911931663331602.jpeg?resize=800%2C600&#038;ssl=1\" alt=\"\" class=\"wp-image-4136\" srcset=\"https:\/\/i0.wp.com\/as-surques-escoeuilles.fr\/wp-content\/uploads\/2020\/03\/resized_20200311_1713426786911931663331602.jpeg?resize=1024%2C768&amp;ssl=1 1024w, https:\/\/i0.wp.com\/as-surques-escoeuilles.fr\/wp-content\/uploads\/2020\/03\/resized_20200311_1713426786911931663331602.jpeg?resize=300%2C225&amp;ssl=1 300w, https:\/\/i0.wp.com\/as-surques-escoeuilles.fr\/wp-content\/uploads\/2020\/03\/resized_20200311_1713426786911931663331602.jpeg?resize=768%2C576&amp;ssl=1 768w, https:\/\/i0.wp.com\/as-surques-escoeuilles.fr\/wp-content\/uploads\/2020\/03\/resized_20200311_1713426786911931663331602.jpeg?resize=678%2C509&amp;ssl=1 678w, https:\/\/i0.wp.com\/as-surques-escoeuilles.fr\/wp-content\/uploads\/2020\/03\/resized_20200311_1713426786911931663331602.jpeg?resize=326%2C245&amp;ssl=1 326w, https:\/\/i0.wp.com\/as-surques-escoeuilles.fr\/wp-content\/uploads\/2020\/03\/resized_20200311_1713426786911931663331602.jpeg?resize=80%2C60&amp;ssl=1 80w, https:\/\/i0.wp.com\/as-surques-escoeuilles.fr\/wp-content\/uploads\/2020\/03\/resized_20200311_1713426786911931663331602.jpeg?resize=600%2C450&amp;ssl=1 600w, https:\/\/i0.wp.com\/as-surques-escoeuilles.fr\/wp-content\/uploads\/2020\/03\/resized_20200311_1713426786911931663331602.jpeg?w=1416&amp;ssl=1 1416w\" sizes=\"(max-width: 800px) 100vw, 800px\" data-recalc-dims=\"1\" \/><\/figure>\n","protected":false},"excerpt":{"rendered":"<p>Ce mercredi 11 mars apr\u00e8s-midi a \u00e9t\u00e9 plac\u00e9 sous le signe de l&rsquo;environnement et de la qualit\u00e9 d&rsquo;accueil pour la<\/p>\n","protected":false},"author":1,"featured_media":4136,"comment_status":"open","ping_status":"open","sticky":false,"template":"","format":"standard","meta":{"ngg_post_thumbnail":0,"jetpack_post_was_ever_published":false,"jetpack_publicize_message":"","jetpack_is_tweetstorm":false,"jetpack_publicize_feature_enabled":true,"jetpack_social_post_already_shared":true,"jetpack_social_options":{"image_generator_settings":{"template":"highway","enabled":false}}},"categories":[23,89,91],"tags":[],"jetpack_publicize_connections":[],"jetpack_featured_media_url":"https:\/\/i0.wp.com\/as-surques-escoeuilles.fr\/wp-content\/uploads\/2020\/03\/resized_20200311_1713426786911931663331602.jpeg?fit=1416%2C1062&ssl=1","jetpack_sharing_enabled":true,"jetpack_shortlink":"https:\/\/wp.me\/p8dhOI-14J","jetpack-related-posts":[{"id":4889,"url":"https:\/\/as-surques-escoeuilles.fr\/index.php\/2020\/12\/21\/projet-associatif-collecte-solidaire\/","url_meta":{"origin":4137,"position":0},"title":"Projet \u00e9ducatif : collecte solidaire","date":"21 d\u00e9cembre 2020","format":false,"excerpt":"\u270aAction solidaire \u270a Ce n'est pas un hasard si la Solidarit\u00e9 est l'une des 4 valeurs affich\u00e9es dans le vestiaire. Dans le cadre du PEF, l'ASSE a organis\u00e9 une collecte de jouets, peluches, livres, v\u00eatements \u00e0 destination des enfants d\u00e9favoris\u00e9s lors de son arbre de No\u00ebl.\uf381 Une action pleinement suivie\u2026","rel":"","context":"Dans &quot;Communication club&quot;","img":{"alt_text":"","src":"https:\/\/i0.wp.com\/as-surques-escoeuilles.fr\/wp-content\/uploads\/2020\/12\/received_152933183248132-scaled.jpeg?fit=1200%2C900&ssl=1&resize=350%2C200","width":350,"height":200},"classes":[]},{"id":5316,"url":"https:\/\/as-surques-escoeuilles.fr\/index.php\/2021\/09\/07\/retour-au-foot\/","url_meta":{"origin":4137,"position":1},"title":"Retour au foot !","date":"7 septembre 2021","format":false,"excerpt":"Dans le cadre de l'op\u00e9ration organis\u00e9e par la FFF #Retouraufoot, les s\u00e9ances sont ouvertes pour les enfants n\u00e9s entre 2011 et 2017, rendez-vous demain \u00e0 14h00 au stade. Pour l'\u00e9cole de foot (Mini-foot \u00e0 U9), s\u00e9ance sp\u00e9ciale PEF ce samedi \u00e0 10h30 au stade avec le concours des U14F !","rel":"","context":"Dans &quot;Communication club&quot;","img":{"alt_text":"","src":"https:\/\/i0.wp.com\/as-surques-escoeuilles.fr\/wp-content\/uploads\/2021\/09\/FFF2106_RDF_Joueurs_FB_Cover_851x315.jpg?fit=851%2C315&ssl=1&resize=350%2C200","width":350,"height":200},"classes":[]},{"id":5357,"url":"https:\/\/as-surques-escoeuilles.fr\/index.php\/2021\/09\/30\/retour-sur-loperation-retouraufoot\/","url_meta":{"origin":4137,"position":2},"title":"Retour sur l&rsquo;op\u00e9ration #RetourAuFoot","date":"30 septembre 2021","format":false,"excerpt":"Le samedi 11 septembre, l'\u00e9cole de foot participait \u00e0 l'op\u00e9ration #RetourAuFoot. Cette matin\u00e9e a donc \u00e9t\u00e9 le th\u00e9\u00e2tre des traditionnelles s\u00e9ances mini-foot \u00e0 U9 qui ont \u00e9t\u00e9 scind\u00e9s en plusieurs ateliers \u00e9ducatifs autour du Programme Educatif F\u00e9d\u00e9ral. Surprise pour les enfants : ce sont les U14 et U15 F\u00e9minines du\u2026","rel":"","context":"Dans &quot;Communication club&quot;","img":{"alt_text":"","src":"https:\/\/i0.wp.com\/as-surques-escoeuilles.fr\/wp-content\/uploads\/2021\/09\/equipe.jpg?fit=828%2C621&ssl=1&resize=350%2C200","width":350,"height":200},"classes":[]},{"id":4904,"url":"https:\/\/as-surques-escoeuilles.fr\/index.php\/2021\/01\/13\/meilleurs-voeux\/","url_meta":{"origin":4137,"position":3},"title":"Meilleurs Voeux","date":"13 janvier 2021","format":false,"excerpt":"L'ensemble du comit\u00e9 et du conseil d'administration vous adresse ses voeux les plus sinc\u00e8res pour cette ann\u00e9e 2021. M\u00eame si 2020 fut particuli\u00e8re, gardons l'optimisme d'un retour imminent sur nos installations. Le club continue de travailler dans l'ombre pour sa structuration \u00e0 l'aube de cette d\u00e9cennie.","rel":"","context":"Dans &quot;Communication club&quot;","img":{"alt_text":"","src":"https:\/\/i0.wp.com\/as-surques-escoeuilles.fr\/wp-content\/uploads\/2021\/01\/Diapositive1.png?fit=1200%2C675&ssl=1&resize=350%2C200","width":350,"height":200},"classes":[]},{"id":4165,"url":"https:\/\/as-surques-escoeuilles.fr\/index.php\/2020\/03\/20\/projet-associatif-amelioration-des-infrastructures\/","url_meta":{"origin":4137,"position":4},"title":"Projet associatif : am\u00e9lioration des infrastructures","date":"20 mars 2020","format":false,"excerpt":"Le club continue de travailler sur son projet associatif. Apr\u00e8s avoir pu goudronner l'ensemble de la devanture \u00e0 l'automne , c'est d\u00e9sormais vos t\u00eates qui seront prot\u00e9g\u00e9es par un pr\u00e9au sur toute la longueur du vestiaire. En effet, les jours de pluie \u00e9taient particuli\u00e8rement p\u00e9nibles pour les spectacteurs en absence\u2026","rel":"","context":"Dans &quot;Communication club&quot;","img":{"alt_text":"","src":"https:\/\/i0.wp.com\/as-surques-escoeuilles.fr\/wp-content\/uploads\/2020\/03\/IMG_20200313_174751-scaled.jpg?fit=1200%2C594&ssl=1&resize=350%2C200","width":350,"height":200},"classes":[]},{"id":5288,"url":"https:\/\/as-surques-escoeuilles.fr\/index.php\/2021\/11\/24\/lasse-recrute-2-services-civiques\/","url_meta":{"origin":4137,"position":5},"title":"L&rsquo;ASSE recrute 2 services civiques","date":"24 novembre 2021","format":false,"excerpt":"L'ASSE continue sa politique de formation avec le volet citoyen par le recrutement de 2 services civiques sur la structure. Deux missions autour du sport sant\u00e9 et du club lieu de vie avec soutien aux enfants scolaris\u00e9s sont propos\u00e9es. Plus de d\u00e9tails et candidatures sur le site du service civique\u2026","rel":"","context":"Dans &quot;Communication club&quot;","img":{"alt_text":"","src":"https:\/\/i0.wp.com\/as-surques-escoeuilles.fr\/wp-content\/uploads\/2021\/09\/Capture.jpg?fit=1075%2C432&ssl=1&resize=350%2C200","width":350,"height":200},"classes":[]}],"_links":{"self":[{"href":"https:\/\/as-surques-escoeuilles.fr\/index.php\/wp-json\/wp\/v2\/posts\/4137"}],"collection":[{"href":"https:\/\/as-surques-escoeuilles.fr\/index.php\/wp-json\/wp\/v2\/posts"}],"about":[{"href":"https:\/\/as-surques-escoeuilles.fr\/index.php\/wp-json\/wp\/v2\/types\/post"}],"author":[{"embeddable":true,"href":"https:\/\/as-surques-escoeuilles.fr\/index.php\/wp-json\/wp\/v2\/users\/1"}],"replies":[{"embeddable":true,"href":"https:\/\/as-surques-escoeuilles.fr\/index.php\/wp-json\/wp\/v2\/comments?post=4137"}],"version-history":[{"count":0,"href":"https:\/\/as-surques-escoeuilles.fr\/index.php\/wp-json\/wp\/v2\/posts\/4137\/revisions"}],"wp:featuredmedia":[{"embeddable":true,"href":"https:\/\/as-surques-escoeuilles.fr\/index.php\/wp-json\/wp\/v2\/media\/4136"}],"wp:attachment":[{"href":"https:\/\/as-surques-escoeuilles.fr\/index.php\/wp-json\/wp\/v2\/media?parent=4137"}],"wp:term":[{"taxonomy":"category","embeddable":true,"href":"https:\/\/as-surques-escoeuilles.fr\/index.php\/wp-json\/wp\/v2\/categories?post=4137"},{"taxonomy":"post_tag","embeddable":true,"href":"https:\/\/as-surques-escoeuilles.fr\/index.php\/wp-json\/wp\/v2\/tags?post=4137"}],"curies":[{"name":"wp","href":"https:\/\/api.w.org\/{rel}","templated":true}]}}