{"id":4140,"date":"2020-03-12T23:31:02","date_gmt":"2020-03-12T22:31:02","guid":{"rendered":"https:\/\/as-surques-escoeuilles.fr\/index.php\/2020\/03\/12\/suspension-des-activites-foot\/"},"modified":"2020-03-13T09:55:46","modified_gmt":"2020-03-13T08:55:46","slug":"suspension-des-activites-foot","status":"publish","type":"post","link":"https:\/\/as-surques-escoeuilles.fr\/index.php\/2020\/03\/12\/suspension-des-activites-foot\/","title":{"rendered":"Suspension des activit\u00e9s foot"},"content":{"rendered":"\n<p>Les s\u00e9ances d&rsquo;entra\u00eenement sont \u00e9galement concern\u00e9es.<\/p>\n\n\n\n<figure class=\"wp-block-image size-large\"><img data-attachment-id=\"4139\" data-permalink=\"https:\/\/as-surques-escoeuilles.fr\/fb_img_15840493870531925359746267540924\/\" data-orig-file=\"https:\/\/i0.wp.com\/as-surques-escoeuilles.fr\/wp-content\/uploads\/2020\/03\/fb_img_15840493870531925359746267540924.jpg?fit=1080%2C1419&amp;ssl=1\" data-orig-size=\"1080,1419\" data-comments-opened=\"1\" data-image-meta=\"{&quot;aperture&quot;:&quot;0&quot;,&quot;credit&quot;:&quot;&quot;,&quot;camera&quot;:&quot;&quot;,&quot;caption&quot;:&quot;&quot;,&quot;created_timestamp&quot;:&quot;0&quot;,&quot;copyright&quot;:&quot;&quot;,&quot;focal_length&quot;:&quot;0&quot;,&quot;iso&quot;:&quot;0&quot;,&quot;shutter_speed&quot;:&quot;0&quot;,&quot;title&quot;:&quot;&quot;,&quot;orientation&quot;:&quot;0&quot;}\" data-image-title=\"fb_img_15840493870531925359746267540924.jpg\" data-image-description=\"\" data-image-caption=\"\" data-medium-file=\"https:\/\/i0.wp.com\/as-surques-escoeuilles.fr\/wp-content\/uploads\/2020\/03\/fb_img_15840493870531925359746267540924.jpg?fit=228%2C300&amp;ssl=1\" data-large-file=\"https:\/\/i0.wp.com\/as-surques-escoeuilles.fr\/wp-content\/uploads\/2020\/03\/fb_img_15840493870531925359746267540924.jpg?fit=779%2C1024&amp;ssl=1\" fetchpriority=\"high\" width=\"779\" height=\"1024\" src=\"https:\/\/i0.wp.com\/as-surques-escoeuilles.fr\/wp-content\/uploads\/2020\/03\/fb_img_15840493870531925359746267540924.jpg?resize=779%2C1024&#038;ssl=1\" alt=\"\" class=\"wp-image-4139\" srcset=\"https:\/\/i0.wp.com\/as-surques-escoeuilles.fr\/wp-content\/uploads\/2020\/03\/fb_img_15840493870531925359746267540924.jpg?resize=779%2C1024&amp;ssl=1 779w, https:\/\/i0.wp.com\/as-surques-escoeuilles.fr\/wp-content\/uploads\/2020\/03\/fb_img_15840493870531925359746267540924.jpg?resize=228%2C300&amp;ssl=1 228w, https:\/\/i0.wp.com\/as-surques-escoeuilles.fr\/wp-content\/uploads\/2020\/03\/fb_img_15840493870531925359746267540924.jpg?resize=768%2C1009&amp;ssl=1 768w, https:\/\/i0.wp.com\/as-surques-escoeuilles.fr\/wp-content\/uploads\/2020\/03\/fb_img_15840493870531925359746267540924.jpg?resize=600%2C788&amp;ssl=1 600w, https:\/\/i0.wp.com\/as-surques-escoeuilles.fr\/wp-content\/uploads\/2020\/03\/fb_img_15840493870531925359746267540924.jpg?w=1080&amp;ssl=1 1080w\" sizes=\"(max-width: 779px) 100vw, 779px\" data-recalc-dims=\"1\" \/><\/figure>\n","protected":false},"excerpt":{"rendered":"<p>Les s\u00e9ances d&rsquo;entra\u00eenement sont \u00e9galement concern\u00e9es.<\/p>\n","protected":false},"author":1,"featured_media":1172,"comment_status":"open","ping_status":"open","sticky":false,"template":"","format":"standard","meta":{"ngg_post_thumbnail":0,"jetpack_post_was_ever_published":false,"jetpack_publicize_message":"","jetpack_is_tweetstorm":false,"jetpack_publicize_feature_enabled":true,"jetpack_social_post_already_shared":true,"jetpack_social_options":{"image_generator_settings":{"template":"highway","enabled":false}}},"categories":[1],"tags":[],"jetpack_publicize_connections":[],"jetpack_featured_media_url":"https:\/\/i0.wp.com\/as-surques-escoeuilles.fr\/wp-content\/uploads\/2018\/04\/Capture-1.png?fit=782%2C316&ssl=1","jetpack_sharing_enabled":true,"jetpack_shortlink":"https:\/\/wp.me\/p8dhOI-14M","jetpack-related-posts":[{"id":5466,"url":"https:\/\/as-surques-escoeuilles.fr\/index.php\/2021\/12\/10\/fin-dannee-suspension-des-activites\/","url_meta":{"origin":4140,"position":0},"title":"Fin d&rsquo;ann\u00e9e : suspension des activit\u00e9s","date":"10 d\u00e9cembre 2021","format":false,"excerpt":"Afin d'\u00eatre en accord avec la d\u00e9cision du district, les membres du conseil d'administration r\u00e9unis le jeudi 9 d\u00e9cembre ont d\u00e9cid\u00e9 de suspendre \u00e9galement toute activit\u00e9 sportive jusqu'au 3 janvier pour l'ensemble des cat\u00e9gories, afin de limiter les risques de propagation et de permettre \u00e0 tous de passer des f\u00eates\u2026","rel":"","context":"Dans &quot;Non class\u00e9&quot;","img":{"alt_text":"","src":"","width":0,"height":0},"classes":[]},{"id":506,"url":"https:\/\/as-surques-escoeuilles.fr\/index.php\/2017\/08\/03\/reprise-u15\/","url_meta":{"origin":4140,"position":1},"title":"Reprise entra\u00eenements","date":"3 ao\u00fbt 2017","format":false,"excerpt":"Les dates de reprise d'entra\u00eenement sont affich\u00e9es au fur et \u00e0 mesure. Pensez \u00e9galement \u00e0 vos licences ! Mini-foot : reprise le mercredi 6 septembre de 14h \u00e0 15h15. Accueil d\u00e8s 13h45. U6\/U7 : reprise le mercredi 6 septembre de 14h \u00e0 15h15. Accueil d\u00e8s 13h45. U8\/U9 : reprise le\u2026","rel":"","context":"Dans &quot;Non class\u00e9&quot;","img":{"alt_text":"","src":"https:\/\/i0.wp.com\/as-surques-escoeuilles.fr\/wp-content\/uploads\/2017\/07\/ILLUSTRATION_ENTRAINEMENT_160609__lr5bwc.jpg?fit=664%2C376&ssl=1&resize=350%2C200","width":350,"height":200},"classes":[]},{"id":564,"url":"https:\/\/as-surques-escoeuilles.fr\/index.php\/2017\/09\/04\/mercredi-0609-cest-la-rentree-du-foot\/","url_meta":{"origin":4140,"position":2},"title":"Mercredi 06\/09 : \u00ab\u00a0c&rsquo;est la rentr\u00e9e du foot\u00a0\u00bb","date":"4 septembre 2017","format":false,"excerpt":"Mercredi 6 septembre, les \"Mini-foot\", U7 et U9 retrouveront le chemin des terrains. Soyez nombreux pour cette reprise. Accueil \u00e0 partir de 13h45 D\u00e9but des s\u00e9ances \u00e0 14h Pensez aux licences, aux cotisations, au Troc'foot (vente d'\u00e9quipements d'occasion). Merci de pr\u00e9venir les \u00e9ducateurs en cas d'absence. A tr\u00e8s bient\u00f4t !","rel":"","context":"Dans &quot;Non class\u00e9&quot;","img":{"alt_text":"","src":"https:\/\/i0.wp.com\/as-surques-escoeuilles.fr\/wp-content\/uploads\/2017\/09\/REPRISE.png?fit=498%2C286&ssl=1&resize=350%2C200","width":350,"height":200},"classes":[]},{"id":716,"url":"https:\/\/as-surques-escoeuilles.fr\/index.php\/2017\/11\/24\/entrainements-en-salle-rappel\/","url_meta":{"origin":4140,"position":3},"title":"Entra\u00eenements en salle : rappel","date":"24 novembre 2017","format":false,"excerpt":"Sauf message de vos \u00e9ducateurs pour certains samedis, les horaires habituels d'entrainement du samedi en salle sont les suivants : 13h45-\u00a014 h45 : U8 \/ U9 14h45 \u2013 15h30\u00a0: Mini-foot \/ U6 \/ U7 15h30 \u2013 16h45\u00a0: U11 16h45 \u2013 17h45\u00a0: U13 17h45 - 19h00\u00a0 : U15 19h00 - 20h30\u2026","rel":"","context":"Dans &quot;Non class\u00e9&quot;","img":{"alt_text":"","src":"https:\/\/i0.wp.com\/as-surques-escoeuilles.fr\/wp-content\/uploads\/2017\/11\/img-foot-en-salle-la-compilation-des-fails-du-mois-1381333216_620_400_crop_articles-173860.jpg?fit=620%2C400&ssl=1&resize=350%2C200","width":350,"height":200},"classes":[]},{"id":4841,"url":"https:\/\/as-surques-escoeuilles.fr\/index.php\/2020\/11\/28\/reprise-des-mineurs\/","url_meta":{"origin":4140,"position":4},"title":"Reprise des mineurs","date":"28 novembre 2020","format":false,"excerpt":"Suite \u00e0 l'annonce des mesures du gouvernement le 26 novembre et \u00e0 la pr\u00e9cision du Minist\u00e8re des Sports en date du 27 novembre, des s\u00e9ances de reprise d'activit\u00e9 adapt\u00e9es au protocole sanitaire auront donc lieu \u00e0 partir du 28 novembre. La salle n'\u00e9tant pas utilisable, tout aura lieu en ext\u00e9rieur.\u2026","rel":"","context":"Dans &quot;Communication club&quot;","img":{"alt_text":"","src":"https:\/\/i0.wp.com\/as-surques-escoeuilles.fr\/wp-content\/uploads\/2020\/11\/reprise.jpeg?fit=1200%2C630&ssl=1&resize=350%2C200","width":350,"height":200},"classes":[]},{"id":214,"url":"https:\/\/as-surques-escoeuilles.fr\/index.php\/2016\/12\/27\/programme-de-reprise-seniors\/","url_meta":{"origin":4140,"position":5},"title":"Programme de reprise S\u00e9niors","date":"27 d\u00e9cembre 2016","format":false,"excerpt":"Les vacances ne sont pas encore termin\u00e9es qu'il faut penser \u00e0 se remettre de cette p\u00e9riode traumatisante pour votre corps d'athl\u00e8te. En plus des s\u00e9ances d'entra\u00eenement du jeudi soir en salle \u00e0 19h et 20h30, des s\u00e9ances physiques suppl\u00e9mentaires seront programm\u00e9es : dimanche 8 janvier 10h30 : s\u00e9ance physique au\u2026","rel":"","context":"Dans &quot;S\u00e9niors&quot;","img":{"alt_text":"","src":"","width":0,"height":0},"classes":[]}],"_links":{"self":[{"href":"https:\/\/as-surques-escoeuilles.fr\/index.php\/wp-json\/wp\/v2\/posts\/4140"}],"collection":[{"href":"https:\/\/as-surques-escoeuilles.fr\/index.php\/wp-json\/wp\/v2\/posts"}],"about":[{"href":"https:\/\/as-surques-escoeuilles.fr\/index.php\/wp-json\/wp\/v2\/types\/post"}],"author":[{"embeddable":true,"href":"https:\/\/as-surques-escoeuilles.fr\/index.php\/wp-json\/wp\/v2\/users\/1"}],"replies":[{"embeddable":true,"href":"https:\/\/as-surques-escoeuilles.fr\/index.php\/wp-json\/wp\/v2\/comments?post=4140"}],"version-history":[{"count":0,"href":"https:\/\/as-surques-escoeuilles.fr\/index.php\/wp-json\/wp\/v2\/posts\/4140\/revisions"}],"wp:featuredmedia":[{"embeddable":true,"href":"https:\/\/as-surques-escoeuilles.fr\/index.php\/wp-json\/wp\/v2\/media\/1172"}],"wp:attachment":[{"href":"https:\/\/as-surques-escoeuilles.fr\/index.php\/wp-json\/wp\/v2\/media?parent=4140"}],"wp:term":[{"taxonomy":"category","embeddable":true,"href":"https:\/\/as-surques-escoeuilles.fr\/index.php\/wp-json\/wp\/v2\/categories?post=4140"},{"taxonomy":"post_tag","embeddable":true,"href":"https:\/\/as-surques-escoeuilles.fr\/index.php\/wp-json\/wp\/v2\/tags?post=4140"}],"curies":[{"name":"wp","href":"https:\/\/api.w.org\/{rel}","templated":true}]}}