{"id":4310,"date":"2020-05-14T14:10:29","date_gmt":"2020-05-14T12:10:29","guid":{"rendered":"https:\/\/as-surques-escoeuilles.fr\/?p=4310"},"modified":"2020-05-26T14:12:40","modified_gmt":"2020-05-26T12:12:40","slug":"recherche-dentraineurs","status":"publish","type":"post","link":"https:\/\/as-surques-escoeuilles.fr\/index.php\/2020\/05\/14\/recherche-dentraineurs\/","title":{"rendered":"Recherche d&rsquo;entra\u00eeneurs \/ \u00e9ducateurs"},"content":{"rendered":"\n<p>Poursuivant son d\u00e9veloppement et dans l&rsquo;optique de la saison prochaine, le club est \u00e0 la recherche de personnes souhaitant encadrer des \u00e9quipes, que ce soit chez les jeunes ou les s\u00e9niors. Le club recherche notamment un entra\u00eeneur pour l&rsquo;\u00e9quipe r\u00e9serve qui devrait \u00e9voluer en D4. <\/p>\n","protected":false},"excerpt":{"rendered":"<p>Poursuivant son d\u00e9veloppement et dans l&rsquo;optique de la saison prochaine, le club est \u00e0 la recherche de personnes souhaitant encadrer<\/p>\n","protected":false},"author":1,"featured_media":4311,"comment_status":"open","ping_status":"open","sticky":false,"template":"","format":"standard","meta":{"ngg_post_thumbnail":0,"jetpack_post_was_ever_published":false,"jetpack_publicize_message":"","jetpack_is_tweetstorm":false,"jetpack_publicize_feature_enabled":true,"jetpack_social_post_already_shared":true,"jetpack_social_options":{"image_generator_settings":{"template":"highway","enabled":false}}},"categories":[23],"tags":[],"jetpack_publicize_connections":[],"jetpack_featured_media_url":"https:\/\/i0.wp.com\/as-surques-escoeuilles.fr\/wp-content\/uploads\/2020\/05\/e677c7ec3daf84d6e36614e854800728.gif?fit=1140%2C500&ssl=1","jetpack_sharing_enabled":true,"jetpack_shortlink":"https:\/\/wp.me\/p8dhOI-17w","jetpack-related-posts":[{"id":1394,"url":"https:\/\/as-surques-escoeuilles.fr\/index.php\/2018\/05\/22\/recherche-entraineurs-seniors\/","url_meta":{"origin":4310,"position":0},"title":"Recherche entra\u00eeneurs s\u00e9niors","date":"22 mai 2018","format":false,"excerpt":"L'AS SURQUES ESCOEUILLES recherche des entra\u00eeneurs s\u00e9niors pour encadrer les \u00e9quipes en D4 et D6. Le club poss\u00e9dait \u00e9galement une \u00e9quipe U18 cette ann\u00e9e qui int\u00e8gre donc les s\u00e9niors l'an prochain. Renseignements aupr\u00e8s de Beno\u00eet FORTIN au 06-26-77-42-20 ou secretariat@as-surques-escoeuilles.fr \u00a0","rel":"","context":"Dans &quot;Communication club&quot;","img":{"alt_text":"","src":"https:\/\/i0.wp.com\/as-surques-escoeuilles.fr\/wp-content\/uploads\/2018\/05\/recherche_entraineur.png?fit=1042%2C487&ssl=1&resize=350%2C200","width":350,"height":200},"classes":[]},{"id":5063,"url":"https:\/\/as-surques-escoeuilles.fr\/index.php\/2021\/04\/28\/recherche-darbitres\/","url_meta":{"origin":4310,"position":1},"title":"Recherche d&rsquo;arbitres","date":"28 avril 2021","format":false,"excerpt":"Le club souhaite envoyer des licenci\u00e9(e)s en formation d'arbitre pour les personnes qui seraient int\u00e9ress\u00e9s par ce r\u00f4le. Une formation a lieu du 13 au 15 mai \u00e0 Marquise. Le club prend en charge l'int\u00e9gralit\u00e9 du co\u00fbt de formation ainsi que des \u00e9quipements sportifs.","rel":"","context":"Dans &quot;Communication club&quot;","img":{"alt_text":"","src":"https:\/\/i0.wp.com\/as-surques-escoeuilles.fr\/wp-content\/uploads\/2021\/04\/IMG_20210428_194000.jpg?fit=525%2C744&ssl=1&resize=350%2C200","width":350,"height":200},"classes":[]},{"id":1120,"url":"https:\/\/as-surques-escoeuilles.fr\/index.php\/2018\/04\/09\/soiree-pizzstation\/","url_meta":{"origin":4310,"position":2},"title":"Soir\u00e9e Pizz&rsquo;station","date":"9 avril 2018","format":false,"excerpt":"Le club organise sa premi\u00e8re soir\u00e9e FIFA avec un tournoi \u00e0 destination de ses licenci\u00e9s le vendredi 27 avril \u00e0 partir de 20h \u00e0 la salle de Rebergues. Renseignements et coupon-r\u00e9ponse \u00e0 rendre \u00e0 votre \u00e9ducateur avant le 22 avril. Le club recherche les personnes licenci\u00e9es pouvant lui pr\u00eater consoles\u2026","rel":"","context":"Dans &quot;Non class\u00e9&quot;","img":{"alt_text":"","src":"https:\/\/i0.wp.com\/as-surques-escoeuilles.fr\/wp-content\/uploads\/2018\/04\/30u5myc.jpg?fit=980%2C375&ssl=1&resize=350%2C200","width":350,"height":200},"classes":[]},{"id":428,"url":"https:\/\/as-surques-escoeuilles.fr\/index.php\/2017\/06\/03\/saison-20172018\/","url_meta":{"origin":4310,"position":3},"title":"Saison 2017\/2018","date":"3 juin 2017","format":false,"excerpt":"Afin de renforcer son \u00e9quipe d'encadrement sportif, l'ASSE recherche plusieurs \u00e9ducateurs (toutes cat\u00e9gories). Convivialit\u00e9, respect, comp\u00e9tition,\u00a0 n'h\u00e9sitez pas \u00e0 rejoindre un club dynamique dans lequel toutes les cat\u00e9gories sont repr\u00e9sent\u00e9es. Renseignements aupr\u00e8s de M. Havart au 06.15.18.67.92 ou par mail \u00e0\u00a0 secretariat@as-surques-escoeuilles.fr\u00a0","rel":"","context":"Dans &quot;Non class\u00e9&quot;","img":{"alt_text":"","src":"","width":0,"height":0},"classes":[]},{"id":830,"url":"https:\/\/as-surques-escoeuilles.fr\/index.php\/2017\/12\/30\/benevolat\/","url_meta":{"origin":4310,"position":4},"title":"B\u00e9n\u00e9volat","date":"30 d\u00e9cembre 2017","format":false,"excerpt":"Cette ann\u00e9e, l'ASSE compte 160 licenci\u00e9s. Ce nombre important est la preuve de la qualit\u00e9 d'encadrement et de plaisir pris par les joueuses et joueurs au sein de notre club. Cependant, ces licenci\u00e9s sont d\u00e9pendants des quelques personnes b\u00e9n\u00e9voles qui oeuvrent dans l'ombre au quotidien. Comme annonc\u00e9 par notre pr\u00e9sident\u2026","rel":"","context":"Dans &quot;Non class\u00e9&quot;","img":{"alt_text":"","src":"https:\/\/i0.wp.com\/as-surques-escoeuilles.fr\/wp-content\/uploads\/2017\/12\/Sans-titre.gif?fit=756%2C291&ssl=1&resize=350%2C200","width":350,"height":200},"classes":[]},{"id":463,"url":"https:\/\/as-surques-escoeuilles.fr\/index.php\/2017\/06\/25\/assemblee-generale\/","url_meta":{"origin":4310,"position":5},"title":"Assembl\u00e9e g\u00e9n\u00e9rale","date":"25 juin 2017","format":false,"excerpt":"Cette assembl\u00e9e g\u00e9n\u00e9rale voit d'abord le pr\u00e9sident remercier l'ensemble des personnes ayant oeuvr\u00e9 au bon fonctionnement de notre association durant cette saison : les sponsors, les mairies, les \u00e9ducateurs, les parents et les diff\u00e9rents b\u00e9n\u00e9voles pour l'aide \u00e0 l'am\u00e9nagement ou \u00e0 la communication du club. Notre tr\u00e9sorier dresse ensuite le\u2026","rel":"","context":"Dans &quot;Non class\u00e9&quot;","img":{"alt_text":"","src":"https:\/\/i0.wp.com\/as-surques-escoeuilles.fr\/wp-content\/uploads\/2017\/06\/AG.jpg?fit=795%2C327&ssl=1&resize=350%2C200","width":350,"height":200},"classes":[]}],"_links":{"self":[{"href":"https:\/\/as-surques-escoeuilles.fr\/index.php\/wp-json\/wp\/v2\/posts\/4310"}],"collection":[{"href":"https:\/\/as-surques-escoeuilles.fr\/index.php\/wp-json\/wp\/v2\/posts"}],"about":[{"href":"https:\/\/as-surques-escoeuilles.fr\/index.php\/wp-json\/wp\/v2\/types\/post"}],"author":[{"embeddable":true,"href":"https:\/\/as-surques-escoeuilles.fr\/index.php\/wp-json\/wp\/v2\/users\/1"}],"replies":[{"embeddable":true,"href":"https:\/\/as-surques-escoeuilles.fr\/index.php\/wp-json\/wp\/v2\/comments?post=4310"}],"version-history":[{"count":2,"href":"https:\/\/as-surques-escoeuilles.fr\/index.php\/wp-json\/wp\/v2\/posts\/4310\/revisions"}],"predecessor-version":[{"id":4313,"href":"https:\/\/as-surques-escoeuilles.fr\/index.php\/wp-json\/wp\/v2\/posts\/4310\/revisions\/4313"}],"wp:featuredmedia":[{"embeddable":true,"href":"https:\/\/as-surques-escoeuilles.fr\/index.php\/wp-json\/wp\/v2\/media\/4311"}],"wp:attachment":[{"href":"https:\/\/as-surques-escoeuilles.fr\/index.php\/wp-json\/wp\/v2\/media?parent=4310"}],"wp:term":[{"taxonomy":"category","embeddable":true,"href":"https:\/\/as-surques-escoeuilles.fr\/index.php\/wp-json\/wp\/v2\/categories?post=4310"},{"taxonomy":"post_tag","embeddable":true,"href":"https:\/\/as-surques-escoeuilles.fr\/index.php\/wp-json\/wp\/v2\/tags?post=4310"}],"curies":[{"name":"wp","href":"https:\/\/api.w.org\/{rel}","templated":true}]}}