{"id":4320,"date":"2020-05-17T19:56:27","date_gmt":"2020-05-17T17:56:27","guid":{"rendered":"https:\/\/as-surques-escoeuilles.fr\/?p=4320"},"modified":"2020-06-11T17:30:15","modified_gmt":"2020-06-11T15:30:15","slug":"communique-2020-2021-3-montees-historiques-et-un-staff-seniors-ajuste","status":"publish","type":"post","link":"https:\/\/as-surques-escoeuilles.fr\/index.php\/2020\/05\/17\/communique-2020-2021-3-montees-historiques-et-un-staff-seniors-ajuste\/","title":{"rendered":"Communiqu\u00e9 2020-2021 : 3 mont\u00e9es historiques et un staff s\u00e9niors ajust\u00e9"},"content":{"rendered":"\n<figure class=\"wp-block-image size-large\"><img data-attachment-id=\"4330\" data-permalink=\"https:\/\/as-surques-escoeuilles.fr\/20200517_185028-2\/\" data-orig-file=\"https:\/\/i0.wp.com\/as-surques-escoeuilles.fr\/wp-content\/uploads\/2020\/05\/20200517_185028-1-scaled.jpg?fit=2560%2C1180&amp;ssl=1\" data-orig-size=\"2560,1180\" data-comments-opened=\"1\" data-image-meta=\"{&quot;aperture&quot;:&quot;2.2&quot;,&quot;credit&quot;:&quot;&quot;,&quot;camera&quot;:&quot;SM-A505FN&quot;,&quot;caption&quot;:&quot;&quot;,&quot;created_timestamp&quot;:&quot;1589741428&quot;,&quot;copyright&quot;:&quot;&quot;,&quot;focal_length&quot;:&quot;1.42&quot;,&quot;iso&quot;:&quot;40&quot;,&quot;shutter_speed&quot;:&quot;0.00098231827111984&quot;,&quot;title&quot;:&quot;&quot;,&quot;orientation&quot;:&quot;1&quot;}\" data-image-title=\"20200517_185028.jpg\" data-image-description=\"\" data-image-caption=\"\" data-medium-file=\"https:\/\/i0.wp.com\/as-surques-escoeuilles.fr\/wp-content\/uploads\/2020\/05\/20200517_185028-1-scaled.jpg?fit=300%2C138&amp;ssl=1\" data-large-file=\"https:\/\/i0.wp.com\/as-surques-escoeuilles.fr\/wp-content\/uploads\/2020\/05\/20200517_185028-1-scaled.jpg?fit=800%2C369&amp;ssl=1\" fetchpriority=\"high\" width=\"800\" height=\"369\" src=\"https:\/\/i0.wp.com\/as-surques-escoeuilles.fr\/wp-content\/uploads\/2020\/05\/20200517_185028-1.jpg?resize=800%2C369&#038;ssl=1\" alt=\"\" class=\"wp-image-4330\" srcset=\"https:\/\/i0.wp.com\/as-surques-escoeuilles.fr\/wp-content\/uploads\/2020\/05\/20200517_185028-1-scaled.jpg?resize=1024%2C472&amp;ssl=1 1024w, https:\/\/i0.wp.com\/as-surques-escoeuilles.fr\/wp-content\/uploads\/2020\/05\/20200517_185028-1-scaled.jpg?resize=300%2C138&amp;ssl=1 300w, https:\/\/i0.wp.com\/as-surques-escoeuilles.fr\/wp-content\/uploads\/2020\/05\/20200517_185028-1-scaled.jpg?resize=768%2C354&amp;ssl=1 768w, https:\/\/i0.wp.com\/as-surques-escoeuilles.fr\/wp-content\/uploads\/2020\/05\/20200517_185028-1-scaled.jpg?resize=1536%2C708&amp;ssl=1 1536w, https:\/\/i0.wp.com\/as-surques-escoeuilles.fr\/wp-content\/uploads\/2020\/05\/20200517_185028-1-scaled.jpg?resize=2048%2C944&amp;ssl=1 2048w, https:\/\/i0.wp.com\/as-surques-escoeuilles.fr\/wp-content\/uploads\/2020\/05\/20200517_185028-1-scaled.jpg?resize=600%2C276&amp;ssl=1 600w, https:\/\/i0.wp.com\/as-surques-escoeuilles.fr\/wp-content\/uploads\/2020\/05\/20200517_185028-1-scaled.jpg?w=1600&amp;ssl=1 1600w, https:\/\/i0.wp.com\/as-surques-escoeuilles.fr\/wp-content\/uploads\/2020\/05\/20200517_185028-1-scaled.jpg?w=2400&amp;ssl=1 2400w\" sizes=\"(max-width: 800px) 100vw, 800px\" data-recalc-dims=\"1\" \/><\/figure>\n\n\n\n<p>C&rsquo;est officiel depuis cette semaine : le groupe s\u00e9niors r\u00e9alise un tripl\u00e9 historique avec trois mont\u00e9es ! Les deux premi\u00e8res \u00e9quipes venaient juste d&rsquo;acc\u00e9der \u00e0 la  D3 et D5, avec un objectif maintien pr\u00e9sent\u00e9 aux joueurs l&rsquo;\u00e9t\u00e9 dernier. Ils ont fait bien mieux que \u00e7a en d\u00e9marrant leur championnat tambour battant et d\u00e9couvriront donc la D2, la D4 et la D6. Ce sera donc une saison historique pour le club qui n&rsquo;a jamais atteint ce niveau -l&rsquo;ancienne 1\u00e8re division de district !<\/p>\n\n\n\n<p>C&rsquo;est donc dans l&rsquo;effervescence que le conseil d&rsquo;administration a travaill\u00e9 ces derni\u00e8res semaines pour d\u00e9finir le plus t\u00f4t possible l&rsquo;organigramme sportif de la cat\u00e9gorie, les dirigeants en place depuis plusieurs saisons se posant l\u00e9gitimement des questions sur la fatigue accumul\u00e9e de leur travail.<\/p>\n\n\n\n<p>Que les joueurs et supporters se rassurent, le pr\u00e9sident et son \u00e9quipe ont travaill\u00e9 vite et bien pour fixer le staff s\u00e9niors, \u00ab\u00a0remani\u00e9 dans la continuit\u00e9\u00a0\u00bb selon une formule bien connue. <\/p>\n\n\n\n<p>Les joueurs de l&rsquo;\u00e9quipe fanion attendaient le verdict, Beno\u00eet FORTIN entamera bien sa 6\u00e8me saison en tant que coach. Pour l&rsquo;\u00e9quipe r\u00e9serve en D4, Ren\u00e9 DELRUE, nomm\u00e9 au poste de pr\u00e9parateur physique, laisse le poste \u00e0 Thibaut LEROY-MIGNOT qui d\u00e9couvrira ce r\u00f4le. Pour la troisi\u00e8me \u00e9quipe, les fr\u00e8res Dany et Joan MERLIN restent en place. <br>Le staff sera \u00e9galement compos\u00e9 d&rsquo;Olivier DESOMBRE, en tant qu&rsquo;entra\u00eeneur des attaquants, d&rsquo;Antonin BEAUVIR et de Philippe HAVART, en tant qu&rsquo;entra\u00eeneurs et  responsables des gardiens.<\/p>\n\n\n\n<blockquote class=\"wp-block-quote\"><p><em>Je tiens \u00e0 f\u00e9liciter les coachs et tous les b\u00e9n\u00e9voles pour leur implication dans notre club. Nous voulions une saison pour d\u00e9couvrir et apprendre \u00e0 chaque niveau, mais comme on dit\u00a0\u00bb le travail finit toujours par payer \u00a0\u00bb et cette ann\u00e9e , le groupe et l&rsquo;ensemble du club a fait un super boulot. La r\u00e9compense est tomb\u00e9e apr\u00e8s une saison diff\u00e9rente des autres. Les 3 \u00e9quipes seniors ont le droit de d\u00e9couvrir le niveau sup\u00e9rieur. Mais \u00e0 travers ce r\u00e9sultat exceptionnel ,c&rsquo;est tout un club qui progresse. Des baby au seniors, c&rsquo;est un gros travail de tous les \u00e9ducateurs qui est \u00e0 saluer. Avant de continuer notre coach voulait \u00eatre tr\u00e8s bien entour\u00e9 pour d\u00e9buter cette nouvelle saison ,la premi\u00e8re pour l&rsquo;ASSE \u00e0 ce niveau. Ren\u00e9,coach de l&rsquo;\u00e9quipe b avait pr\u00e9venu qu&rsquo;il ne continuerait pas ,un appel a \u00e9t\u00e9 lanc\u00e9. Je remercie Thibault de prendre la rel\u00e8ve et les fr\u00e8re merlin pour la c. Merci aussi \u00e0 Olivier et Antonin pour leur implication au staff.<\/em><br><br><em>Sinc\u00e8rement, je suis tr\u00e8s heureux de l&rsquo;engagement pour notre club. Et encore un grand merci \u00e0 Benoit pour le travail exceptionnel qu&rsquo;il fait au club<\/em>.<br><br><em>Maintenant au boulot, en esp\u00e9rant que le virus nous laisse travailler.<\/em> <em>Bonne saison \u00e0 tous<\/em> !<\/p><cite>Philippe Havart, Pr\u00e9sident<\/cite><\/blockquote>\n\n\n\n<blockquote class=\"wp-block-quote\"><p><em>Je suis \u00e9videmment fier de d\u00e9couvrir la D2 \u00e0 l&rsquo;issue de cette saison bizarre. Les gar\u00e7ons ont d\u00e9but\u00e9 comme des fous pour truster cette premi\u00e8re place, je ne sais pas si on aurait r\u00e9ussi \u00e0 y rester, mais on aurait certainement jouer parmi le trio de t\u00eate. Maintenant ne boudons pas le plaisir, cela reste une mont\u00e9e historique. <\/em><br><em><br>J&rsquo;ai tr\u00e8s vite annonc\u00e9 \u00e0 mon pr\u00e9sident que je ne continuerai l&rsquo;aventure qu&rsquo;\u00e0 la seule condition d&rsquo;avoir un staff \u00e0 mes c\u00f4t\u00e9s, depuis que Ren\u00e9 (ndlr Delrue) m&rsquo;avait annonc\u00e9 son souhait de ne pas continuer apr\u00e8s la naissance de son enfant. Je ressens en effet le besoin d&rsquo;\u00eatre entour\u00e9 pour fournir un plan de travail de qualit\u00e9 aux joueurs. Cela s&rsquo;est vite d\u00e9cant\u00e9, et montre l&rsquo;investissement important de certaines personnes au club. Il n&rsquo;y avait donc aucune raison de ne pas rempiler une ann\u00e9e suppl\u00e9mentaire, m\u00eame si le travail de ces derni\u00e8res ann\u00e9es m&rsquo;a parfois fatigu\u00e9. Le club a fait beaucoup d&rsquo;efforts dans sa structuration, dans la formation, c&rsquo;est  un vrai plaisir d&rsquo;entra\u00eener ici et de collaborer avec les autres \u00e9ducateurs. Nos infrastructures restent limit\u00e9es en termes de capacit\u00e9s sportives d&rsquo;entra\u00eenement, mais les deux communes, ainsi que nos sponsors, font leur maximum pour continuer de faire grandir ce club si particulier. <\/em><br><br><em>Enfin, mon groupe de joueurs est de grande qualit\u00e9, m\u00eame si en D2 cela risque d&rsquo;\u00eatre une saison o\u00f9 chaque match sera une bataille pour tenter d&rsquo;exister dans cette division. Ce sont des joueurs et des hommes avant tout tr\u00e8s attachants qui vous suivraient n&rsquo;importe o\u00f9, mais qu&rsquo;ils s&rsquo;attendent \u00e0 un travail acharn\u00e9 d\u00e8s la reprise si possible fin juillet,c&rsquo;est un challenge excitant qui nous attend  tous ! <\/em><\/p><cite>Beno\u00eet Fortin, entra\u00eeneur \u00e9quipe 1<\/cite><\/blockquote>\n\n\n\n<blockquote class=\"wp-block-quote\"><p><em>A l&rsquo;ASSE on s&rsquo;y sent bien, l&rsquo;investissement en tant que joueur continue mais l&rsquo;entrainement de l&rsquo;\u00e9quipe r\u00e9serve est une nouvelle \u00e9tape dans mon parcours sportif. C&rsquo;est avec beaucoup d&rsquo;envie et la connaissance d&rsquo;un groupe plaisant \u00e0 vivre, investi sur et hors du terrain, que j&rsquo;ai propos\u00e9 \u00e0 Benoit de l&rsquo;\u00e9paul\u00e9 pour cette saison. H\u00e2te de tous vous retrouver pour la pr\u00e9paration physique ! <\/em><\/p><cite>Thibaut Leroy-Mignot, entra\u00eeneur \u00e9quipe 2<\/cite><\/blockquote>\n","protected":false},"excerpt":{"rendered":"<p>C&rsquo;est officiel depuis cette semaine : le groupe s\u00e9niors r\u00e9alise un tripl\u00e9 historique avec trois mont\u00e9es ! Les deux premi\u00e8res<\/p>\n","protected":false},"author":1,"featured_media":4330,"comment_status":"open","ping_status":"open","sticky":false,"template":"","format":"standard","meta":{"ngg_post_thumbnail":0,"jetpack_post_was_ever_published":false,"jetpack_publicize_message":"","jetpack_is_tweetstorm":false,"jetpack_publicize_feature_enabled":true,"jetpack_social_post_already_shared":true,"jetpack_social_options":{"image_generator_settings":{"template":"highway","enabled":false}}},"categories":[23,90,14],"tags":[],"jetpack_publicize_connections":[],"jetpack_featured_media_url":"https:\/\/i0.wp.com\/as-surques-escoeuilles.fr\/wp-content\/uploads\/2020\/05\/20200517_185028-1-scaled.jpg?fit=2560%2C1180&ssl=1","jetpack_sharing_enabled":true,"jetpack_shortlink":"https:\/\/wp.me\/p8dhOI-17G","jetpack-related-posts":[{"id":4374,"url":"https:\/\/as-surques-escoeuilles.fr\/index.php\/2020\/06\/11\/lasse-lance-son-mercato\/","url_meta":{"origin":4320,"position":0},"title":"L&rsquo;ASSE lance son mercato","date":"11 juin 2020","format":false,"excerpt":"Avec la perspective d'une saison historique en D2 \u00e0 venir, les couloirs du stade fr\u00e9missent d'excitation avec un travail de l'ombre des coaches pour renforcer le groupe s\u00e9niors dans ce nouveau challenge. C'est ainsi que deux arriv\u00e9es de qualit\u00e9 sont deja act\u00e9es : - Beno\u00eet ROUGEMONT, ayant \u00e9volu\u00e9 en r\u00e9gionale\u2026","rel":"","context":"Dans &quot;Communication club&quot;","img":{"alt_text":"","src":"https:\/\/i0.wp.com\/as-surques-escoeuilles.fr\/wp-content\/uploads\/2020\/06\/Resized_20200610_192121.jpeg?fit=720%2C960&ssl=1&resize=350%2C200","width":350,"height":200},"classes":[]},{"id":5773,"url":"https:\/\/as-surques-escoeuilles.fr\/index.php\/2022\/07\/31\/seniors-hommes-cest-la-rentree\/","url_meta":{"origin":4320,"position":1},"title":"Seniors Hommes : c&rsquo;est la rentr\u00e9e !","date":"31 juillet 2022","format":false,"excerpt":"Les seniors hommes ont comme \u00e0 l'accoutum\u00e9e ouvert le bal des reprises. Nouveau cycle dans ce groupe puisque c'est d\u00e9sormais Pierre Tellier qui est aux commandes de l'\u00e9quipe fanion. Pour les joueurs souhaitant int\u00e9grer ou effectuer des essais pour int\u00e9grer nos 3 \u00e9quipes en D2 D5 et D7, les prochaines\u2026","rel":"","context":"Dans &quot;Communication club&quot;","img":{"alt_text":"","src":"https:\/\/i0.wp.com\/as-surques-escoeuilles.fr\/wp-content\/uploads\/2022\/07\/IMG_20220731_185143.jpg?fit=902%2C720&ssl=1&resize=350%2C200","width":350,"height":200},"classes":[]},{"id":1620,"url":"https:\/\/as-surques-escoeuilles.fr\/index.php\/2018\/08\/05\/seance-cohesion-seniors\/","url_meta":{"origin":4320,"position":2},"title":"S\u00e9ance coh\u00e9sion s\u00e9niors","date":"5 ao\u00fbt 2018","format":false,"excerpt":"Apr\u00e8s une premi\u00e8re semaine de pr\u00e9paration physique , les joueurs orange et noir ont profit\u00e9 de ce dimanche matin pour se retrouver lors d'une balade -non moins sportive- en VTT afin d'\u00e9liminer toxines et de renforcer l'esprit de solidarit\u00e9. Bravo \u00e0 la dizaine de joueurs pr\u00e9sents pour ces 30 longs\u2026","rel":"","context":"Dans &quot;S\u00e9niors&quot;","img":{"alt_text":"","src":"https:\/\/i0.wp.com\/as-surques-escoeuilles.fr\/wp-content\/uploads\/2018\/08\/coh\u00e9sion_s\u00e9niors.jpg?fit=648%2C648&ssl=1&resize=350%2C200","width":350,"height":200},"classes":[]},{"id":4124,"url":"https:\/\/as-surques-escoeuilles.fr\/index.php\/2020\/03\/11\/formation-des-benevoles\/","url_meta":{"origin":4320,"position":3},"title":"Formation des b\u00e9n\u00e9voles","date":"11 mars 2020","format":false,"excerpt":"[ Projet Sportif] : depuis deux ans, le club a fait de la formation des \u00e9ducateurs l'un de ses axes de d\u00e9veloppement fort, par un financement total des formations\ud83d\udcb8. Des U6 aux seniors, en passant par les f\u00e9minines et la gestion club, environ 20 \u00e9ducateurs ont suivi ces modules. Ce\u2026","rel":"","context":"Dans &quot;Formation&quot;","img":{"alt_text":"","src":"https:\/\/i0.wp.com\/as-surques-escoeuilles.fr\/wp-content\/uploads\/2019\/09\/info_formation.png?fit=681%2C382&ssl=1&resize=350%2C200","width":350,"height":200},"classes":[]},{"id":2719,"url":"https:\/\/as-surques-escoeuilles.fr\/index.php\/2019\/07\/02\/vacances-et-reprise\/","url_meta":{"origin":4320,"position":4},"title":"Vacances&#8230;et reprise !","date":"2 juillet 2019","format":false,"excerpt":"Les coaches s\u00e9niors souhaitent de bonnes vacances apr\u00e8s cette belle saison concr\u00e9tis\u00e9e par deux mont\u00e9es ! Du repos et de la d\u00e9compression avant d'attaquer les beaux challenges sportifs de 2019\/2020. La reprise est fix\u00e9e au 31 juillet. N'oubliez pas le programme de pr\u00e9-saison \u00e0 suivre entre deux barbecues \u00e9galement joint\u2026","rel":"","context":"Dans &quot;Communication club&quot;","img":{"alt_text":"","src":"","width":0,"height":0},"classes":[]},{"id":4564,"url":"https:\/\/as-surques-escoeuilles.fr\/index.php\/2020\/07\/31\/les-poules-sont-tombees\/","url_meta":{"origin":4320,"position":5},"title":"Les poules sont tomb\u00e9es !","date":"31 juillet 2020","format":false,"excerpt":"Les poules de cette nouvelle saison sont tomb\u00e9es. Avec 3 mont\u00e9es pour les S\u00e9niors masculins, il fallait s'attendre \u00e0 du costaud et c'est effectivement le cas, notamment pour notre \u00e9quipe fanion qui ira d\u00e9fier les r\u00e9serves d'Enquin, du Pays de St Omer et de Lumbres.Les r\u00e9servistes auront \u00e9galement du pain\u2026","rel":"","context":"Dans &quot;Non class\u00e9&quot;","img":{"alt_text":"","src":"https:\/\/i0.wp.com\/as-surques-escoeuilles.fr\/wp-content\/uploads\/2020\/07\/screenshot_20200731_1251043981980331861670604.jpg?resize=350%2C200&ssl=1","width":350,"height":200},"classes":[]}],"_links":{"self":[{"href":"https:\/\/as-surques-escoeuilles.fr\/index.php\/wp-json\/wp\/v2\/posts\/4320"}],"collection":[{"href":"https:\/\/as-surques-escoeuilles.fr\/index.php\/wp-json\/wp\/v2\/posts"}],"about":[{"href":"https:\/\/as-surques-escoeuilles.fr\/index.php\/wp-json\/wp\/v2\/types\/post"}],"author":[{"embeddable":true,"href":"https:\/\/as-surques-escoeuilles.fr\/index.php\/wp-json\/wp\/v2\/users\/1"}],"replies":[{"embeddable":true,"href":"https:\/\/as-surques-escoeuilles.fr\/index.php\/wp-json\/wp\/v2\/comments?post=4320"}],"version-history":[{"count":10,"href":"https:\/\/as-surques-escoeuilles.fr\/index.php\/wp-json\/wp\/v2\/posts\/4320\/revisions"}],"predecessor-version":[{"id":4333,"href":"https:\/\/as-surques-escoeuilles.fr\/index.php\/wp-json\/wp\/v2\/posts\/4320\/revisions\/4333"}],"wp:featuredmedia":[{"embeddable":true,"href":"https:\/\/as-surques-escoeuilles.fr\/index.php\/wp-json\/wp\/v2\/media\/4330"}],"wp:attachment":[{"href":"https:\/\/as-surques-escoeuilles.fr\/index.php\/wp-json\/wp\/v2\/media?parent=4320"}],"wp:term":[{"taxonomy":"category","embeddable":true,"href":"https:\/\/as-surques-escoeuilles.fr\/index.php\/wp-json\/wp\/v2\/categories?post=4320"},{"taxonomy":"post_tag","embeddable":true,"href":"https:\/\/as-surques-escoeuilles.fr\/index.php\/wp-json\/wp\/v2\/tags?post=4320"}],"curies":[{"name":"wp","href":"https:\/\/api.w.org\/{rel}","templated":true}]}}