{"id":4345,"date":"2020-05-26T14:09:12","date_gmt":"2020-05-26T12:09:12","guid":{"rendered":"https:\/\/as-surques-escoeuilles.fr\/?p=4345"},"modified":"2020-06-05T07:02:47","modified_gmt":"2020-06-05T05:02:47","slug":"licences-2020-2021","status":"publish","type":"post","link":"https:\/\/as-surques-escoeuilles.fr\/index.php\/2020\/05\/26\/licences-2020-2021\/","title":{"rendered":"Licences 2020\/2021"},"content":{"rendered":"\n<p>Les renouvellements de licence vous ont \u00e9t\u00e9 envoy\u00e9s ce vendredi 5 juin matin.  Vous trouverez les d\u00e9tails de la proc\u00e9dure sur la page <a rel=\"noreferrer noopener\" href=\"https:\/\/as-surques-escoeuilles.fr\/index.php\/vie-du-club\/demander-une-licence\/\" target=\"_blank\">https:\/\/as-surques-escoeuilles.fr\/index.php\/vie-du-club\/demander-une-licence\/<\/a> En cas de non-r\u00e9ception du mail, v\u00e9rifiez votre boite SPAM, ou contacter votre secr\u00e9taire Beno\u00eet en cas de changement d&rsquo;adresse mail ou de mail non fourni \u00e0 l&rsquo;inscription. <\/p>\n\n\n\n<p>Les tarifs sont disponibles dans l&rsquo;onglet tarifs licence et ont \u00e9t\u00e9 ajust\u00e9s. Pour les nouveaux licenci\u00e9s, le d\u00e9tail est \u00e9galement disponible \u00e0 l&rsquo;adresse ci-dessus.<\/p>\n","protected":false},"excerpt":{"rendered":"<p>Les renouvellements de licence vous ont \u00e9t\u00e9 envoy\u00e9s ce vendredi 5 juin matin. Vous trouverez les d\u00e9tails de la proc\u00e9dure<\/p>\n","protected":false},"author":1,"featured_media":4346,"comment_status":"open","ping_status":"open","sticky":false,"template":"","format":"standard","meta":{"ngg_post_thumbnail":0,"jetpack_post_was_ever_published":false,"jetpack_publicize_message":"","jetpack_is_tweetstorm":false,"jetpack_publicize_feature_enabled":true,"jetpack_social_post_already_shared":true,"jetpack_social_options":{"image_generator_settings":{"template":"highway","enabled":false}}},"categories":[23],"tags":[],"jetpack_publicize_connections":[],"jetpack_featured_media_url":"https:\/\/i0.wp.com\/as-surques-escoeuilles.fr\/wp-content\/uploads\/2020\/05\/licences-611x378-453x280-1.png?fit=453%2C280&ssl=1","jetpack_sharing_enabled":true,"jetpack_shortlink":"https:\/\/wp.me\/p8dhOI-185","jetpack-related-posts":[{"id":1448,"url":"https:\/\/as-surques-escoeuilles.fr\/index.php\/2018\/06\/05\/communique-licences\/","url_meta":{"origin":4345,"position":0},"title":"Communiqu\u00e9 Licences","date":"5 juin 2018","format":false,"excerpt":"Les renouvellements de licence pour la saison 2018\/2019 se font exclusivement en ligne. Surveillez votre boite mail car les mails d'activation pour parviendront dans les jours qui viennent. Retrouvez le d\u00e9tail et les tarifs des licences sur les pages correspondantes : Renouveler sa licence et Tarifs 2018\/2019 Une permanence d'aide\u2026","rel":"","context":"Dans &quot;Non class\u00e9&quot;","img":{"alt_text":"","src":"https:\/\/i0.wp.com\/as-surques-escoeuilles.fr\/wp-content\/uploads\/2018\/06\/D\u00e9mat-renouvel-1-611x378-537x332.jpg?fit=537%2C332&ssl=1&resize=350%2C200","width":350,"height":200},"classes":[]},{"id":1512,"url":"https:\/\/as-surques-escoeuilles.fr\/index.php\/2018\/08\/27\/ouverture-dune-section-feminine-adulte\/","url_meta":{"origin":4345,"position":1},"title":"Ouverture d&rsquo;une section f\u00e9minine adulte","date":"27 ao\u00fbt 2018","format":false,"excerpt":"C'est l'une des annonces phare de l'assembl\u00e9e g\u00e9n\u00e9rale 2018 : l'ASSE ouvre en 2018-2019 une section f\u00e9minine adulte \u00e0 destination de toute joueuse quel que soit le niveau de pratique !! Venez nous rejoindre pour d\u00e9couvrir ou vous perfectionner ! Encadrement de la section par Marie -Laure vraisemblablement le jeudi\u2026","rel":"","context":"Dans &quot;Communication club&quot;","img":{"alt_text":"","src":"https:\/\/i0.wp.com\/as-surques-escoeuilles.fr\/wp-content\/uploads\/2018\/06\/recrutement_feminin.png?fit=794%2C559&ssl=1&resize=350%2C200","width":350,"height":200},"classes":[]},{"id":2664,"url":"https:\/\/as-surques-escoeuilles.fr\/index.php\/2019\/06\/08\/les-orange-avec-les-bleues\/","url_meta":{"origin":4345,"position":2},"title":"Les Orange avec les Bleues !","date":"8 juin 2019","format":false,"excerpt":"L'\u00e9v\u00e9nement en France de ce vendredi 7 juin \u00e9tait l'ouverture de la coupe du monde f\u00e9minine. Le conseil d'administration de l'ASSE a pr\u00e9par\u00e9 tout l'hiver cet \u00e9v\u00e9nement en proposant d'\u00eatre au coeur de cet \u00e9v\u00e9nement pour 63 licenci\u00e9s, dont nombre de ses repr\u00e9sentantes dans la cat\u00e9gorie U13F et S\u00e9niors F.\u2026","rel":"","context":"Dans &quot;Communication club&quot;","img":{"alt_text":"","src":"https:\/\/i0.wp.com\/as-surques-escoeuilles.fr\/wp-content\/uploads\/2019\/06\/IMG_20190607_142200.jpg?fit=1024%2C768&ssl=1&resize=350%2C200","width":350,"height":200},"classes":[]},{"id":5468,"url":"https:\/\/as-surques-escoeuilles.fr\/index.php\/2021\/12\/10\/arbre-et-collecte-de-noel\/","url_meta":{"origin":4345,"position":3},"title":"Arbre et collecte de No\u00ebl","date":"10 d\u00e9cembre 2021","format":false,"excerpt":"Bonjour \u00e0 toutes et tous, en raison du contexte sanitaire, l'arbre de No\u00ebl voit son d\u00e9roulement se modifier. Il aura toujours lieu le mercredi 15 d\u00e9cembre mais au stade. Nous vous invitons \u00e0 venir retirer les cadeaux des enfants U5 \u00e0 U13 de 14h \u00e0 18h. Afin d'\u00e9viter un afflux\u2026","rel":"","context":"Dans &quot;Non class\u00e9&quot;","img":{"alt_text":"","src":"https:\/\/i0.wp.com\/as-surques-escoeuilles.fr\/wp-content\/uploads\/2018\/04\/Capture-1.png?fit=782%2C316&ssl=1&resize=350%2C200","width":350,"height":200},"classes":[]},{"id":374,"url":"https:\/\/as-surques-escoeuilles.fr\/index.php\/2017\/04\/07\/academie-foot-asse-a-dakar\/","url_meta":{"origin":4345,"position":4},"title":"Acad\u00e9mie foot ASSE  \u00e0 Dakar","date":"7 avril 2017","format":false,"excerpt":"A la derni\u00e8re tr\u00eave estivale, les b\u00e9n\u00e9voles de l'ASSE ont tri\u00e9 les jeux de maillots qui ne sont plus utilis\u00e9s par notre club. Les maillots qui ont \u00e9t\u00e9 tri\u00e9s\u00a0 ont ainsi trouv\u00e9 une seconde vie \u00e0 l'acad\u00e9mie de foot de l'ASSE \u00e0 Dakar, pour les enfants du Dakar football club\u2026","rel":"","context":"Dans &quot;Non class\u00e9&quot;","img":{"alt_text":"","src":"https:\/\/i0.wp.com\/as-surques-escoeuilles.fr\/wp-content\/uploads\/2017\/04\/IMG_5565.jpg?fit=960%2C720&ssl=1&resize=350%2C200","width":350,"height":200},"classes":[]},{"id":773,"url":"https:\/\/as-surques-escoeuilles.fr\/index.php\/2017\/12\/21\/un-pere-noel-genereux\/","url_meta":{"origin":4345,"position":5},"title":"Un P\u00e8re No\u00ebl g\u00e9n\u00e9reux !","date":"21 d\u00e9cembre 2017","format":"image","excerpt":"Ce mercredi 20 d\u00e9cembre avait lieu l'arbre de No\u00ebl du club, \u00e0 la salle des f\u00eates de Bainghen. L'ensemble des licenci\u00e9s de mini-foot \u00e0 U13 a pu partager un dernier moment convivial en pr\u00e9sence des parents et des dirigeants du club. Cette ann\u00e9e, le P\u00e8re No\u00ebl a \u00e9t\u00e9 particuli\u00e8rement g\u00e9n\u00e9reux\u2026","rel":"","context":"Dans &quot;Non class\u00e9&quot;","img":{"alt_text":"","src":"https:\/\/i0.wp.com\/as-surques-escoeuilles.fr\/wp-content\/uploads\/2017\/12\/IMG_20171220_163423.jpg?fit=1200%2C900&ssl=1&resize=350%2C200","width":350,"height":200},"classes":[]}],"_links":{"self":[{"href":"https:\/\/as-surques-escoeuilles.fr\/index.php\/wp-json\/wp\/v2\/posts\/4345"}],"collection":[{"href":"https:\/\/as-surques-escoeuilles.fr\/index.php\/wp-json\/wp\/v2\/posts"}],"about":[{"href":"https:\/\/as-surques-escoeuilles.fr\/index.php\/wp-json\/wp\/v2\/types\/post"}],"author":[{"embeddable":true,"href":"https:\/\/as-surques-escoeuilles.fr\/index.php\/wp-json\/wp\/v2\/users\/1"}],"replies":[{"embeddable":true,"href":"https:\/\/as-surques-escoeuilles.fr\/index.php\/wp-json\/wp\/v2\/comments?post=4345"}],"version-history":[{"count":2,"href":"https:\/\/as-surques-escoeuilles.fr\/index.php\/wp-json\/wp\/v2\/posts\/4345\/revisions"}],"predecessor-version":[{"id":4361,"href":"https:\/\/as-surques-escoeuilles.fr\/index.php\/wp-json\/wp\/v2\/posts\/4345\/revisions\/4361"}],"wp:featuredmedia":[{"embeddable":true,"href":"https:\/\/as-surques-escoeuilles.fr\/index.php\/wp-json\/wp\/v2\/media\/4346"}],"wp:attachment":[{"href":"https:\/\/as-surques-escoeuilles.fr\/index.php\/wp-json\/wp\/v2\/media?parent=4345"}],"wp:term":[{"taxonomy":"category","embeddable":true,"href":"https:\/\/as-surques-escoeuilles.fr\/index.php\/wp-json\/wp\/v2\/categories?post=4345"},{"taxonomy":"post_tag","embeddable":true,"href":"https:\/\/as-surques-escoeuilles.fr\/index.php\/wp-json\/wp\/v2\/tags?post=4345"}],"curies":[{"name":"wp","href":"https:\/\/api.w.org\/{rel}","templated":true}]}}