{"id":4353,"date":"2020-06-04T09:44:51","date_gmt":"2020-06-04T07:44:51","guid":{"rendered":"https:\/\/as-surques-escoeuilles.fr\/?p=4353"},"modified":"2020-06-11T17:29:42","modified_gmt":"2020-06-11T15:29:42","slug":"assemblee-generale-3","status":"publish","type":"post","link":"https:\/\/as-surques-escoeuilles.fr\/index.php\/2020\/06\/04\/assemblee-generale-3\/","title":{"rendered":"Assembl\u00e9e g\u00e9n\u00e9rale"},"content":{"rendered":"\n<p class=\"has-drop-cap\">Suite \u00e0 une d\u00e9cision du conseil d&rsquo;administration r\u00e9uni le 03 juin 2020, nous avons cl\u00f4tur\u00e9 la saison sportive, la reprise sur le terrain \u00e9tant trop contraignante \u00e0 mettre en place surtout au niveau des enfants. Nous vous tiendrons inform\u00e9 le plus rapidement possible sur le d\u00e9part de la saison 2020. Les licences vous parviendront par contre d\u00e9j\u00e0 par mail en fin de semaine. Nous avons n\u00e9anmoins d\u00e9cid\u00e9 de maintenir l&rsquo;assembl\u00e9e g\u00e9n\u00e9rale le dernier vendredi de juin, afin d&rsquo;expliquer un certain nombre de points notamment budg\u00e9taires. Celle-ci aura lieu sous couvert des annonces gouvernementales qui auront lieu le 22 juin. Si ce n&rsquo;\u00e9tait pas possible, seuls le bureau, le conseil d&rsquo;administration et l&rsquo;\u00e9quipe \u00e9ducative se r\u00e9uniront pour voter les diff\u00e9rents points.<br><br>Nous sommes \u00e0 votre \u00e9coute concernant d&rsquo;\u00e9ventuels questions ou remarques que vous auriez. Nous souhaiterions \u00e9galement que des personnes int\u00e8grent l&rsquo;\u00e9quipe des dirigeants dans n&rsquo;importe quel r\u00f4le. Il est tout \u00e0 fait possible d&rsquo;envisager mettre en oeuvre vos comp\u00e9tences de photographes, vid\u00e9astes, de mettre en place une aide \u00e0 la pr\u00e9paration des go\u00fbters lors des matches, de l&rsquo;accompagnement d&rsquo;\u00e9quipes, voire m\u00eame int\u00e9grer une \u00e9quipe d&rsquo;\u00e9ducateurs dans n&rsquo;importe quelle cat\u00e9gorie. Comme cette ann\u00e9e, toutes les cat\u00e9gories seront ouvertes la saison prochaine, ce qui induit un fort besoin d&rsquo;\u00e9ducateurs, n&rsquo;h\u00e9sitez pas.<br><br>Les d\u00e9tails autour du budget ne sont pas affich\u00e9s publiquement pour le moment. Une fois l&rsquo;exercice clos, ils seront consultables via une page s\u00e9curis\u00e9e que nous vous transmettrons. La politique tarifaire a quelque peu \u00e9volu\u00e9 pour faire face aux diff\u00e9rentes d\u00e9penses :<br><\/p>\n\n\n\n<ul><li>enfants n\u00e9s apr\u00e8s le 01\/03\/2016 (babies) : (inchang\u00e9) 25\u20ac<\/li><li>enfants n\u00e9s entre&nbsp; 2008 et 2016 (U6 \u00e0 U13) : (augmentation de 5\u20ac) 30\u20ac<\/li><li>enfants n\u00e9s entre 2004 et 2007 (U14 \u00e0 U17) : 50 \u20ac (foot \u00e0 11 avec frais d&rsquo;arbitrage)<\/li><li>adultes n\u00e9s en 2003 ou avant : 65\u20ac<\/li><li>La r\u00e9duction de 5\u20ac par enfant de la m\u00eame fratrie est toujours appliqu\u00e9.<\/li><\/ul>\n\n\n\n<p>Nous esp\u00e9rons vous revoir tous tr\u00e8s vite sur et autour des terrains, en attendant continuez d&rsquo;\u00eatre prudents.<\/p>\n\n\n\n<p>Le pr\u00e9sident de l&rsquo;ASSE, P. Havart<\/p>\n\n\n\n<p class=\"has-drop-cap\"><\/p>\n","protected":false},"excerpt":{"rendered":"<p>Suite \u00e0 une d\u00e9cision du conseil d&rsquo;administration r\u00e9uni le 03 juin 2020, nous avons cl\u00f4tur\u00e9 la saison sportive, la reprise<\/p>\n","protected":false},"author":1,"featured_media":1172,"comment_status":"open","ping_status":"open","sticky":false,"template":"","format":"standard","meta":{"ngg_post_thumbnail":0,"jetpack_post_was_ever_published":false,"jetpack_publicize_message":"","jetpack_is_tweetstorm":false,"jetpack_publicize_feature_enabled":true,"jetpack_social_post_already_shared":true,"jetpack_social_options":{"image_generator_settings":{"template":"highway","enabled":false}}},"categories":[23],"tags":[],"jetpack_publicize_connections":[],"jetpack_featured_media_url":"https:\/\/i0.wp.com\/as-surques-escoeuilles.fr\/wp-content\/uploads\/2018\/04\/Capture-1.png?fit=782%2C316&ssl=1","jetpack_sharing_enabled":true,"jetpack_shortlink":"https:\/\/wp.me\/p8dhOI-18d","jetpack-related-posts":[{"id":1486,"url":"https:\/\/as-surques-escoeuilles.fr\/index.php\/2019\/06\/10\/assemblee-generale-2\/","url_meta":{"origin":4353,"position":0},"title":"Assembl\u00e9e g\u00e9n\u00e9rale","date":"10 juin 2019","format":false,"excerpt":"Nous vous rappelons que la pr\u00e9sence\u00a0des licenci\u00e9s ou de leurs membres repr\u00e9sentant pour les mineurs est indispensable pour la bonne connaissance du fonctionnement de notre association et les informations. Nous vous rappelons que cette assembl\u00e9e g\u00e9n\u00e9rale est l\u2019occasion de collecter les v\u0153ux des licenci\u00e9s ou de leurs repr\u00e9sentants concernant le\u2026","rel":"","context":"Dans &quot;Communication club&quot;","img":{"alt_text":"","src":"https:\/\/i0.wp.com\/as-surques-escoeuilles.fr\/wp-content\/uploads\/2018\/06\/Assemble\u0301e.jpg?fit=1200%2C342&ssl=1&resize=350%2C200","width":350,"height":200},"classes":[]},{"id":1562,"url":"https:\/\/as-surques-escoeuilles.fr\/index.php\/2018\/07\/05\/reglement-interieur\/","url_meta":{"origin":4353,"position":1},"title":"R\u00e8glement int\u00e9rieur","date":"5 juillet 2018","format":false,"excerpt":"Lors de son assembl\u00e9e g\u00e9n\u00e9rale du 29 juin 2018, les membres ont adopt\u00e9 le r\u00e8glement int\u00e9rieur propos\u00e9 par le conseil d'administration. Ce r\u00e8glement l\u00e8ve notamment les points : des frais de mutations \u00e0 engager des amendes pour avertissement en match prises en charge par le licenci\u00e9 de la cr\u00e9ation d'une\u2026","rel":"","context":"Dans &quot;Non class\u00e9&quot;","img":{"alt_text":"","src":"https:\/\/i0.wp.com\/as-surques-escoeuilles.fr\/wp-content\/uploads\/2018\/07\/thumba_375x229_encart-reglement-interieur_59679e536e57e.jpg?fit=375%2C229&ssl=1&resize=350%2C200","width":350,"height":200},"classes":[]},{"id":4165,"url":"https:\/\/as-surques-escoeuilles.fr\/index.php\/2020\/03\/20\/projet-associatif-amelioration-des-infrastructures\/","url_meta":{"origin":4353,"position":2},"title":"Projet associatif : am\u00e9lioration des infrastructures","date":"20 mars 2020","format":false,"excerpt":"Le club continue de travailler sur son projet associatif. Apr\u00e8s avoir pu goudronner l'ensemble de la devanture \u00e0 l'automne , c'est d\u00e9sormais vos t\u00eates qui seront prot\u00e9g\u00e9es par un pr\u00e9au sur toute la longueur du vestiaire. En effet, les jours de pluie \u00e9taient particuli\u00e8rement p\u00e9nibles pour les spectacteurs en absence\u2026","rel":"","context":"Dans &quot;Communication club&quot;","img":{"alt_text":"","src":"https:\/\/i0.wp.com\/as-surques-escoeuilles.fr\/wp-content\/uploads\/2020\/03\/IMG_20200313_174751-scaled.jpg?fit=1200%2C594&ssl=1&resize=350%2C200","width":350,"height":200},"classes":[]},{"id":4263,"url":"https:\/\/as-surques-escoeuilles.fr\/index.php\/2020\/05\/04\/fin-de-saison\/","url_meta":{"origin":4353,"position":3},"title":"Fin de saison","date":"4 mai 2020","format":false,"excerpt":"La FFF a d\u00e9cid\u00e9 d'arr\u00eater les championnats \u00e0 la date du 13 mars 2020.Notre club ne pourra donc plus accueillir d'activit\u00e9s d'ici la fin de saison. Le conseil d'administration se r\u00e9unira d\u00e8s que possible pour vous communiquer les modalit\u00e9s de reprise pour la saison 2020-2021. Les classements s\u00e9niors sont recalcul\u00e9s\u2026","rel":"","context":"Dans &quot;Communication club&quot;","img":{"alt_text":"","src":"https:\/\/i0.wp.com\/as-surques-escoeuilles.fr\/wp-content\/uploads\/2020\/05\/edgar-chaparro-cpoXIs2wygk-unsplash-3.jpg?fit=1200%2C622&ssl=1&resize=350%2C200","width":350,"height":200},"classes":[]},{"id":2664,"url":"https:\/\/as-surques-escoeuilles.fr\/index.php\/2019\/06\/08\/les-orange-avec-les-bleues\/","url_meta":{"origin":4353,"position":4},"title":"Les Orange avec les Bleues !","date":"8 juin 2019","format":false,"excerpt":"L'\u00e9v\u00e9nement en France de ce vendredi 7 juin \u00e9tait l'ouverture de la coupe du monde f\u00e9minine. Le conseil d'administration de l'ASSE a pr\u00e9par\u00e9 tout l'hiver cet \u00e9v\u00e9nement en proposant d'\u00eatre au coeur de cet \u00e9v\u00e9nement pour 63 licenci\u00e9s, dont nombre de ses repr\u00e9sentantes dans la cat\u00e9gorie U13F et S\u00e9niors F.\u2026","rel":"","context":"Dans &quot;Communication club&quot;","img":{"alt_text":"","src":"https:\/\/i0.wp.com\/as-surques-escoeuilles.fr\/wp-content\/uploads\/2019\/06\/IMG_20190607_142200.jpg?fit=1024%2C768&ssl=1&resize=350%2C200","width":350,"height":200},"classes":[]},{"id":2714,"url":"https:\/\/as-surques-escoeuilles.fr\/index.php\/2019\/06\/25\/du-orange-au-rouge\/","url_meta":{"origin":4353,"position":5},"title":"Du Orange au Rouge","date":"25 juin 2019","format":false,"excerpt":"Ce vendredi 21 juin se tenait l'Assembl\u00e9e G\u00e9n\u00e9rale de fin de saison. Il s'agit toujours d'un moment particulier o\u00f9 les joueurs et dirigeants partants ont l'occasion de passer un dernier moment parmi les licenci\u00e9s de l'ASSE. Cette fois-ci le moment \u00e9tait tr\u00e8s particulier puisque trois licenci\u00e9s nous quittent pour rejoindre\u2026","rel":"","context":"Dans &quot;Communication club&quot;","img":{"alt_text":"","src":"https:\/\/i0.wp.com\/as-surques-escoeuilles.fr\/wp-content\/uploads\/2019\/06\/IMG_20190621_202422.jpg?fit=1024%2C768&ssl=1&resize=350%2C200","width":350,"height":200},"classes":[]}],"_links":{"self":[{"href":"https:\/\/as-surques-escoeuilles.fr\/index.php\/wp-json\/wp\/v2\/posts\/4353"}],"collection":[{"href":"https:\/\/as-surques-escoeuilles.fr\/index.php\/wp-json\/wp\/v2\/posts"}],"about":[{"href":"https:\/\/as-surques-escoeuilles.fr\/index.php\/wp-json\/wp\/v2\/types\/post"}],"author":[{"embeddable":true,"href":"https:\/\/as-surques-escoeuilles.fr\/index.php\/wp-json\/wp\/v2\/users\/1"}],"replies":[{"embeddable":true,"href":"https:\/\/as-surques-escoeuilles.fr\/index.php\/wp-json\/wp\/v2\/comments?post=4353"}],"version-history":[{"count":1,"href":"https:\/\/as-surques-escoeuilles.fr\/index.php\/wp-json\/wp\/v2\/posts\/4353\/revisions"}],"predecessor-version":[{"id":4354,"href":"https:\/\/as-surques-escoeuilles.fr\/index.php\/wp-json\/wp\/v2\/posts\/4353\/revisions\/4354"}],"wp:featuredmedia":[{"embeddable":true,"href":"https:\/\/as-surques-escoeuilles.fr\/index.php\/wp-json\/wp\/v2\/media\/1172"}],"wp:attachment":[{"href":"https:\/\/as-surques-escoeuilles.fr\/index.php\/wp-json\/wp\/v2\/media?parent=4353"}],"wp:term":[{"taxonomy":"category","embeddable":true,"href":"https:\/\/as-surques-escoeuilles.fr\/index.php\/wp-json\/wp\/v2\/categories?post=4353"},{"taxonomy":"post_tag","embeddable":true,"href":"https:\/\/as-surques-escoeuilles.fr\/index.php\/wp-json\/wp\/v2\/tags?post=4353"}],"curies":[{"name":"wp","href":"https:\/\/api.w.org\/{rel}","templated":true}]}}