{"id":4368,"date":"2020-06-11T17:29:13","date_gmt":"2020-06-11T15:29:13","guid":{"rendered":"https:\/\/as-surques-escoeuilles.fr\/?p=4368"},"modified":"2020-06-11T17:29:17","modified_gmt":"2020-06-11T15:29:17","slug":"label-ecole-de-foot-feminine","status":"publish","type":"post","link":"https:\/\/as-surques-escoeuilles.fr\/index.php\/2020\/06\/11\/label-ecole-de-foot-feminine\/","title":{"rendered":"Label \u00e9cole de foot f\u00e9minine"},"content":{"rendered":"\n<p>Ce mercredi 10 juin, le club a obtenu sa dotation FFF pour le label bronze \u00e9cole de foot f\u00e9minine obtenu suite au d\u00e9p\u00f4t du dossier lors de la saison 2018-2019. Ce label est valable sur la p\u00e9riode 2019-2022. Bravo \u00e0 l&rsquo;ensemble des acteurs investis autour du d\u00e9veloppement f\u00e9minin et mobilis\u00e9s sur cette d\u00e9marche. Le club a maintenant l&rsquo;ambition de d\u00e9poser le dossier pour le label \u00e9cole de foot !<\/p>\n\n\n\n<figure class=\"wp-block-image size-large\"><img data-attachment-id=\"4369\" data-permalink=\"https:\/\/as-surques-escoeuilles.fr\/index.php\/2020\/06\/11\/label-ecole-de-foot-feminine\/103390499_2942271552477108_8939802034028538686_o\/\" data-orig-file=\"https:\/\/i0.wp.com\/as-surques-escoeuilles.fr\/wp-content\/uploads\/2020\/06\/103390499_2942271552477108_8939802034028538686_o.jpg?fit=1062%2C1416&amp;ssl=1\" data-orig-size=\"1062,1416\" data-comments-opened=\"1\" data-image-meta=\"{&quot;aperture&quot;:&quot;0&quot;,&quot;credit&quot;:&quot;&quot;,&quot;camera&quot;:&quot;&quot;,&quot;caption&quot;:&quot;&quot;,&quot;created_timestamp&quot;:&quot;0&quot;,&quot;copyright&quot;:&quot;&quot;,&quot;focal_length&quot;:&quot;0&quot;,&quot;iso&quot;:&quot;0&quot;,&quot;shutter_speed&quot;:&quot;0&quot;,&quot;title&quot;:&quot;&quot;,&quot;orientation&quot;:&quot;0&quot;}\" data-image-title=\"103390499_2942271552477108_8939802034028538686_o\" data-image-description=\"\" data-image-caption=\"\" data-medium-file=\"https:\/\/i0.wp.com\/as-surques-escoeuilles.fr\/wp-content\/uploads\/2020\/06\/103390499_2942271552477108_8939802034028538686_o.jpg?fit=225%2C300&amp;ssl=1\" data-large-file=\"https:\/\/i0.wp.com\/as-surques-escoeuilles.fr\/wp-content\/uploads\/2020\/06\/103390499_2942271552477108_8939802034028538686_o.jpg?fit=768%2C1024&amp;ssl=1\" fetchpriority=\"high\" width=\"1062\" height=\"1416\" src=\"https:\/\/i0.wp.com\/as-surques-escoeuilles.fr\/wp-content\/uploads\/2020\/06\/103390499_2942271552477108_8939802034028538686_o.jpg?fit=768%2C1024&amp;ssl=1\" alt=\"\" class=\"wp-image-4369\" srcset=\"https:\/\/i0.wp.com\/as-surques-escoeuilles.fr\/wp-content\/uploads\/2020\/06\/103390499_2942271552477108_8939802034028538686_o.jpg?w=1062&amp;ssl=1 1062w, https:\/\/i0.wp.com\/as-surques-escoeuilles.fr\/wp-content\/uploads\/2020\/06\/103390499_2942271552477108_8939802034028538686_o.jpg?resize=225%2C300&amp;ssl=1 225w, https:\/\/i0.wp.com\/as-surques-escoeuilles.fr\/wp-content\/uploads\/2020\/06\/103390499_2942271552477108_8939802034028538686_o.jpg?resize=768%2C1024&amp;ssl=1 768w, https:\/\/i0.wp.com\/as-surques-escoeuilles.fr\/wp-content\/uploads\/2020\/06\/103390499_2942271552477108_8939802034028538686_o.jpg?resize=600%2C800&amp;ssl=1 600w\" sizes=\"(max-width: 800px) 100vw, 800px\" \/><\/figure>\n","protected":false},"excerpt":{"rendered":"<p>Ce mercredi 10 juin, le club a obtenu sa dotation FFF pour le label bronze \u00e9cole de foot f\u00e9minine obtenu<\/p>\n","protected":false},"author":1,"featured_media":4369,"comment_status":"open","ping_status":"open","sticky":false,"template":"","format":"standard","meta":{"ngg_post_thumbnail":0,"jetpack_post_was_ever_published":false,"jetpack_publicize_message":"","jetpack_is_tweetstorm":false,"jetpack_publicize_feature_enabled":true,"jetpack_social_post_already_shared":true,"jetpack_social_options":{"image_generator_settings":{"template":"highway","enabled":false}}},"categories":[23,93,91,90],"tags":[],"jetpack_publicize_connections":[],"jetpack_featured_media_url":"https:\/\/i0.wp.com\/as-surques-escoeuilles.fr\/wp-content\/uploads\/2020\/06\/103390499_2942271552477108_8939802034028538686_o.jpg?fit=1062%2C1416&ssl=1","jetpack_sharing_enabled":true,"jetpack_shortlink":"https:\/\/wp.me\/p8dhOI-18s","jetpack-related-posts":[{"id":5257,"url":"https:\/\/as-surques-escoeuilles.fr\/index.php\/2021\/07\/28\/lasse-obtient-le-label-jeunes\/","url_meta":{"origin":4368,"position":0},"title":"L&rsquo;ASSE obtient le label jeunes!","date":"28 juillet 2021","format":false,"excerpt":"L'ASSE obtient le label jeunes ! Apr\u00e8s un long travail d'autodiagnostic, ce label vient r\u00e9compenser le travail de structuration et de d\u00e9veloppement aupr\u00e8s des jeunes licenci\u00e9(e)s. D\u00e9j\u00e0 labellis\u00e9e \u00e9cole de foot f\u00e9minine en 2020, l'ASSE poursuit sa mont\u00e9e en comp\u00e9tences, toujours dans le but d'accompagner au mieux nos jeunes !\u2026","rel":"","context":"Dans &quot;Communication club&quot;","img":{"alt_text":"","src":"https:\/\/i0.wp.com\/as-surques-escoeuilles.fr\/wp-content\/uploads\/2021\/07\/IMG_20210728_180828.jpg?fit=1182%2C556&ssl=1&resize=350%2C200","width":350,"height":200},"classes":[]},{"id":5296,"url":"https:\/\/as-surques-escoeuilles.fr\/index.php\/2021\/09\/03\/portes-ouvertes-en-ecole-de-foot\/","url_meta":{"origin":4368,"position":1},"title":"Portes ouvertes en \u00e9cole de foot","date":"3 septembre 2021","format":false,"excerpt":"L'\u00e9cole de foot ouvre ses s\u00e9ances au stade ce samedi 4 septembre \u00e0 10h30 pour toutes les cat\u00e9gories de mini \u00e0 U9 (enfants n\u00e9s entre et 2013 et 2017) et le mercredi 8 septembre \u00e0 14h00. N'h\u00e9sitez pas \u00e0 venir d\u00e9couvrir le football !","rel":"","context":"Dans &quot;Communication club&quot;","img":{"alt_text":"","src":"https:\/\/i0.wp.com\/as-surques-escoeuilles.fr\/wp-content\/uploads\/2021\/09\/retouraufoot.jpg?fit=927%2C826&ssl=1&resize=350%2C200","width":350,"height":200},"classes":[]},{"id":5408,"url":"https:\/\/as-surques-escoeuilles.fr\/index.php\/2021\/10\/27\/ecole-de-foot-plateau-halloween-1-2\/","url_meta":{"origin":4368,"position":2},"title":"\u00c9cole de foot : plateau Halloween 1\/2","date":"27 octobre 2021","format":false,"excerpt":"Ce mercredi apr\u00e8s midi, pas moins de 14 \u00e9quipes U6 u7 se sont r\u00e9unis pour un tournoi terrifiant sur le th\u00e8me d'halloween ! Nos petites terreurs ont encha\u00een\u00e9 les matches et ont pu recevoir un go\u00fbter sp\u00e9cial pr\u00e9par\u00e9 par les b\u00e9n\u00e9voles et la boulangerie d'escoeuilles. Bravo aux enfants !","rel":"","context":"Dans &quot;Projet associatif&quot;","img":{"alt_text":"","src":"https:\/\/i0.wp.com\/as-surques-escoeuilles.fr\/wp-content\/uploads\/2021\/10\/received_378550203696484.jpeg?fit=1200%2C900&ssl=1&resize=350%2C200","width":350,"height":200},"classes":[]},{"id":5635,"url":"https:\/\/as-surques-escoeuilles.fr\/index.php\/2022\/02\/21\/label-jeunes-fff-credit-agricole\/","url_meta":{"origin":4368,"position":3},"title":"Label Jeunes FFF &#8211; Cr\u00e9dit Agricole","date":"21 f\u00e9vrier 2022","format":false,"excerpt":"Ce mercredi 16 f\u00e9vrier est donc un jour qui comptera dans l'histoire de l'ASSE. Le club a en effet re\u00e7u pour la premi\u00e8re fois le label Jeunes FFF Cr\u00e9dit Agricole niveau Espoir de la part de Claude Dupont, Pr\u00e9sident de la Commission Labellisation et Suivi des clubs, et Benjamin Hochart,\u2026","rel":"","context":"Dans &quot;Non class\u00e9&quot;","img":{"alt_text":"","src":"https:\/\/i0.wp.com\/as-surques-escoeuilles.fr\/wp-content\/uploads\/2022\/02\/received_960725227886808.jpeg?fit=1125%2C844&ssl=1&resize=350%2C200","width":350,"height":200},"classes":[]},{"id":1834,"url":"https:\/\/as-surques-escoeuilles.fr\/index.php\/2018\/09\/28\/opale-cup-sur-nos-installations\/","url_meta":{"origin":4368,"position":4},"title":"Opale Cup sur nos installations !","date":"28 septembre 2018","format":false,"excerpt":"La rentr\u00e9e du foot f\u00e9minin aura lieu sur les installations de l'ASSE le dimanche 07 octobre au matin. Venez nombreux encourager notre \u00e9quipe f\u00e9minine dans ce premier rassemblement.","rel":"","context":"Dans &quot;Non class\u00e9&quot;","img":{"alt_text":"","src":"https:\/\/i0.wp.com\/as-surques-escoeuilles.fr\/wp-content\/uploads\/2018\/09\/Capture.png?resize=350%2C200&ssl=1","width":350,"height":200},"classes":[]},{"id":601,"url":"https:\/\/as-surques-escoeuilles.fr\/index.php\/2017\/09\/13\/info-opale-cup-foot-feminin\/","url_meta":{"origin":4368,"position":5},"title":"INFO : \u00ab\u00a0Opale cup\u00a0\u00bb foot f\u00e9minin","date":"13 septembre 2017","format":false,"excerpt":"L'Opale cup se d\u00e9roulera bien sur notre terrain le dimanche 24 septembre pour les filles de U6 \u00e0 U11 (n\u00e9es de 2007 \u00e0 2012 inclus). Rendez-vous 10h Pratique de 10h30 \u00e012h00 Nous comptons sur la pr\u00e9sence d'un maximum de f\u00e9minines Convocation Site club Opale cup","rel":"","context":"Dans &quot;Non class\u00e9&quot;","img":{"alt_text":"","src":"https:\/\/i0.wp.com\/as-surques-escoeuilles.fr\/wp-content\/uploads\/2017\/09\/Opale-cup.png?fit=612%2C422&ssl=1&resize=350%2C200","width":350,"height":200},"classes":[]}],"_links":{"self":[{"href":"https:\/\/as-surques-escoeuilles.fr\/index.php\/wp-json\/wp\/v2\/posts\/4368"}],"collection":[{"href":"https:\/\/as-surques-escoeuilles.fr\/index.php\/wp-json\/wp\/v2\/posts"}],"about":[{"href":"https:\/\/as-surques-escoeuilles.fr\/index.php\/wp-json\/wp\/v2\/types\/post"}],"author":[{"embeddable":true,"href":"https:\/\/as-surques-escoeuilles.fr\/index.php\/wp-json\/wp\/v2\/users\/1"}],"replies":[{"embeddable":true,"href":"https:\/\/as-surques-escoeuilles.fr\/index.php\/wp-json\/wp\/v2\/comments?post=4368"}],"version-history":[{"count":1,"href":"https:\/\/as-surques-escoeuilles.fr\/index.php\/wp-json\/wp\/v2\/posts\/4368\/revisions"}],"predecessor-version":[{"id":4370,"href":"https:\/\/as-surques-escoeuilles.fr\/index.php\/wp-json\/wp\/v2\/posts\/4368\/revisions\/4370"}],"wp:featuredmedia":[{"embeddable":true,"href":"https:\/\/as-surques-escoeuilles.fr\/index.php\/wp-json\/wp\/v2\/media\/4369"}],"wp:attachment":[{"href":"https:\/\/as-surques-escoeuilles.fr\/index.php\/wp-json\/wp\/v2\/media?parent=4368"}],"wp:term":[{"taxonomy":"category","embeddable":true,"href":"https:\/\/as-surques-escoeuilles.fr\/index.php\/wp-json\/wp\/v2\/categories?post=4368"},{"taxonomy":"post_tag","embeddable":true,"href":"https:\/\/as-surques-escoeuilles.fr\/index.php\/wp-json\/wp\/v2\/tags?post=4368"}],"curies":[{"name":"wp","href":"https:\/\/api.w.org\/{rel}","templated":true}]}}