{"id":4374,"date":"2020-06-11T18:16:13","date_gmt":"2020-06-11T16:16:13","guid":{"rendered":"https:\/\/as-surques-escoeuilles.fr\/index.php\/2020\/06\/11\/lasse-lance-son-mercato\/"},"modified":"2020-06-11T18:16:13","modified_gmt":"2020-06-11T16:16:13","slug":"lasse-lance-son-mercato","status":"publish","type":"post","link":"https:\/\/as-surques-escoeuilles.fr\/index.php\/2020\/06\/11\/lasse-lance-son-mercato\/","title":{"rendered":"L&rsquo;ASSE lance son mercato"},"content":{"rendered":"\n<p>Avec la perspective d&rsquo;une saison historique en D2 \u00e0 venir, les couloirs du stade fr\u00e9missent d&rsquo;excitation avec un travail de l&rsquo;ombre des coaches pour renforcer le groupe s\u00e9niors dans ce nouveau challenge. C&rsquo;est ainsi que deux arriv\u00e9es de qualit\u00e9 sont deja act\u00e9es :<\/p>\n\n\n\n<p>&#8211; Beno\u00eet ROUGEMONT, ayant \u00e9volu\u00e9 en r\u00e9gionale et en D1 la saison pass\u00e9e, vient renforcer la ligne defensive. Joueur polyvalent, il peut aussi bien jouer dans l&rsquo;axe que sur un c\u00f4t\u00e9.<\/p>\n\n\n\n<figure class=\"wp-block-image size-large\"><img data-attachment-id=\"4371\" data-permalink=\"https:\/\/as-surques-escoeuilles.fr\/resized_20200610_192138589951980088068952\/\" data-orig-file=\"https:\/\/i0.wp.com\/as-surques-escoeuilles.fr\/wp-content\/uploads\/2020\/06\/resized_20200610_192138589951980088068952.jpeg?fit=720%2C960&amp;ssl=1\" data-orig-size=\"720,960\" data-comments-opened=\"1\" data-image-meta=\"{&quot;aperture&quot;:&quot;0&quot;,&quot;credit&quot;:&quot;&quot;,&quot;camera&quot;:&quot;&quot;,&quot;caption&quot;:&quot;&quot;,&quot;created_timestamp&quot;:&quot;0&quot;,&quot;copyright&quot;:&quot;&quot;,&quot;focal_length&quot;:&quot;0&quot;,&quot;iso&quot;:&quot;0&quot;,&quot;shutter_speed&quot;:&quot;0&quot;,&quot;title&quot;:&quot;&quot;,&quot;orientation&quot;:&quot;0&quot;}\" data-image-title=\"resized_20200610_192138589951980088068952.jpeg\" data-image-description=\"\" data-image-caption=\"\" data-medium-file=\"https:\/\/i0.wp.com\/as-surques-escoeuilles.fr\/wp-content\/uploads\/2020\/06\/resized_20200610_192138589951980088068952.jpeg?fit=225%2C300&amp;ssl=1\" data-large-file=\"https:\/\/i0.wp.com\/as-surques-escoeuilles.fr\/wp-content\/uploads\/2020\/06\/resized_20200610_192138589951980088068952.jpeg?fit=720%2C960&amp;ssl=1\" fetchpriority=\"high\" width=\"720\" height=\"960\" src=\"https:\/\/i0.wp.com\/as-surques-escoeuilles.fr\/wp-content\/uploads\/2020\/06\/resized_20200610_192138589951980088068952.jpeg?resize=720%2C960&#038;ssl=1\" alt=\"\" class=\"wp-image-4371\" srcset=\"https:\/\/i0.wp.com\/as-surques-escoeuilles.fr\/wp-content\/uploads\/2020\/06\/resized_20200610_192138589951980088068952.jpeg?w=720&amp;ssl=1 720w, https:\/\/i0.wp.com\/as-surques-escoeuilles.fr\/wp-content\/uploads\/2020\/06\/resized_20200610_192138589951980088068952.jpeg?resize=225%2C300&amp;ssl=1 225w, https:\/\/i0.wp.com\/as-surques-escoeuilles.fr\/wp-content\/uploads\/2020\/06\/resized_20200610_192138589951980088068952.jpeg?resize=600%2C800&amp;ssl=1 600w\" sizes=\"(max-width: 720px) 100vw, 720px\" data-recalc-dims=\"1\" \/><\/figure>\n\n\n\n<p>&#8211; Rudy GOUILLART, joueur d&rsquo;exp\u00e9rience ayant aussi \u00e9volu\u00e9 en r\u00e9gionale et encore capitaine en D1 l&rsquo;an pass\u00e9, vient de son c\u00f4t\u00e9 renforcer la ligne du milieu de terrain.<\/p>\n\n\n\n<figure class=\"wp-block-image size-large\"><img data-attachment-id=\"4372\" data-permalink=\"https:\/\/as-surques-escoeuilles.fr\/resized_20200610_1921213054071819537328416\/\" data-orig-file=\"https:\/\/i0.wp.com\/as-surques-escoeuilles.fr\/wp-content\/uploads\/2020\/06\/resized_20200610_1921213054071819537328416.jpeg?fit=720%2C960&amp;ssl=1\" data-orig-size=\"720,960\" data-comments-opened=\"1\" data-image-meta=\"{&quot;aperture&quot;:&quot;0&quot;,&quot;credit&quot;:&quot;&quot;,&quot;camera&quot;:&quot;&quot;,&quot;caption&quot;:&quot;&quot;,&quot;created_timestamp&quot;:&quot;0&quot;,&quot;copyright&quot;:&quot;&quot;,&quot;focal_length&quot;:&quot;0&quot;,&quot;iso&quot;:&quot;0&quot;,&quot;shutter_speed&quot;:&quot;0&quot;,&quot;title&quot;:&quot;&quot;,&quot;orientation&quot;:&quot;0&quot;}\" data-image-title=\"resized_20200610_1921213054071819537328416.jpeg\" data-image-description=\"\" data-image-caption=\"\" data-medium-file=\"https:\/\/i0.wp.com\/as-surques-escoeuilles.fr\/wp-content\/uploads\/2020\/06\/resized_20200610_1921213054071819537328416.jpeg?fit=225%2C300&amp;ssl=1\" data-large-file=\"https:\/\/i0.wp.com\/as-surques-escoeuilles.fr\/wp-content\/uploads\/2020\/06\/resized_20200610_1921213054071819537328416.jpeg?fit=720%2C960&amp;ssl=1\" width=\"720\" height=\"960\" src=\"https:\/\/i0.wp.com\/as-surques-escoeuilles.fr\/wp-content\/uploads\/2020\/06\/resized_20200610_1921213054071819537328416.jpeg?resize=720%2C960&#038;ssl=1\" alt=\"\" class=\"wp-image-4372\" srcset=\"https:\/\/i0.wp.com\/as-surques-escoeuilles.fr\/wp-content\/uploads\/2020\/06\/resized_20200610_1921213054071819537328416.jpeg?w=720&amp;ssl=1 720w, https:\/\/i0.wp.com\/as-surques-escoeuilles.fr\/wp-content\/uploads\/2020\/06\/resized_20200610_1921213054071819537328416.jpeg?resize=225%2C300&amp;ssl=1 225w, https:\/\/i0.wp.com\/as-surques-escoeuilles.fr\/wp-content\/uploads\/2020\/06\/resized_20200610_1921213054071819537328416.jpeg?resize=600%2C800&amp;ssl=1 600w\" sizes=\"(max-width: 720px) 100vw, 720px\" data-recalc-dims=\"1\" \/><\/figure>\n\n\n\n<p>Il s&rsquo;agit de deux renforts d&rsquo;un niveau sportif \u00e9lev\u00e9, mais \u00e9galement deux \u00e9l\u00e9ments qui s&rsquo;integr\u00e9ront humainement \u00e0 coup s\u00fbr au groupe existant. Bienvenue \u00e0 eux ! <\/p>\n\n\n\n<p><\/p>\n","protected":false},"excerpt":{"rendered":"<p>Avec la perspective d&rsquo;une saison historique en D2 \u00e0 venir, les couloirs du stade fr\u00e9missent d&rsquo;excitation avec un travail de<\/p>\n","protected":false},"author":1,"featured_media":4373,"comment_status":"open","ping_status":"open","sticky":false,"template":"","format":"standard","meta":{"ngg_post_thumbnail":0,"jetpack_post_was_ever_published":false,"jetpack_publicize_message":"","jetpack_is_tweetstorm":false,"jetpack_publicize_feature_enabled":true,"jetpack_social_post_already_shared":true,"jetpack_social_options":{"image_generator_settings":{"template":"highway","enabled":false}}},"categories":[23,90,14],"tags":[],"jetpack_publicize_connections":[],"jetpack_featured_media_url":"https:\/\/i0.wp.com\/as-surques-escoeuilles.fr\/wp-content\/uploads\/2020\/06\/Resized_20200610_192121.jpeg?fit=720%2C960&ssl=1","jetpack_sharing_enabled":true,"jetpack_shortlink":"https:\/\/wp.me\/p8dhOI-18y","jetpack-related-posts":[{"id":2786,"url":"https:\/\/as-surques-escoeuilles.fr\/index.php\/2019\/08\/08\/seniors-point-mercato\/","url_meta":{"origin":4374,"position":0},"title":"S\u00e9niors : point mercato","date":"8 ao\u00fbt 2019","format":false,"excerpt":"Avec deux accessions obtenues en D3 et D5 et une volont\u00e9 de faire progresser encore plus l'\u00e9quipe en D7, l'ASSE a effectu\u00e9 un effort estival pour renforcer ses trois \u00e9quipes. Le point sur les diff\u00e9rentes arriv\u00e9es : Je tiens d\u00e9j\u00e0 \u00e0 remercier le club qui a fait l'effort de payer\u2026","rel":"","context":"Dans &quot;Non class\u00e9&quot;","img":{"alt_text":"","src":"https:\/\/i0.wp.com\/as-surques-escoeuilles.fr\/wp-content\/uploads\/2019\/08\/IMG_20190808_214437.jpg?fit=1200%2C556&ssl=1&resize=350%2C200","width":350,"height":200},"classes":[]},{"id":4381,"url":"https:\/\/as-surques-escoeuilles.fr\/index.php\/2020\/06\/20\/mercato-roulez-jeunesse\/","url_meta":{"origin":4374,"position":1},"title":"Mercato : Roulez jeunesse !","date":"20 juin 2020","format":false,"excerpt":"Apr\u00e8s Beno\u00eet et Rudy, l'ASSE a donc enregistr\u00e9 deux transferts suppl\u00e9mentaires en cette fin de semaine : Tom MARIANSKI, 18 ans en septembre, nous arrive en provenance de Nielles les Bl\u00e9quin. Avec une formation effectu\u00e9e chez les Orange et Noirs, son int\u00e9gration ne devrait poser aucun probl\u00e8me puisque quelques uns\u2026","rel":"","context":"Dans &quot;Communication club&quot;","img":{"alt_text":"","src":"https:\/\/i0.wp.com\/as-surques-escoeuilles.fr\/wp-content\/uploads\/2020\/06\/received_1002129176856778-scaled.jpg?fit=900%2C1200&ssl=1&resize=350%2C200","width":350,"height":200},"classes":[]},{"id":4320,"url":"https:\/\/as-surques-escoeuilles.fr\/index.php\/2020\/05\/17\/communique-2020-2021-3-montees-historiques-et-un-staff-seniors-ajuste\/","url_meta":{"origin":4374,"position":2},"title":"Communiqu\u00e9 2020-2021 : 3 mont\u00e9es historiques et un staff s\u00e9niors ajust\u00e9","date":"17 mai 2020","format":false,"excerpt":"C'est officiel depuis cette semaine : le groupe s\u00e9niors r\u00e9alise un tripl\u00e9 historique avec trois mont\u00e9es ! Les deux premi\u00e8res \u00e9quipes venaient juste d'acc\u00e9der \u00e0 la D3 et D5, avec un objectif maintien pr\u00e9sent\u00e9 aux joueurs l'\u00e9t\u00e9 dernier. Ils ont fait bien mieux que \u00e7a en d\u00e9marrant leur championnat tambour\u2026","rel":"","context":"Dans &quot;Communication club&quot;","img":{"alt_text":"","src":"https:\/\/i0.wp.com\/as-surques-escoeuilles.fr\/wp-content\/uploads\/2020\/05\/20200517_185028-1-scaled.jpg?fit=1200%2C553&ssl=1&resize=350%2C200","width":350,"height":200},"classes":[]},{"id":4564,"url":"https:\/\/as-surques-escoeuilles.fr\/index.php\/2020\/07\/31\/les-poules-sont-tombees\/","url_meta":{"origin":4374,"position":3},"title":"Les poules sont tomb\u00e9es !","date":"31 juillet 2020","format":false,"excerpt":"Les poules de cette nouvelle saison sont tomb\u00e9es. Avec 3 mont\u00e9es pour les S\u00e9niors masculins, il fallait s'attendre \u00e0 du costaud et c'est effectivement le cas, notamment pour notre \u00e9quipe fanion qui ira d\u00e9fier les r\u00e9serves d'Enquin, du Pays de St Omer et de Lumbres.Les r\u00e9servistes auront \u00e9galement du pain\u2026","rel":"","context":"Dans &quot;Non class\u00e9&quot;","img":{"alt_text":"","src":"https:\/\/i0.wp.com\/as-surques-escoeuilles.fr\/wp-content\/uploads\/2020\/07\/screenshot_20200731_1251043981980331861670604.jpg?resize=350%2C200&ssl=1","width":350,"height":200},"classes":[]},{"id":2016,"url":"https:\/\/as-surques-escoeuilles.fr\/index.php\/2018\/11\/02\/nouvel-arbitre-a-lasse\/","url_meta":{"origin":4374,"position":4},"title":"Nouvel arbitre \u00e0 l&rsquo;ASSE","date":"2 novembre 2018","format":false,"excerpt":"Ce samedi 27 octobre, l'un de nos licenci\u00e9s s'est vu r\u00e9compens\u00e9 de ses efforts en obtenant son examen d'arbitre. F\u00e9licitations \u00e0 GAUTHIER SAISON, joueur s\u00e9nior, qui devient donc arbitre couvrant notre club.Avec presque 200 licenci\u00e9s et sans arbitre, Gauthier nous permet \u00e9galement de sortir de l'infraction en arbitrage, l'ensemble du\u2026","rel":"","context":"Dans &quot;Non class\u00e9&quot;","img":{"alt_text":"","src":"https:\/\/i0.wp.com\/as-surques-escoeuilles.fr\/wp-content\/uploads\/2018\/11\/IMG_20181101_173958.jpg?resize=350%2C200&ssl=1","width":350,"height":200},"classes":[]},{"id":428,"url":"https:\/\/as-surques-escoeuilles.fr\/index.php\/2017\/06\/03\/saison-20172018\/","url_meta":{"origin":4374,"position":5},"title":"Saison 2017\/2018","date":"3 juin 2017","format":false,"excerpt":"Afin de renforcer son \u00e9quipe d'encadrement sportif, l'ASSE recherche plusieurs \u00e9ducateurs (toutes cat\u00e9gories). Convivialit\u00e9, respect, comp\u00e9tition,\u00a0 n'h\u00e9sitez pas \u00e0 rejoindre un club dynamique dans lequel toutes les cat\u00e9gories sont repr\u00e9sent\u00e9es. Renseignements aupr\u00e8s de M. Havart au 06.15.18.67.92 ou par mail \u00e0\u00a0 secretariat@as-surques-escoeuilles.fr\u00a0","rel":"","context":"Dans &quot;Non class\u00e9&quot;","img":{"alt_text":"","src":"","width":0,"height":0},"classes":[]}],"_links":{"self":[{"href":"https:\/\/as-surques-escoeuilles.fr\/index.php\/wp-json\/wp\/v2\/posts\/4374"}],"collection":[{"href":"https:\/\/as-surques-escoeuilles.fr\/index.php\/wp-json\/wp\/v2\/posts"}],"about":[{"href":"https:\/\/as-surques-escoeuilles.fr\/index.php\/wp-json\/wp\/v2\/types\/post"}],"author":[{"embeddable":true,"href":"https:\/\/as-surques-escoeuilles.fr\/index.php\/wp-json\/wp\/v2\/users\/1"}],"replies":[{"embeddable":true,"href":"https:\/\/as-surques-escoeuilles.fr\/index.php\/wp-json\/wp\/v2\/comments?post=4374"}],"version-history":[{"count":0,"href":"https:\/\/as-surques-escoeuilles.fr\/index.php\/wp-json\/wp\/v2\/posts\/4374\/revisions"}],"wp:featuredmedia":[{"embeddable":true,"href":"https:\/\/as-surques-escoeuilles.fr\/index.php\/wp-json\/wp\/v2\/media\/4373"}],"wp:attachment":[{"href":"https:\/\/as-surques-escoeuilles.fr\/index.php\/wp-json\/wp\/v2\/media?parent=4374"}],"wp:term":[{"taxonomy":"category","embeddable":true,"href":"https:\/\/as-surques-escoeuilles.fr\/index.php\/wp-json\/wp\/v2\/categories?post=4374"},{"taxonomy":"post_tag","embeddable":true,"href":"https:\/\/as-surques-escoeuilles.fr\/index.php\/wp-json\/wp\/v2\/tags?post=4374"}],"curies":[{"name":"wp","href":"https:\/\/api.w.org\/{rel}","templated":true}]}}