{"id":4381,"date":"2020-06-20T07:58:35","date_gmt":"2020-06-20T05:58:35","guid":{"rendered":"https:\/\/as-surques-escoeuilles.fr\/?p=4381"},"modified":"2020-06-20T07:58:37","modified_gmt":"2020-06-20T05:58:37","slug":"mercato-roulez-jeunesse","status":"publish","type":"post","link":"https:\/\/as-surques-escoeuilles.fr\/index.php\/2020\/06\/20\/mercato-roulez-jeunesse\/","title":{"rendered":"Mercato : Roulez jeunesse !"},"content":{"rendered":"\n<p>Apr\u00e8s Beno\u00eet et Rudy, l&rsquo;ASSE a donc enregistr\u00e9 deux transferts suppl\u00e9mentaires en cette fin de semaine  :<\/p>\n\n\n\n<ul><li>Tom MARIANSKI, 18 ans en septembre, nous arrive en provenance de Nielles les Bl\u00e9quin. Avec une formation effectu\u00e9e chez les Orange et Noirs, son int\u00e9gration ne devrait poser aucun probl\u00e8me puisque quelques uns de ces anciens copains de jeux sont maintenant dans l&rsquo;effectif S\u00e9niors. Ce joueur technique et polyvalent sera une nouvelle arme dans le groupe.<\/li><\/ul>\n\n\n\n<div class=\"wp-block-image is-style-rounded\"><figure class=\"aligncenter size-large is-resized\"><img data-attachment-id=\"4382\" data-permalink=\"https:\/\/as-surques-escoeuilles.fr\/index.php\/2020\/06\/20\/mercato-roulez-jeunesse\/received_570416030325019\/\" data-orig-file=\"https:\/\/i0.wp.com\/as-surques-escoeuilles.fr\/wp-content\/uploads\/2020\/06\/received_570416030325019-scaled.jpg?fit=1920%2C2560&amp;ssl=1\" data-orig-size=\"1920,2560\" data-comments-opened=\"1\" data-image-meta=\"{&quot;aperture&quot;:&quot;0&quot;,&quot;credit&quot;:&quot;&quot;,&quot;camera&quot;:&quot;&quot;,&quot;caption&quot;:&quot;&quot;,&quot;created_timestamp&quot;:&quot;0&quot;,&quot;copyright&quot;:&quot;&quot;,&quot;focal_length&quot;:&quot;0&quot;,&quot;iso&quot;:&quot;0&quot;,&quot;shutter_speed&quot;:&quot;0&quot;,&quot;title&quot;:&quot;&quot;,&quot;orientation&quot;:&quot;0&quot;}\" data-image-title=\"received_570416030325019\" data-image-description=\"\" data-image-caption=\"\" data-medium-file=\"https:\/\/i0.wp.com\/as-surques-escoeuilles.fr\/wp-content\/uploads\/2020\/06\/received_570416030325019-scaled.jpg?fit=225%2C300&amp;ssl=1\" data-large-file=\"https:\/\/i0.wp.com\/as-surques-escoeuilles.fr\/wp-content\/uploads\/2020\/06\/received_570416030325019-scaled.jpg?fit=768%2C1024&amp;ssl=1\" fetchpriority=\"high\" src=\"https:\/\/i0.wp.com\/as-surques-escoeuilles.fr\/wp-content\/uploads\/2020\/06\/received_570416030325019.jpg?resize=391%2C521&#038;ssl=1\" alt=\"\" class=\"wp-image-4382\" width=\"391\" height=\"521\" srcset=\"https:\/\/i0.wp.com\/as-surques-escoeuilles.fr\/wp-content\/uploads\/2020\/06\/received_570416030325019-scaled.jpg?resize=768%2C1024&amp;ssl=1 768w, https:\/\/i0.wp.com\/as-surques-escoeuilles.fr\/wp-content\/uploads\/2020\/06\/received_570416030325019-scaled.jpg?resize=225%2C300&amp;ssl=1 225w, https:\/\/i0.wp.com\/as-surques-escoeuilles.fr\/wp-content\/uploads\/2020\/06\/received_570416030325019-scaled.jpg?resize=1152%2C1536&amp;ssl=1 1152w, https:\/\/i0.wp.com\/as-surques-escoeuilles.fr\/wp-content\/uploads\/2020\/06\/received_570416030325019-scaled.jpg?resize=1536%2C2048&amp;ssl=1 1536w, https:\/\/i0.wp.com\/as-surques-escoeuilles.fr\/wp-content\/uploads\/2020\/06\/received_570416030325019-scaled.jpg?resize=600%2C800&amp;ssl=1 600w, https:\/\/i0.wp.com\/as-surques-escoeuilles.fr\/wp-content\/uploads\/2020\/06\/received_570416030325019-scaled.jpg?w=1920&amp;ssl=1 1920w, https:\/\/i0.wp.com\/as-surques-escoeuilles.fr\/wp-content\/uploads\/2020\/06\/received_570416030325019-scaled.jpg?w=1600&amp;ssl=1 1600w\" sizes=\"(max-width: 391px) 100vw, 391px\" data-recalc-dims=\"1\" \/><figcaption>Tom MARIANSKI, 17 ans, en provenance de Nielles<\/figcaption><\/figure><\/div>\n\n\n\n<ul><li>Axel RAMET, 18 ans en ao\u00fbt, nous arrive de son c\u00f4t\u00e9 en provenance de Licques. Jeune joueur  rapide \u00e0 la patte gauche ravageuse, Axel  a notamment effectu\u00e9 une partie de sa formation \u00e0 l&rsquo;USBCO ! Avec l&rsquo;avantage d&rsquo;avoir d\u00e9j\u00e0 c\u00f4toy\u00e9 certains de nos jeunes joueurs, il n&rsquo;arrive pas en environnement m\u00e9connu, le reste de la famille \u00e9tant d\u00e9j\u00e0 investi dans la structure f\u00e9minine de l&rsquo;ASSE. L\u00e0 encore, Axel est un joueur qui apportera un \u00e9norme plus au groupe S\u00e9niors.<\/li><\/ul>\n\n\n\n<div class=\"wp-block-image is-style-rounded\"><figure class=\"aligncenter size-large is-resized\"><img data-attachment-id=\"4383\" data-permalink=\"https:\/\/as-surques-escoeuilles.fr\/index.php\/2020\/06\/20\/mercato-roulez-jeunesse\/received_1002129176856778\/\" data-orig-file=\"https:\/\/i0.wp.com\/as-surques-escoeuilles.fr\/wp-content\/uploads\/2020\/06\/received_1002129176856778-scaled.jpg?fit=1920%2C2560&amp;ssl=1\" data-orig-size=\"1920,2560\" data-comments-opened=\"1\" data-image-meta=\"{&quot;aperture&quot;:&quot;0&quot;,&quot;credit&quot;:&quot;&quot;,&quot;camera&quot;:&quot;&quot;,&quot;caption&quot;:&quot;&quot;,&quot;created_timestamp&quot;:&quot;0&quot;,&quot;copyright&quot;:&quot;&quot;,&quot;focal_length&quot;:&quot;0&quot;,&quot;iso&quot;:&quot;0&quot;,&quot;shutter_speed&quot;:&quot;0&quot;,&quot;title&quot;:&quot;&quot;,&quot;orientation&quot;:&quot;0&quot;}\" data-image-title=\"received_1002129176856778\" data-image-description=\"\" data-image-caption=\"\" data-medium-file=\"https:\/\/i0.wp.com\/as-surques-escoeuilles.fr\/wp-content\/uploads\/2020\/06\/received_1002129176856778-scaled.jpg?fit=225%2C300&amp;ssl=1\" data-large-file=\"https:\/\/i0.wp.com\/as-surques-escoeuilles.fr\/wp-content\/uploads\/2020\/06\/received_1002129176856778-scaled.jpg?fit=768%2C1024&amp;ssl=1\" src=\"https:\/\/i0.wp.com\/as-surques-escoeuilles.fr\/wp-content\/uploads\/2020\/06\/received_1002129176856778.jpg?resize=352%2C469&#038;ssl=1\" alt=\"\" class=\"wp-image-4383\" width=\"352\" height=\"469\" srcset=\"https:\/\/i0.wp.com\/as-surques-escoeuilles.fr\/wp-content\/uploads\/2020\/06\/received_1002129176856778-scaled.jpg?resize=768%2C1024&amp;ssl=1 768w, https:\/\/i0.wp.com\/as-surques-escoeuilles.fr\/wp-content\/uploads\/2020\/06\/received_1002129176856778-scaled.jpg?resize=225%2C300&amp;ssl=1 225w, https:\/\/i0.wp.com\/as-surques-escoeuilles.fr\/wp-content\/uploads\/2020\/06\/received_1002129176856778-scaled.jpg?resize=1152%2C1536&amp;ssl=1 1152w, https:\/\/i0.wp.com\/as-surques-escoeuilles.fr\/wp-content\/uploads\/2020\/06\/received_1002129176856778-scaled.jpg?resize=1536%2C2048&amp;ssl=1 1536w, https:\/\/i0.wp.com\/as-surques-escoeuilles.fr\/wp-content\/uploads\/2020\/06\/received_1002129176856778-scaled.jpg?resize=600%2C800&amp;ssl=1 600w, https:\/\/i0.wp.com\/as-surques-escoeuilles.fr\/wp-content\/uploads\/2020\/06\/received_1002129176856778-scaled.jpg?w=1920&amp;ssl=1 1920w, https:\/\/i0.wp.com\/as-surques-escoeuilles.fr\/wp-content\/uploads\/2020\/06\/received_1002129176856778-scaled.jpg?w=1600&amp;ssl=1 1600w\" sizes=\"(max-width: 352px) 100vw, 352px\" data-recalc-dims=\"1\" \/><figcaption>Axel RAMET, 17 ans, en provenance de Licques.<\/figcaption><\/figure><\/div>\n","protected":false},"excerpt":{"rendered":"<p>Apr\u00e8s Beno\u00eet et Rudy, l&rsquo;ASSE a donc enregistr\u00e9 deux transferts suppl\u00e9mentaires en cette fin de semaine : Tom MARIANSKI, 18<\/p>\n","protected":false},"author":1,"featured_media":4383,"comment_status":"open","ping_status":"open","sticky":false,"template":"","format":"standard","meta":{"ngg_post_thumbnail":0,"jetpack_post_was_ever_published":false,"jetpack_publicize_message":"","jetpack_is_tweetstorm":false,"jetpack_publicize_feature_enabled":true,"jetpack_social_post_already_shared":true,"jetpack_social_options":{"image_generator_settings":{"template":"highway","enabled":false}}},"categories":[23,90,14],"tags":[],"jetpack_publicize_connections":[],"jetpack_featured_media_url":"https:\/\/i0.wp.com\/as-surques-escoeuilles.fr\/wp-content\/uploads\/2020\/06\/received_1002129176856778-scaled.jpg?fit=1920%2C2560&ssl=1","jetpack_sharing_enabled":true,"jetpack_shortlink":"https:\/\/wp.me\/p8dhOI-18F","jetpack-related-posts":[{"id":5222,"url":"https:\/\/as-surques-escoeuilles.fr\/index.php\/2021\/07\/05\/dernier-week-end\/","url_meta":{"origin":4381,"position":0},"title":"Dernier week end!","date":"5 juillet 2021","format":false,"excerpt":"La saison 2020 s'est donc achev\u00e9e ce week end : - les u16 s'inclinent 1-4 face \u00e0 Licques - les u14 s'imposent \u00e0 Nielles 4-3 - les seniors B-C s'inclinent 1-3 face \u00e0 Etaples Haute ville - les u11 prennent une 13\u00e8me place au tournoi de l'Us Therouanne. Merci aux\u2026","rel":"","context":"Dans &quot;S\u00e9niors&quot;","img":{"alt_text":"","src":"https:\/\/i0.wp.com\/as-surques-escoeuilles.fr\/wp-content\/uploads\/2021\/07\/received_980957872638470.jpeg?fit=1200%2C900&ssl=1&resize=350%2C200","width":350,"height":200},"classes":[]},{"id":1655,"url":"https:\/\/as-surques-escoeuilles.fr\/index.php\/2018\/08\/11\/pre-saison-rentree-des-u15\/","url_meta":{"origin":4381,"position":1},"title":"Pr\u00e9-saison : s\u00e9niors et rentr\u00e9e des U15","date":"11 ao\u00fbt 2018","format":false,"excerpt":"La pr\u00e9-saison continue pour les \u00e9quipes de l'ASSE : apr\u00e8s un d\u00e9placement \u00e0 Fr\u00e9thun et Colembert, les S\u00e9niors se d\u00e9placeront au tournoi d'Alquines le 15 ao\u00fbt, avant d'affronter Watten\u00a0 et Vieil-Moutier en matches amicaux.Pendant ce temps, les U15 feront leur rentr\u00e9e au tournoi de Colembert le 15 ao\u00fbt. Le programme\u2026","rel":"","context":"Dans &quot;Non class\u00e9&quot;","img":{"alt_text":"","src":"https:\/\/i0.wp.com\/as-surques-escoeuilles.fr\/wp-content\/uploads\/2018\/08\/Prepa.jpg?fit=520%2C390&ssl=1&resize=350%2C200","width":350,"height":200},"classes":[]},{"id":2786,"url":"https:\/\/as-surques-escoeuilles.fr\/index.php\/2019\/08\/08\/seniors-point-mercato\/","url_meta":{"origin":4381,"position":2},"title":"S\u00e9niors : point mercato","date":"8 ao\u00fbt 2019","format":false,"excerpt":"Avec deux accessions obtenues en D3 et D5 et une volont\u00e9 de faire progresser encore plus l'\u00e9quipe en D7, l'ASSE a effectu\u00e9 un effort estival pour renforcer ses trois \u00e9quipes. Le point sur les diff\u00e9rentes arriv\u00e9es : Je tiens d\u00e9j\u00e0 \u00e0 remercier le club qui a fait l'effort de payer\u2026","rel":"","context":"Dans &quot;Non class\u00e9&quot;","img":{"alt_text":"","src":"https:\/\/i0.wp.com\/as-surques-escoeuilles.fr\/wp-content\/uploads\/2019\/08\/IMG_20190808_214437.jpg?fit=1200%2C556&ssl=1&resize=350%2C200","width":350,"height":200},"classes":[]},{"id":4500,"url":"https:\/\/as-surques-escoeuilles.fr\/index.php\/2020\/07\/11\/mercato-prime-a-la-jeunesse\/","url_meta":{"origin":4381,"position":3},"title":"Mercato : prime \u00e0 la jeunesse","date":"11 juillet 2020","format":false,"excerpt":"Les effectifs seniors enregistrent leur 5\u00e8me et 6\u00e8me transfert par un retour de jeunes joueurs de la formation. Elie Retaux(19 ans en provenance de Licques), d\u00e9fenseur droit et Arthur Defachelles( 19 ans en provenance de Colembert) , d\u00e9fenseur, apportent leur enthousiasme et leur adh\u00e9sion aux valeurs Orange et Noirs pr\u00f4n\u00e9es\u2026","rel":"","context":"Dans &quot;Communication club&quot;","img":{"alt_text":"","src":"https:\/\/i0.wp.com\/as-surques-escoeuilles.fr\/wp-content\/uploads\/2020\/07\/IMG_20200710_211706.jpg?fit=630%2C1200&ssl=1&resize=350%2C200","width":350,"height":200},"classes":[]},{"id":647,"url":"https:\/\/as-surques-escoeuilles.fr\/index.php\/2017\/10\/02\/u9-infos-pour-mercredi-4-octobre\/","url_meta":{"origin":4381,"position":4},"title":"U9 : infos pour mercredi 4 octobre","date":"2 octobre 2017","format":false,"excerpt":"Les enfants suivants sont convoqu\u00e9s pour participer au plateau\u00a0 du mercredi 4 octobre \u00e0 NIELLES LES BLEQUIN : Louka Mathieu Matt\u00e9o Evan Mael Lino Nolhann Julien Martin C\u00e9lia Gabriel Eliott RDV au stade d\u2019Escoeuilles \u00e0 14h10 Plateau \u00e0 Nielles les bl\u00e9quin \u00e0 15h - Stade de l'union. Attention, l\u2019entra\u00eenement pr\u00e9vu\u2026","rel":"","context":"Dans &quot;Non class\u00e9&quot;","img":{"alt_text":"","src":"","width":0,"height":0},"classes":[]},{"id":2636,"url":"https:\/\/as-surques-escoeuilles.fr\/index.php\/2019\/05\/30\/u11-tournoi-a-lumbres\/","url_meta":{"origin":4381,"position":5},"title":"U11 : tournoi \u00e0 lumbres","date":"30 mai 2019","format":false,"excerpt":"Nos U11 ont particip\u00e9 au traditionnel tournoi de Lumbres ce jeudi de l'ascension. Apr\u00e8s 2 matchs nuls et une d\u00e9faite au matin dans une poule tr\u00e8s homog\u00e8ne, nos U11 ont donc particip\u00e9 \u00e0 la poule \"Championnat d'Europe\" lors de l'apr\u00e8s-midi. Avec \u00e9nergie offensive, solidit\u00e9 d\u00e9fensive et une belle solidarit\u00e9 et\u2026","rel":"","context":"Dans &quot;U11&quot;","img":{"alt_text":"","src":"https:\/\/i0.wp.com\/as-surques-escoeuilles.fr\/wp-content\/uploads\/2019\/05\/received_679580369131813.jpeg?fit=1200%2C900&ssl=1&resize=350%2C200","width":350,"height":200},"classes":[]}],"_links":{"self":[{"href":"https:\/\/as-surques-escoeuilles.fr\/index.php\/wp-json\/wp\/v2\/posts\/4381"}],"collection":[{"href":"https:\/\/as-surques-escoeuilles.fr\/index.php\/wp-json\/wp\/v2\/posts"}],"about":[{"href":"https:\/\/as-surques-escoeuilles.fr\/index.php\/wp-json\/wp\/v2\/types\/post"}],"author":[{"embeddable":true,"href":"https:\/\/as-surques-escoeuilles.fr\/index.php\/wp-json\/wp\/v2\/users\/1"}],"replies":[{"embeddable":true,"href":"https:\/\/as-surques-escoeuilles.fr\/index.php\/wp-json\/wp\/v2\/comments?post=4381"}],"version-history":[{"count":1,"href":"https:\/\/as-surques-escoeuilles.fr\/index.php\/wp-json\/wp\/v2\/posts\/4381\/revisions"}],"predecessor-version":[{"id":4384,"href":"https:\/\/as-surques-escoeuilles.fr\/index.php\/wp-json\/wp\/v2\/posts\/4381\/revisions\/4384"}],"wp:featuredmedia":[{"embeddable":true,"href":"https:\/\/as-surques-escoeuilles.fr\/index.php\/wp-json\/wp\/v2\/media\/4383"}],"wp:attachment":[{"href":"https:\/\/as-surques-escoeuilles.fr\/index.php\/wp-json\/wp\/v2\/media?parent=4381"}],"wp:term":[{"taxonomy":"category","embeddable":true,"href":"https:\/\/as-surques-escoeuilles.fr\/index.php\/wp-json\/wp\/v2\/categories?post=4381"},{"taxonomy":"post_tag","embeddable":true,"href":"https:\/\/as-surques-escoeuilles.fr\/index.php\/wp-json\/wp\/v2\/tags?post=4381"}],"curies":[{"name":"wp","href":"https:\/\/api.w.org\/{rel}","templated":true}]}}