{"id":4647,"date":"2020-08-24T16:17:08","date_gmt":"2020-08-24T14:17:08","guid":{"rendered":"https:\/\/as-surques-escoeuilles.fr\/index.php\/2020\/08\/24\/reprise-u8-u9\/"},"modified":"2020-08-24T20:22:08","modified_gmt":"2020-08-24T18:22:08","slug":"reprise-u8-u9","status":"publish","type":"post","link":"https:\/\/as-surques-escoeuilles.fr\/index.php\/2020\/08\/24\/reprise-u8-u9\/","title":{"rendered":"Reprise U8 U9"},"content":{"rendered":"\n<p>Rendez vous ce mercredi 26 ao\u00fbt \u00e0 13h45 pour la reprise U8 U9 pour tous les enfants n\u00e9s en 2012-2013, mais \u00e9galement pour les filles n\u00e9es en 2011 qui souhaiteraient d\u00e9couvrir la pratique. <\/p>\n","protected":false},"excerpt":{"rendered":"<p>Rendez vous ce mercredi 26 ao\u00fbt \u00e0 13h45 pour la reprise U8 U9 pour tous les enfants n\u00e9s en 2012-2013,<\/p>\n","protected":false},"author":1,"featured_media":2752,"comment_status":"open","ping_status":"open","sticky":false,"template":"","format":"standard","meta":{"ngg_post_thumbnail":0,"jetpack_post_was_ever_published":false,"jetpack_publicize_message":"","jetpack_is_tweetstorm":false,"jetpack_publicize_feature_enabled":true,"jetpack_social_post_already_shared":true,"jetpack_social_options":{"image_generator_settings":{"template":"highway","enabled":false}}},"categories":[23,90,39],"tags":[],"jetpack_publicize_connections":[],"jetpack_featured_media_url":"https:\/\/i0.wp.com\/as-surques-escoeuilles.fr\/wp-content\/uploads\/2019\/07\/5a4cac6533c1a_entrainements4obc4u1osif7v.jpg?fit=843%2C389&ssl=1","jetpack_sharing_enabled":true,"jetpack_shortlink":"https:\/\/wp.me\/p8dhOI-1cX","jetpack-related-posts":[{"id":3120,"url":"https:\/\/as-surques-escoeuilles.fr\/index.php\/2019\/10\/28\/plateau-u8-u9\/","url_meta":{"origin":4647,"position":0},"title":"Plateau U8 \/ U9","date":"28 octobre 2019","format":false,"excerpt":"En ce lundi de vacances, nos jeunes Orange et Noirs se sont rendus \u00e0 Licques pour un plateau. Ce ne sont pas moins de 16 enfants qui sont all\u00e9s rencontrer les clubs de Licques et Alquines encadr\u00e9s par Charlotte, Beno\u00eet G, Nicolas et Charles. Un grand merci aux nombreux supporters\u2026","rel":"","context":"Dans &quot;U9&quot;","img":{"alt_text":"","src":"https:\/\/i0.wp.com\/as-surques-escoeuilles.fr\/wp-content\/uploads\/2019\/10\/IMG_20191028_152038.jpg?fit=1000%2C750&ssl=1&resize=350%2C200","width":350,"height":200},"classes":[]},{"id":1432,"url":"https:\/\/as-surques-escoeuilles.fr\/index.php\/2018\/06\/02\/journee-nationale-u8-u9-les-infos\/","url_meta":{"origin":4647,"position":1},"title":"Journ\u00e9e nationale U8\/U9 : les infos","date":"2 juin 2018","format":false,"excerpt":"Voici quelques infos sur la journ\u00e9e nationale U8\/U9 : Date\u00a0 : 10 juin 2018 Horaires : de 10h00 \u00e0 17h00 Lieu : AS MARCK Rendez-vous au stade : 8h45 2 \u00e9quipes engag\u00e9es : 1 en niveau 2 avec Fran\u00e7ois, 1 en niveau 3 avec Sebastien. Les enfants convoqu\u00e9s en \u00e9quipe\u2026","rel":"","context":"Dans &quot;Non class\u00e9&quot;","img":{"alt_text":"","src":"https:\/\/i0.wp.com\/as-surques-escoeuilles.fr\/wp-content\/uploads\/2018\/06\/Affiche-U9.jpg?fit=801%2C1200&ssl=1&resize=350%2C200","width":350,"height":200},"classes":[]},{"id":3151,"url":"https:\/\/as-surques-escoeuilles.fr\/index.php\/2019\/11\/02\/plateaux-u6-u7-et-u8-u9\/","url_meta":{"origin":4647,"position":2},"title":"Plateaux U6\/U7 et U8\/U9","date":"2 novembre 2019","format":false,"excerpt":"En ce week-end de remise g\u00e9n\u00e9rale, nos deux plus jeunes cat\u00e9gories \u00e9taient tout de m\u00eame de sortie en plateau. Les U6\/U7 sont all\u00e9s avec Beno\u00eet F. et Benjamin F. \u00e0 Licques pour un plateau \u00e0 8 \u00e9quipes. Lo\u00efse, Quentin, Baptiste, Tom et Thim\u00e9o ont d\u00e9pens\u00e9 beaucoup d'\u00e9nergie pendant 6 matches.\u2026","rel":"","context":"Dans &quot;U7&quot;","img":{"alt_text":"","src":"https:\/\/i0.wp.com\/as-surques-escoeuilles.fr\/wp-content\/uploads\/2019\/11\/74408595_1148249808708606_942722386346639360_n.jpg?fit=1000%2C563&ssl=1&resize=350%2C200","width":350,"height":200},"classes":[]},{"id":3255,"url":"https:\/\/as-surques-escoeuilles.fr\/index.php\/2019\/11\/30\/plateau-u8-u9-2\/","url_meta":{"origin":4647,"position":3},"title":"Plateau U8 \/ U9","date":"30 novembre 2019","format":false,"excerpt":"Nos U8 U9 \u00e9taient ce matin de sortie \u00e0 Vieil Moutier avec deux \u00e9quipes. Au programme : du jeu, des buts , des d\u00e9fis et ceci malgr\u00e9 le froid, encadr\u00e9s par Charlotte, Charles et Benoit G. Bravo aux enfants et merci aux parents ainsi qu'au club de Vieil Moutier pour\u2026","rel":"","context":"Dans &quot;Non class\u00e9&quot;","img":{"alt_text":"","src":"https:\/\/i0.wp.com\/as-surques-escoeuilles.fr\/wp-content\/uploads\/2019\/11\/FB_IMG_1575117333269.jpg?fit=1080%2C525&ssl=1&resize=350%2C200","width":350,"height":200},"classes":[]},{"id":5729,"url":"https:\/\/as-surques-escoeuilles.fr\/index.php\/2022\/06\/09\/u8-u9-plateau-a-tournehem\/","url_meta":{"origin":4647,"position":4},"title":"U8\/U9 : plateau \u00e0 Tournehem","date":"9 juin 2022","format":false,"excerpt":"Ce mercredi 8 juin, 2 \u00e9quipes u8 u9 continuent de se d\u00e9placer avec un plateau du c\u00f4t\u00e9 de Tournehem.","rel":"","context":"Dans &quot;Projet Sportif&quot;","img":{"alt_text":"","src":"https:\/\/i0.wp.com\/as-surques-escoeuilles.fr\/wp-content\/uploads\/2022\/06\/Resized_20220608_162458.jpeg?fit=1200%2C674&ssl=1&resize=350%2C200","width":350,"height":200},"classes":[]},{"id":749,"url":"https:\/\/as-surques-escoeuilles.fr\/index.php\/2017\/12\/15\/u8-u9-entrainement-en-salle-a-13h-ce-samedi-16-12\/","url_meta":{"origin":4647,"position":5},"title":"U8\/U9 entra\u00eenement en salle \u00e0 13h ce samedi 16\/12","date":"15 d\u00e9cembre 2017","format":false,"excerpt":"Pour permettre l'organisation du match de foot f\u00e9minin de nos U11, la s\u00e9ance d'entra\u00eenement sera avanc\u00e9e \u00e0 13h et se terminera \u00e0 14h. Prenez note","rel":"","context":"Dans &quot;Non class\u00e9&quot;","img":{"alt_text":"","src":"","width":0,"height":0},"classes":[]}],"_links":{"self":[{"href":"https:\/\/as-surques-escoeuilles.fr\/index.php\/wp-json\/wp\/v2\/posts\/4647"}],"collection":[{"href":"https:\/\/as-surques-escoeuilles.fr\/index.php\/wp-json\/wp\/v2\/posts"}],"about":[{"href":"https:\/\/as-surques-escoeuilles.fr\/index.php\/wp-json\/wp\/v2\/types\/post"}],"author":[{"embeddable":true,"href":"https:\/\/as-surques-escoeuilles.fr\/index.php\/wp-json\/wp\/v2\/users\/1"}],"replies":[{"embeddable":true,"href":"https:\/\/as-surques-escoeuilles.fr\/index.php\/wp-json\/wp\/v2\/comments?post=4647"}],"version-history":[{"count":3,"href":"https:\/\/as-surques-escoeuilles.fr\/index.php\/wp-json\/wp\/v2\/posts\/4647\/revisions"}],"predecessor-version":[{"id":4663,"href":"https:\/\/as-surques-escoeuilles.fr\/index.php\/wp-json\/wp\/v2\/posts\/4647\/revisions\/4663"}],"wp:featuredmedia":[{"embeddable":true,"href":"https:\/\/as-surques-escoeuilles.fr\/index.php\/wp-json\/wp\/v2\/media\/2752"}],"wp:attachment":[{"href":"https:\/\/as-surques-escoeuilles.fr\/index.php\/wp-json\/wp\/v2\/media?parent=4647"}],"wp:term":[{"taxonomy":"category","embeddable":true,"href":"https:\/\/as-surques-escoeuilles.fr\/index.php\/wp-json\/wp\/v2\/categories?post=4647"},{"taxonomy":"post_tag","embeddable":true,"href":"https:\/\/as-surques-escoeuilles.fr\/index.php\/wp-json\/wp\/v2\/tags?post=4647"}],"curies":[{"name":"wp","href":"https:\/\/api.w.org\/{rel}","templated":true}]}}