{"id":4669,"date":"2020-10-15T18:05:54","date_gmt":"2020-10-15T16:05:54","guid":{"rendered":"https:\/\/as-surques-escoeuilles.fr\/index.php\/2020\/08\/28\/agenda\/"},"modified":"2020-10-15T18:06:05","modified_gmt":"2020-10-15T16:06:05","slug":"agenda","status":"publish","type":"post","link":"https:\/\/as-surques-escoeuilles.fr\/index.php\/2020\/10\/15\/agenda\/","title":{"rendered":"Agenda"},"content":{"rendered":"\n<figure class=\"wp-block-video\"><video controls src=\"https:\/\/as-surques-escoeuilles.fr\/wp-content\/uploads\/2020\/10\/received_346888273427481.mp4\"><\/video><\/figure>\n","protected":false},"excerpt":{"rendered":"","protected":false},"author":1,"featured_media":0,"comment_status":"open","ping_status":"open","sticky":false,"template":"","format":"standard","meta":{"ngg_post_thumbnail":0,"jetpack_post_was_ever_published":false,"jetpack_publicize_message":"","jetpack_is_tweetstorm":false,"jetpack_publicize_feature_enabled":true,"jetpack_social_post_already_shared":true,"jetpack_social_options":{"image_generator_settings":{"template":"highway","enabled":false}}},"categories":[1],"tags":[],"jetpack_publicize_connections":[],"jetpack_featured_media_url":"","jetpack_sharing_enabled":true,"jetpack_shortlink":"https:\/\/wp.me\/s8dhOI-agenda","jetpack-related-posts":[{"id":557,"url":"https:\/\/as-surques-escoeuilles.fr\/index.php\/2017\/11\/21\/agenda-de-la-semaine\/","url_meta":{"origin":4669,"position":0},"title":"Agenda de la semaine","date":"21 novembre 2017","format":false,"excerpt":"\u00a0 \u00a0","rel":"","context":"Dans &quot;Non class\u00e9&quot;","img":{"alt_text":"","src":"https:\/\/i0.wp.com\/as-surques-escoeuilles.fr\/wp-content\/uploads\/2017\/08\/Agenda-1.jpg?fit=800%2C480&ssl=1&resize=350%2C200","width":350,"height":200},"classes":[]},{"id":1077,"url":"https:\/\/as-surques-escoeuilles.fr\/index.php\/2018\/05\/28\/agenda-de-la-semaine-2\/","url_meta":{"origin":4669,"position":1},"title":"Agenda de la semaine","date":"28 mai 2018","format":false,"excerpt":"Derni\u00e8re semaine de comp\u00e9titions de la saison ! U11,U13 et s\u00e9niors au programme. N'oubliez pas de consulter les arbitres d\u00e9sign\u00e9s \u00e0 chaque rencontre sur Arbitrage 2017\/2018","rel":"","context":"Dans &quot;Non class\u00e9&quot;","img":{"alt_text":"","src":"https:\/\/i0.wp.com\/as-surques-escoeuilles.fr\/wp-content\/uploads\/2018\/04\/Capture-2-e1524044299448.png?fit=600%2C236&ssl=1&resize=350%2C200","width":350,"height":200},"classes":[]},{"id":1739,"url":"https:\/\/as-surques-escoeuilles.fr\/index.php\/2019\/05\/28\/agenda-du-08-et-09-septembre\/","url_meta":{"origin":4669,"position":2},"title":"Planning du 1 et 2 juin","date":"28 mai 2019","format":false,"excerpt":"Dernier","rel":"","context":"Dans &quot;Non class\u00e9&quot;","img":{"alt_text":"","src":"https:\/\/i0.wp.com\/as-surques-escoeuilles.fr\/wp-content\/uploads\/2019\/03\/le_programme_du_week_end7__oh2fxs__oxp6kb.jpeg?fit=919%2C612&ssl=1&resize=350%2C200","width":350,"height":200},"classes":[]},{"id":1772,"url":"https:\/\/as-surques-escoeuilles.fr\/index.php\/2018\/09\/14\/u11-u12-u13-feminines-les-infos\/","url_meta":{"origin":4669,"position":3},"title":"U11-U12-U13 f\u00e9minines : Les infos","date":"14 septembre 2018","format":false,"excerpt":"Nos f\u00e9minines U11 et U12 seront cette ann\u00e9e inscrites en foot f\u00e9minin cat\u00e9gorie U13. Elles b\u00e9n\u00e9ficieront d'un calendrier de manifestations, de matchs, de rassemblements et de d\u00e9couvertes bien charg\u00e9. Veuillez trouver ci-dessous un document explicatif de la saison ainsi que le planning des dates du 1er et 2\u00e8me semestre. Merci\u2026","rel":"","context":"Dans &quot;Non class\u00e9&quot;","img":{"alt_text":"","src":"https:\/\/i0.wp.com\/as-surques-escoeuilles.fr\/wp-content\/uploads\/2017\/12\/Foot-f\u00e9minin-02.png?resize=350%2C200","width":350,"height":200},"classes":[]},{"id":2568,"url":"https:\/\/as-surques-escoeuilles.fr\/index.php\/2019\/05\/08\/elles-reviennent\/","url_meta":{"origin":4669,"position":4},"title":"Elles reviennent !","date":"8 mai 2019","format":false,"excerpt":"","rel":"","context":"Dans &quot;Non class\u00e9&quot;","img":{"alt_text":"","src":"https:\/\/i0.wp.com\/as-surques-escoeuilles.fr\/wp-content\/uploads\/2019\/05\/affiche_feminin_2.png?fit=794%2C559&ssl=1&resize=350%2C200","width":350,"height":200},"classes":[]},{"id":4662,"url":"https:\/\/as-surques-escoeuilles.fr\/index.php\/2020\/08\/18\/groupes-jeunes\/","url_meta":{"origin":4669,"position":5},"title":"Groupes jeunes","date":"18 ao\u00fbt 2020","format":false,"excerpt":"Groupe u15 Groupe U17","rel":"","context":"Dans &quot;Non class\u00e9&quot;","img":{"alt_text":"","src":"https:\/\/i0.wp.com\/as-surques-escoeuilles.fr\/wp-content\/uploads\/2018\/04\/Capture-1.png?fit=782%2C316&ssl=1&resize=350%2C200","width":350,"height":200},"classes":[]}],"_links":{"self":[{"href":"https:\/\/as-surques-escoeuilles.fr\/index.php\/wp-json\/wp\/v2\/posts\/4669"}],"collection":[{"href":"https:\/\/as-surques-escoeuilles.fr\/index.php\/wp-json\/wp\/v2\/posts"}],"about":[{"href":"https:\/\/as-surques-escoeuilles.fr\/index.php\/wp-json\/wp\/v2\/types\/post"}],"author":[{"embeddable":true,"href":"https:\/\/as-surques-escoeuilles.fr\/index.php\/wp-json\/wp\/v2\/users\/1"}],"replies":[{"embeddable":true,"href":"https:\/\/as-surques-escoeuilles.fr\/index.php\/wp-json\/wp\/v2\/comments?post=4669"}],"version-history":[{"count":8,"href":"https:\/\/as-surques-escoeuilles.fr\/index.php\/wp-json\/wp\/v2\/posts\/4669\/revisions"}],"predecessor-version":[{"id":4783,"href":"https:\/\/as-surques-escoeuilles.fr\/index.php\/wp-json\/wp\/v2\/posts\/4669\/revisions\/4783"}],"wp:attachment":[{"href":"https:\/\/as-surques-escoeuilles.fr\/index.php\/wp-json\/wp\/v2\/media?parent=4669"}],"wp:term":[{"taxonomy":"category","embeddable":true,"href":"https:\/\/as-surques-escoeuilles.fr\/index.php\/wp-json\/wp\/v2\/categories?post=4669"},{"taxonomy":"post_tag","embeddable":true,"href":"https:\/\/as-surques-escoeuilles.fr\/index.php\/wp-json\/wp\/v2\/tags?post=4669"}],"curies":[{"name":"wp","href":"https:\/\/api.w.org\/{rel}","templated":true}]}}