{"id":4959,"date":"2020-10-18T10:22:00","date_gmt":"2020-10-18T08:22:00","guid":{"rendered":"https:\/\/as-surques-escoeuilles.fr\/?p=4959"},"modified":"2021-02-08T10:23:41","modified_gmt":"2021-02-08T09:23:41","slug":"coupe-ca-passe-pour-lequipe-fanion","status":"publish","type":"post","link":"https:\/\/as-surques-escoeuilles.fr\/index.php\/2020\/10\/18\/coupe-ca-passe-pour-lequipe-fanion\/","title":{"rendered":"Coupe : \u00e7a passe pour l&rsquo;\u00e9quipe fanion"},"content":{"rendered":"\n<p>Il aura fallu attendre le d\u00e9but de nuit, et les tirs aux buts, pour passer ce tour face \u00e0 Wavrans (2-2 dans le temps r\u00e9glementaire). L&rsquo;\u00e9quipe n&rsquo;a en effet acc\u00e9l\u00e9r\u00e9 qu&rsquo;en seconde p\u00e9riode pour inverser le score apr\u00e8s avoir \u00e9t\u00e9 cueilli \u00e0 froid par les visiteurs. Ceux-ci \u00e9galiseront dans les ultimes minutes sur une incompr\u00e9hension d\u00e9fensive. <br>Et \u00e0 la loterie des tirs aux buts, ce sont les Orange qui s&rsquo;en sortent le mieux avec trois tirs aux buts sortis par le portier Gourmelin.<\/p>\n\n\n\n<iframe src=\"https:\/\/www.facebook.com\/plugins\/video.php?height=322&#038;href=https%3A%2F%2Fwww.facebook.com%2FASSurquesEscoeuilles%2Fvideos%2F748919815663664%2F&#038;show_text=false&#038;width=560\" width=\"560\" height=\"322\" style=\"border:none;overflow:hidden\" scrolling=\"no\" frameborder=\"0\" allowfullscreen=\"true\" allow=\"autoplay; clipboard-write; encrypted-media; picture-in-picture; web-share\" allowFullScreen=\"true\"><\/iframe>\n\n\n\n<p><\/p>\n","protected":false},"excerpt":{"rendered":"<p>Il aura fallu attendre le d\u00e9but de nuit, et les tirs aux buts, pour passer ce tour face \u00e0 Wavrans<\/p>\n","protected":false},"author":1,"featured_media":4567,"comment_status":"open","ping_status":"open","sticky":false,"template":"","format":"standard","meta":{"ngg_post_thumbnail":0,"jetpack_post_was_ever_published":false,"jetpack_publicize_message":"","jetpack_is_tweetstorm":false,"jetpack_publicize_feature_enabled":true,"jetpack_social_post_already_shared":true,"jetpack_social_options":{"image_generator_settings":{"template":"highway","enabled":false}}},"categories":[14],"tags":[],"jetpack_publicize_connections":[],"jetpack_featured_media_url":"https:\/\/i0.wp.com\/as-surques-escoeuilles.fr\/wp-content\/uploads\/2020\/08\/received_4187387531335618.png?fit=843%2C89&ssl=1","jetpack_sharing_enabled":true,"jetpack_shortlink":"https:\/\/wp.me\/p8dhOI-1hZ","jetpack-related-posts":[{"id":2896,"url":"https:\/\/as-surques-escoeuilles.fr\/index.php\/2019\/09\/16\/coupes-deux-qualifications\/","url_meta":{"origin":4959,"position":0},"title":"Coupes : deux qualifications","date":"16 septembre 2019","format":false,"excerpt":"Ce week-end avaient lieu trois rencontres de coupes de district pour les s\u00e9niors : Osthrovhe - S\u00e9niors A : 1-1,3-5 TAB. Petitpont. Coupe FERMETURE FLOURET. Arbitre : VigneronEntame de match id\u00e9ale : 1minute 30 de jeu et Leroy lance Petitpont dans la profondeur : dual gagnant pour l'attaquant. Premier quart\u2026","rel":"","context":"Dans &quot;Non class\u00e9&quot;","img":{"alt_text":"","src":"https:\/\/i0.wp.com\/as-surques-escoeuilles.fr\/wp-content\/uploads\/2019\/09\/70468488_1414128358737245_5182015915369168896_n.jpg?fit=960%2C720&ssl=1&resize=350%2C200","width":350,"height":200},"classes":[]},{"id":5285,"url":"https:\/\/as-surques-escoeuilles.fr\/index.php\/2021\/08\/31\/coupe-de-france-lasse-a-la-trappe\/","url_meta":{"origin":4959,"position":1},"title":"Coupe de France : l&rsquo;ASSE \u00e0 la trappe !","date":"31 ao\u00fbt 2021","format":false,"excerpt":"Pr\u00e9venue du match pi\u00e8ge \u00e0 Calais Balzac, l'ASSE s'est pourtant prise dans les pieds dans le tapis et sort piteusement d\u00e8s le premier tour (0-0, 4-3 TAB). Pourtant, les Orange avaient pris le match par le bon bout en multipliant les occasions en premi\u00e8re mi-temps : Thomas flirtait avec la\u2026","rel":"","context":"Dans &quot;Projet Sportif&quot;","img":{"alt_text":"","src":"https:\/\/i0.wp.com\/as-surques-escoeuilles.fr\/wp-content\/uploads\/2021\/08\/IMG_20210820_191636-scaled.jpg?fit=1200%2C900&ssl=1&resize=350%2C200","width":350,"height":200},"classes":[]},{"id":5829,"url":"https:\/\/as-surques-escoeuilles.fr\/index.php\/2022\/09\/19\/coupe-de-france-feminine-aux-portes-de-lexploit\/","url_meta":{"origin":4959,"position":2},"title":"Coupe de France F\u00e9minine : aux portes de l&rsquo;exploit","date":"19 septembre 2022","format":false,"excerpt":"Ce dimanche 18 septembre, nos s\u00e9niors F\u00e9minines ont v\u00e9cu leur premier match de Coupe de France de leur histoire en se rendant sur la pelouse de Li\u00e9vin ! Et l'exploit \u00e9tait tout proche.... L'\u00e9quipe fut imm\u00e9diatement bien en place tactiquement, en maintenant cette rigueur toute au long de la p\u00e9riode.\u2026","rel":"","context":"Dans &quot;F\u00e9minines&quot;","img":{"alt_text":"","src":"https:\/\/i0.wp.com\/as-surques-escoeuilles.fr\/wp-content\/uploads\/2022\/09\/307714539_500940918710613_1970919281319937262_n.jpg?fit=1200%2C798&ssl=1&resize=350%2C200","width":350,"height":200},"classes":[]},{"id":4720,"url":"https:\/\/as-surques-escoeuilles.fr\/index.php\/2020\/09\/19\/jeunes-resultats-du-19-septembre\/","url_meta":{"origin":4959,"position":3},"title":"Jeunes : r\u00e9sultats du 19 septembre","date":"19 septembre 2020","format":false,"excerpt":"Sans faute pour nos U11 : \u00e0 domicile, un groupe bat Renescure 4-1. L'\u00e9quipe en d\u00e9placement bat Eperlecques 4-3 en revenant trois fois au score ! Deux \u00e9quipes U13 sur les trois jouaient : l'\u00e9quipe 1 niveau 3 s'est rendu \u00e0 Saint Martin au Laert et l'emporte 9-0. L'equipe 2\u2026","rel":"","context":"Dans &quot;Non class\u00e9&quot;","img":{"alt_text":"","src":"https:\/\/i0.wp.com\/as-surques-escoeuilles.fr\/wp-content\/uploads\/2020\/09\/received_6555348053726515768443193913779205-scaled.jpeg?resize=350%2C200&ssl=1","width":350,"height":200},"classes":[]},{"id":853,"url":"https:\/\/as-surques-escoeuilles.fr\/index.php\/2018\/01\/13\/feminines-victoire-a-lusbco-0-4\/","url_meta":{"origin":4959,"position":4},"title":"F\u00e9minines : victoire \u00e0 l&rsquo;USBCO (0-4)!","date":"13 janvier 2018","format":false,"excerpt":"Apr\u00e8s une premi\u00e8re rencontre difficile contre St omer(d\u00e9faite 8-2),nos filles u11 se rendaient \u00e0 Boulogne pour y affronter Usbco 2. Par un froid vif ,nos filles prenaient le match \u00e0 leur compte et dominaient les 10\u00a0 premi\u00e8res minutes du match sans toutefois se montrer dangereuse. Apr\u00e8s quelques frayeurs sur des\u2026","rel":"","context":"Dans &quot;Non class\u00e9&quot;","img":{"alt_text":"","src":"https:\/\/i0.wp.com\/as-surques-escoeuilles.fr\/wp-content\/uploads\/2018\/01\/IMG_20180113_190134.jpg?fit=720%2C409&ssl=1&resize=350%2C200","width":350,"height":200},"classes":[]},{"id":4034,"url":"https:\/\/as-surques-escoeuilles.fr\/index.php\/2020\/02\/18\/u13-tournoi-en-salle\/","url_meta":{"origin":4959,"position":5},"title":"U13 : Tournoi en salle","date":"18 f\u00e9vrier 2020","format":false,"excerpt":"Ce mardi, nos U13 Orange et Noirs ont \u00e9t\u00e9 invit\u00e9s par la JS Longuenesse pour participer \u00e0 un tournoi Futsal. L'occasion a \u00e9t\u00e9 belle pour d\u00e9couvrir la comp\u00e9tition dans cette pratique. Apr\u00e8s 7 matches, de beaux encha\u00eenements, des buts, nos 2 \u00e9quipes montaient sur le podium mais laissaient filer la\u2026","rel":"","context":"Dans &quot;U13&quot;","img":{"alt_text":"","src":"https:\/\/i0.wp.com\/as-surques-escoeuilles.fr\/wp-content\/uploads\/2020\/02\/FB_IMG_1582048947733.jpg?fit=1080%2C810&ssl=1&resize=350%2C200","width":350,"height":200},"classes":[]}],"_links":{"self":[{"href":"https:\/\/as-surques-escoeuilles.fr\/index.php\/wp-json\/wp\/v2\/posts\/4959"}],"collection":[{"href":"https:\/\/as-surques-escoeuilles.fr\/index.php\/wp-json\/wp\/v2\/posts"}],"about":[{"href":"https:\/\/as-surques-escoeuilles.fr\/index.php\/wp-json\/wp\/v2\/types\/post"}],"author":[{"embeddable":true,"href":"https:\/\/as-surques-escoeuilles.fr\/index.php\/wp-json\/wp\/v2\/users\/1"}],"replies":[{"embeddable":true,"href":"https:\/\/as-surques-escoeuilles.fr\/index.php\/wp-json\/wp\/v2\/comments?post=4959"}],"version-history":[{"count":3,"href":"https:\/\/as-surques-escoeuilles.fr\/index.php\/wp-json\/wp\/v2\/posts\/4959\/revisions"}],"predecessor-version":[{"id":4962,"href":"https:\/\/as-surques-escoeuilles.fr\/index.php\/wp-json\/wp\/v2\/posts\/4959\/revisions\/4962"}],"wp:featuredmedia":[{"embeddable":true,"href":"https:\/\/as-surques-escoeuilles.fr\/index.php\/wp-json\/wp\/v2\/media\/4567"}],"wp:attachment":[{"href":"https:\/\/as-surques-escoeuilles.fr\/index.php\/wp-json\/wp\/v2\/media?parent=4959"}],"wp:term":[{"taxonomy":"category","embeddable":true,"href":"https:\/\/as-surques-escoeuilles.fr\/index.php\/wp-json\/wp\/v2\/categories?post=4959"},{"taxonomy":"post_tag","embeddable":true,"href":"https:\/\/as-surques-escoeuilles.fr\/index.php\/wp-json\/wp\/v2\/tags?post=4959"}],"curies":[{"name":"wp","href":"https:\/\/api.w.org\/{rel}","templated":true}]}}