{"id":5059,"date":"2021-04-21T18:18:42","date_gmt":"2021-04-21T16:18:42","guid":{"rendered":"https:\/\/as-surques-escoeuilles.fr\/index.php\/2021\/04\/21\/mini-stage-pour-les-2014\/"},"modified":"2021-04-21T18:22:40","modified_gmt":"2021-04-21T16:22:40","slug":"mini-stage-pour-les-2014","status":"publish","type":"post","link":"https:\/\/as-surques-escoeuilles.fr\/index.php\/2021\/04\/21\/mini-stage-pour-les-2014\/","title":{"rendered":"Mini-stage pour les 2014"},"content":{"rendered":"\n<p>Journ\u00e9e particuli\u00e8re pour la g\u00e9n\u00e9ration 2014. La matin\u00e9e a d&rsquo;abord \u00e9t\u00e9 consacr\u00e9e \u00e0 une immersion autour d&rsquo;une s\u00e9ance U8 U9 pour la d\u00e9couverte du foot \u00e0 5 et des des futurs partenaires.<\/p>\n\n\n\n<p>Apr\u00e8s un repas bien m\u00e9rit\u00e9, l&rsquo;apr\u00e8s midi les a vu aussi participer \u00e0 leur s\u00e9ance habituelle en U6 U7 autour de jeux toujours ludiques ! Bravo pour leur \u00e9nergie constante qui a \u00e9puis\u00e9 les \u00e9ducateurs du jour Aliz\u00e9e, Cl\u00e9ment, Hugo, Lena, Loreen et Beno\u00eet. <\/p>\n\n\n\n<figure class=\"wp-block-image size-large\"><img data-attachment-id=\"5054\" data-permalink=\"https:\/\/as-surques-escoeuilles.fr\/index.php\/2021\/04\/21\/mini-stage-pour-les-2014\/received_342061220583434986086764594798445\/\" data-orig-file=\"https:\/\/i0.wp.com\/as-surques-escoeuilles.fr\/wp-content\/uploads\/2021\/04\/received_342061220583434986086764594798445-scaled.jpeg?fit=1920%2C2560&amp;ssl=1\" data-orig-size=\"1920,2560\" data-comments-opened=\"1\" data-image-meta=\"{&quot;aperture&quot;:&quot;0&quot;,&quot;credit&quot;:&quot;&quot;,&quot;camera&quot;:&quot;&quot;,&quot;caption&quot;:&quot;&quot;,&quot;created_timestamp&quot;:&quot;0&quot;,&quot;copyright&quot;:&quot;&quot;,&quot;focal_length&quot;:&quot;0&quot;,&quot;iso&quot;:&quot;0&quot;,&quot;shutter_speed&quot;:&quot;0&quot;,&quot;title&quot;:&quot;&quot;,&quot;orientation&quot;:&quot;0&quot;}\" data-image-title=\"received_342061220583434986086764594798445.jpeg\" data-image-description=\"\" data-image-caption=\"\" data-medium-file=\"https:\/\/i0.wp.com\/as-surques-escoeuilles.fr\/wp-content\/uploads\/2021\/04\/received_342061220583434986086764594798445-scaled.jpeg?fit=225%2C300&amp;ssl=1\" data-large-file=\"https:\/\/i0.wp.com\/as-surques-escoeuilles.fr\/wp-content\/uploads\/2021\/04\/received_342061220583434986086764594798445-scaled.jpeg?fit=768%2C1024&amp;ssl=1\" fetchpriority=\"high\" width=\"768\" height=\"1024\" src=\"https:\/\/i0.wp.com\/as-surques-escoeuilles.fr\/wp-content\/uploads\/2021\/04\/received_342061220583434986086764594798445.jpeg?resize=768%2C1024&#038;ssl=1\" alt=\"\" class=\"wp-image-5054\" srcset=\"https:\/\/i0.wp.com\/as-surques-escoeuilles.fr\/wp-content\/uploads\/2021\/04\/received_342061220583434986086764594798445-scaled.jpeg?resize=768%2C1024&amp;ssl=1 768w, https:\/\/i0.wp.com\/as-surques-escoeuilles.fr\/wp-content\/uploads\/2021\/04\/received_342061220583434986086764594798445-scaled.jpeg?resize=225%2C300&amp;ssl=1 225w, https:\/\/i0.wp.com\/as-surques-escoeuilles.fr\/wp-content\/uploads\/2021\/04\/received_342061220583434986086764594798445-scaled.jpeg?resize=1152%2C1536&amp;ssl=1 1152w, https:\/\/i0.wp.com\/as-surques-escoeuilles.fr\/wp-content\/uploads\/2021\/04\/received_342061220583434986086764594798445-scaled.jpeg?resize=1536%2C2048&amp;ssl=1 1536w, https:\/\/i0.wp.com\/as-surques-escoeuilles.fr\/wp-content\/uploads\/2021\/04\/received_342061220583434986086764594798445-scaled.jpeg?resize=600%2C800&amp;ssl=1 600w, https:\/\/i0.wp.com\/as-surques-escoeuilles.fr\/wp-content\/uploads\/2021\/04\/received_342061220583434986086764594798445-scaled.jpeg?w=1920&amp;ssl=1 1920w, https:\/\/i0.wp.com\/as-surques-escoeuilles.fr\/wp-content\/uploads\/2021\/04\/received_342061220583434986086764594798445-scaled.jpeg?w=1600&amp;ssl=1 1600w\" sizes=\"(max-width: 768px) 100vw, 768px\" data-recalc-dims=\"1\" \/><\/figure>\n\n\n\n<figure class=\"wp-block-image size-large\"><img data-attachment-id=\"5055\" data-permalink=\"https:\/\/as-surques-escoeuilles.fr\/index.php\/2021\/04\/21\/mini-stage-pour-les-2014\/received_7660770274399334194854550004221200\/\" data-orig-file=\"https:\/\/i0.wp.com\/as-surques-escoeuilles.fr\/wp-content\/uploads\/2021\/04\/received_7660770274399334194854550004221200-scaled.jpeg?fit=2560%2C1920&amp;ssl=1\" data-orig-size=\"2560,1920\" data-comments-opened=\"1\" data-image-meta=\"{&quot;aperture&quot;:&quot;0&quot;,&quot;credit&quot;:&quot;&quot;,&quot;camera&quot;:&quot;&quot;,&quot;caption&quot;:&quot;&quot;,&quot;created_timestamp&quot;:&quot;0&quot;,&quot;copyright&quot;:&quot;&quot;,&quot;focal_length&quot;:&quot;0&quot;,&quot;iso&quot;:&quot;0&quot;,&quot;shutter_speed&quot;:&quot;0&quot;,&quot;title&quot;:&quot;&quot;,&quot;orientation&quot;:&quot;0&quot;}\" data-image-title=\"received_7660770274399334194854550004221200.jpeg\" data-image-description=\"\" data-image-caption=\"\" data-medium-file=\"https:\/\/i0.wp.com\/as-surques-escoeuilles.fr\/wp-content\/uploads\/2021\/04\/received_7660770274399334194854550004221200-scaled.jpeg?fit=300%2C225&amp;ssl=1\" data-large-file=\"https:\/\/i0.wp.com\/as-surques-escoeuilles.fr\/wp-content\/uploads\/2021\/04\/received_7660770274399334194854550004221200-scaled.jpeg?fit=800%2C600&amp;ssl=1\" width=\"800\" height=\"600\" src=\"https:\/\/i0.wp.com\/as-surques-escoeuilles.fr\/wp-content\/uploads\/2021\/04\/received_7660770274399334194854550004221200.jpeg?resize=800%2C600&#038;ssl=1\" alt=\"\" class=\"wp-image-5055\" srcset=\"https:\/\/i0.wp.com\/as-surques-escoeuilles.fr\/wp-content\/uploads\/2021\/04\/received_7660770274399334194854550004221200-scaled.jpeg?resize=1024%2C768&amp;ssl=1 1024w, https:\/\/i0.wp.com\/as-surques-escoeuilles.fr\/wp-content\/uploads\/2021\/04\/received_7660770274399334194854550004221200-scaled.jpeg?resize=300%2C225&amp;ssl=1 300w, https:\/\/i0.wp.com\/as-surques-escoeuilles.fr\/wp-content\/uploads\/2021\/04\/received_7660770274399334194854550004221200-scaled.jpeg?resize=768%2C576&amp;ssl=1 768w, https:\/\/i0.wp.com\/as-surques-escoeuilles.fr\/wp-content\/uploads\/2021\/04\/received_7660770274399334194854550004221200-scaled.jpeg?resize=1536%2C1152&amp;ssl=1 1536w, https:\/\/i0.wp.com\/as-surques-escoeuilles.fr\/wp-content\/uploads\/2021\/04\/received_7660770274399334194854550004221200-scaled.jpeg?resize=2048%2C1536&amp;ssl=1 2048w, https:\/\/i0.wp.com\/as-surques-escoeuilles.fr\/wp-content\/uploads\/2021\/04\/received_7660770274399334194854550004221200-scaled.jpeg?resize=600%2C450&amp;ssl=1 600w, https:\/\/i0.wp.com\/as-surques-escoeuilles.fr\/wp-content\/uploads\/2021\/04\/received_7660770274399334194854550004221200-scaled.jpeg?w=1600&amp;ssl=1 1600w, https:\/\/i0.wp.com\/as-surques-escoeuilles.fr\/wp-content\/uploads\/2021\/04\/received_7660770274399334194854550004221200-scaled.jpeg?w=2400&amp;ssl=1 2400w\" sizes=\"(max-width: 800px) 100vw, 800px\" data-recalc-dims=\"1\" \/><\/figure>\n\n\n\n<figure class=\"wp-block-image size-large\"><img data-attachment-id=\"5056\" data-permalink=\"https:\/\/as-surques-escoeuilles.fr\/index.php\/2021\/04\/21\/mini-stage-pour-les-2014\/received_12758955728079915430637119510403989\/\" data-orig-file=\"https:\/\/i0.wp.com\/as-surques-escoeuilles.fr\/wp-content\/uploads\/2021\/04\/received_12758955728079915430637119510403989-scaled.jpeg?fit=1920%2C2560&amp;ssl=1\" data-orig-size=\"1920,2560\" data-comments-opened=\"1\" data-image-meta=\"{&quot;aperture&quot;:&quot;0&quot;,&quot;credit&quot;:&quot;&quot;,&quot;camera&quot;:&quot;&quot;,&quot;caption&quot;:&quot;&quot;,&quot;created_timestamp&quot;:&quot;0&quot;,&quot;copyright&quot;:&quot;&quot;,&quot;focal_length&quot;:&quot;0&quot;,&quot;iso&quot;:&quot;0&quot;,&quot;shutter_speed&quot;:&quot;0&quot;,&quot;title&quot;:&quot;&quot;,&quot;orientation&quot;:&quot;0&quot;}\" data-image-title=\"received_12758955728079915430637119510403989.jpeg\" data-image-description=\"\" data-image-caption=\"\" data-medium-file=\"https:\/\/i0.wp.com\/as-surques-escoeuilles.fr\/wp-content\/uploads\/2021\/04\/received_12758955728079915430637119510403989-scaled.jpeg?fit=225%2C300&amp;ssl=1\" data-large-file=\"https:\/\/i0.wp.com\/as-surques-escoeuilles.fr\/wp-content\/uploads\/2021\/04\/received_12758955728079915430637119510403989-scaled.jpeg?fit=768%2C1024&amp;ssl=1\" width=\"768\" height=\"1024\" src=\"https:\/\/i0.wp.com\/as-surques-escoeuilles.fr\/wp-content\/uploads\/2021\/04\/received_12758955728079915430637119510403989.jpeg?resize=768%2C1024&#038;ssl=1\" alt=\"\" class=\"wp-image-5056\" srcset=\"https:\/\/i0.wp.com\/as-surques-escoeuilles.fr\/wp-content\/uploads\/2021\/04\/received_12758955728079915430637119510403989-scaled.jpeg?resize=768%2C1024&amp;ssl=1 768w, https:\/\/i0.wp.com\/as-surques-escoeuilles.fr\/wp-content\/uploads\/2021\/04\/received_12758955728079915430637119510403989-scaled.jpeg?resize=225%2C300&amp;ssl=1 225w, https:\/\/i0.wp.com\/as-surques-escoeuilles.fr\/wp-content\/uploads\/2021\/04\/received_12758955728079915430637119510403989-scaled.jpeg?resize=1152%2C1536&amp;ssl=1 1152w, https:\/\/i0.wp.com\/as-surques-escoeuilles.fr\/wp-content\/uploads\/2021\/04\/received_12758955728079915430637119510403989-scaled.jpeg?resize=1536%2C2048&amp;ssl=1 1536w, https:\/\/i0.wp.com\/as-surques-escoeuilles.fr\/wp-content\/uploads\/2021\/04\/received_12758955728079915430637119510403989-scaled.jpeg?resize=600%2C800&amp;ssl=1 600w, https:\/\/i0.wp.com\/as-surques-escoeuilles.fr\/wp-content\/uploads\/2021\/04\/received_12758955728079915430637119510403989-scaled.jpeg?w=1920&amp;ssl=1 1920w, https:\/\/i0.wp.com\/as-surques-escoeuilles.fr\/wp-content\/uploads\/2021\/04\/received_12758955728079915430637119510403989-scaled.jpeg?w=1600&amp;ssl=1 1600w\" sizes=\"(max-width: 768px) 100vw, 768px\" data-recalc-dims=\"1\" \/><figcaption>Deux circuits de passe diff\u00e9rents avec finition, dans lesquels les questions \u00a0\u00bb qui est d\u00e9fenseur, qui est attaquant, mais qui est entre les deux\u00a0\u00bb ont fait \u00e9merger les diff\u00e9rences entre foot \u00e0 3 et foot \u00e0 5<\/figcaption><\/figure>\n\n\n\n<figure class=\"wp-block-image size-large\"><img data-attachment-id=\"5057\" data-permalink=\"https:\/\/as-surques-escoeuilles.fr\/index.php\/2021\/04\/21\/mini-stage-pour-les-2014\/img_20210421_1349501687302115813413008\/\" data-orig-file=\"https:\/\/i0.wp.com\/as-surques-escoeuilles.fr\/wp-content\/uploads\/2021\/04\/img_20210421_1349501687302115813413008-scaled.jpg?fit=1267%2C2560&amp;ssl=1\" data-orig-size=\"1267,2560\" data-comments-opened=\"1\" data-image-meta=\"{&quot;aperture&quot;:&quot;0&quot;,&quot;credit&quot;:&quot;&quot;,&quot;camera&quot;:&quot;&quot;,&quot;caption&quot;:&quot;&quot;,&quot;created_timestamp&quot;:&quot;0&quot;,&quot;copyright&quot;:&quot;&quot;,&quot;focal_length&quot;:&quot;0&quot;,&quot;iso&quot;:&quot;0&quot;,&quot;shutter_speed&quot;:&quot;0&quot;,&quot;title&quot;:&quot;&quot;,&quot;orientation&quot;:&quot;0&quot;}\" data-image-title=\"img_20210421_1349501687302115813413008.jpg\" data-image-description=\"\" data-image-caption=\"\" data-medium-file=\"https:\/\/i0.wp.com\/as-surques-escoeuilles.fr\/wp-content\/uploads\/2021\/04\/img_20210421_1349501687302115813413008-scaled.jpg?fit=149%2C300&amp;ssl=1\" data-large-file=\"https:\/\/i0.wp.com\/as-surques-escoeuilles.fr\/wp-content\/uploads\/2021\/04\/img_20210421_1349501687302115813413008-scaled.jpg?fit=507%2C1024&amp;ssl=1\" loading=\"lazy\" width=\"507\" height=\"1024\" src=\"https:\/\/i0.wp.com\/as-surques-escoeuilles.fr\/wp-content\/uploads\/2021\/04\/img_20210421_1349501687302115813413008.jpg?resize=507%2C1024&#038;ssl=1\" alt=\"\" class=\"wp-image-5057\" srcset=\"https:\/\/i0.wp.com\/as-surques-escoeuilles.fr\/wp-content\/uploads\/2021\/04\/img_20210421_1349501687302115813413008-scaled.jpg?resize=507%2C1024&amp;ssl=1 507w, https:\/\/i0.wp.com\/as-surques-escoeuilles.fr\/wp-content\/uploads\/2021\/04\/img_20210421_1349501687302115813413008-scaled.jpg?resize=149%2C300&amp;ssl=1 149w, https:\/\/i0.wp.com\/as-surques-escoeuilles.fr\/wp-content\/uploads\/2021\/04\/img_20210421_1349501687302115813413008-scaled.jpg?resize=768%2C1552&amp;ssl=1 768w, https:\/\/i0.wp.com\/as-surques-escoeuilles.fr\/wp-content\/uploads\/2021\/04\/img_20210421_1349501687302115813413008-scaled.jpg?resize=760%2C1536&amp;ssl=1 760w, https:\/\/i0.wp.com\/as-surques-escoeuilles.fr\/wp-content\/uploads\/2021\/04\/img_20210421_1349501687302115813413008-scaled.jpg?resize=1014%2C2048&amp;ssl=1 1014w, https:\/\/i0.wp.com\/as-surques-escoeuilles.fr\/wp-content\/uploads\/2021\/04\/img_20210421_1349501687302115813413008-scaled.jpg?resize=600%2C1212&amp;ssl=1 600w, https:\/\/i0.wp.com\/as-surques-escoeuilles.fr\/wp-content\/uploads\/2021\/04\/img_20210421_1349501687302115813413008-scaled.jpg?w=1267&amp;ssl=1 1267w\" sizes=\"(max-width: 507px) 100vw, 507px\" data-recalc-dims=\"1\" \/><figcaption>Les frappes au but ont fini par faire plier les \u00e9ducateurs <\/figcaption><\/figure>\n","protected":false},"excerpt":{"rendered":"<p>Journ\u00e9e particuli\u00e8re pour la g\u00e9n\u00e9ration 2014. La matin\u00e9e a d&rsquo;abord \u00e9t\u00e9 consacr\u00e9e \u00e0 une immersion autour d&rsquo;une s\u00e9ance U8 U9<\/p>\n","protected":false},"author":1,"featured_media":5058,"comment_status":"open","ping_status":"open","sticky":false,"template":"","format":"standard","meta":{"ngg_post_thumbnail":0,"jetpack_post_was_ever_published":false,"jetpack_publicize_message":"","jetpack_is_tweetstorm":false,"jetpack_publicize_feature_enabled":true,"jetpack_social_post_already_shared":true,"jetpack_social_options":{"image_generator_settings":{"template":"highway","enabled":false}}},"categories":[90,20,39],"tags":[],"jetpack_publicize_connections":[],"jetpack_featured_media_url":"https:\/\/i0.wp.com\/as-surques-escoeuilles.fr\/wp-content\/uploads\/2021\/04\/received_342061220583434-scaled.jpeg?fit=1920%2C2560&ssl=1","jetpack_sharing_enabled":true,"jetpack_shortlink":"https:\/\/wp.me\/p8dhOI-1jB","jetpack-related-posts":[{"id":3151,"url":"https:\/\/as-surques-escoeuilles.fr\/index.php\/2019\/11\/02\/plateaux-u6-u7-et-u8-u9\/","url_meta":{"origin":5059,"position":0},"title":"Plateaux U6\/U7 et U8\/U9","date":"2 novembre 2019","format":false,"excerpt":"En ce week-end de remise g\u00e9n\u00e9rale, nos deux plus jeunes cat\u00e9gories \u00e9taient tout de m\u00eame de sortie en plateau. Les U6\/U7 sont all\u00e9s avec Beno\u00eet F. et Benjamin F. \u00e0 Licques pour un plateau \u00e0 8 \u00e9quipes. Lo\u00efse, Quentin, Baptiste, Tom et Thim\u00e9o ont d\u00e9pens\u00e9 beaucoup d'\u00e9nergie pendant 6 matches.\u2026","rel":"","context":"Dans &quot;U7&quot;","img":{"alt_text":"","src":"https:\/\/i0.wp.com\/as-surques-escoeuilles.fr\/wp-content\/uploads\/2019\/11\/74408595_1148249808708606_942722386346639360_n.jpg?fit=1000%2C563&ssl=1&resize=350%2C200","width":350,"height":200},"classes":[]},{"id":3888,"url":"https:\/\/as-surques-escoeuilles.fr\/index.php\/2020\/01\/22\/pef-u9-delocalisation-de-la-seance-dentrainement-en-autopartage-electrique\/","url_meta":{"origin":5059,"position":1},"title":"PEF-U9 : d\u00e9localisation de la s\u00e9ance d&rsquo;entra\u00eenement en autopartage \u00e9lectrique","date":"22 janvier 2020","format":false,"excerpt":"Ce mercredi, Beno\u00eet G. A d\u00e9localis\u00e9 l'entra\u00eenement des U9 pour faire d\u00e9couvrir aux jeunes Orange et Noirs la surface synth\u00e9tique de Lumbres pour leur s\u00e9ance du jour. Initiative tr\u00e8s appr\u00e9ci\u00e9e des enfants qui leur ont permis de rechausser les crampons en cette p\u00e9riode de terrain gras.Les joueurs en ont profit\u00e9\u2026","rel":"","context":"Dans &quot;Programme Educatif F\u00e9d\u00e9ral&quot;","img":{"alt_text":"","src":"https:\/\/i0.wp.com\/as-surques-escoeuilles.fr\/wp-content\/uploads\/2020\/01\/IMG_20200122_154929.jpg?fit=1200%2C594&ssl=1&resize=350%2C200","width":350,"height":200},"classes":[]},{"id":5070,"url":"https:\/\/as-surques-escoeuilles.fr\/index.php\/2021\/05\/04\/journee-portes-ouvertes\/","url_meta":{"origin":5059,"position":2},"title":"Journ\u00e9e portes ouvertes","date":"4 mai 2021","format":false,"excerpt":"L'\u00e9cole de foot ouvrira ses portes le samedi 22 mai \u00e0 14h00 pour des s\u00e9ances U6 U7 et U8 U9. Tous les enfants n\u00e9s entre 2013 et 2016 sont les bienvenus pour d\u00e9couvrir la pratique. Pour les personnes n\u00e9es en 2004 ou avant, les s\u00e9ances seniors sont ouvertes aux essais\u2026","rel":"","context":"Dans &quot;Communication club&quot;","img":{"alt_text":"","src":"https:\/\/i0.wp.com\/as-surques-escoeuilles.fr\/wp-content\/uploads\/2021\/05\/IMG_20210502_170722.jpg?fit=596%2C832&ssl=1&resize=350%2C200","width":350,"height":200},"classes":[]},{"id":5357,"url":"https:\/\/as-surques-escoeuilles.fr\/index.php\/2021\/09\/30\/retour-sur-loperation-retouraufoot\/","url_meta":{"origin":5059,"position":3},"title":"Retour sur l&rsquo;op\u00e9ration #RetourAuFoot","date":"30 septembre 2021","format":false,"excerpt":"Le samedi 11 septembre, l'\u00e9cole de foot participait \u00e0 l'op\u00e9ration #RetourAuFoot. Cette matin\u00e9e a donc \u00e9t\u00e9 le th\u00e9\u00e2tre des traditionnelles s\u00e9ances mini-foot \u00e0 U9 qui ont \u00e9t\u00e9 scind\u00e9s en plusieurs ateliers \u00e9ducatifs autour du Programme Educatif F\u00e9d\u00e9ral. Surprise pour les enfants : ce sont les U14 et U15 F\u00e9minines du\u2026","rel":"","context":"Dans &quot;Communication club&quot;","img":{"alt_text":"","src":"https:\/\/i0.wp.com\/as-surques-escoeuilles.fr\/wp-content\/uploads\/2021\/09\/equipe.jpg?fit=828%2C621&ssl=1&resize=350%2C200","width":350,"height":200},"classes":[]},{"id":2119,"url":"https:\/\/as-surques-escoeuilles.fr\/index.php\/2019\/12\/07\/arbre-de-noel-2\/","url_meta":{"origin":5059,"position":4},"title":"Arbre de No\u00ebl et collecte","date":"7 d\u00e9cembre 2019","format":false,"excerpt":"L\u2019arbre de No\u00ebl pour les licenci\u00e9s jusqu\u2019\u00e0 la cat\u00e9gorie U13 \u00a0aura lieu cette ann\u00e9e le mercredi 18 d\u00e9cembre 2019 \u00e0 la salle de Bainghen \u00e0 partir de 16h00. L'occasion pour les jeunes Orange et Noirs de venir se retrouver une derni\u00e8re fois autour d'un go\u00fbter et de venir retirer leurs\u2026","rel":"","context":"Dans &quot;Communication club&quot;","img":{"alt_text":"","src":"https:\/\/i0.wp.com\/as-surques-escoeuilles.fr\/wp-content\/uploads\/2018\/12\/Cadeaux-no\u00ebl-club-football-800x538.jpg?fit=800%2C538&ssl=1&resize=350%2C200","width":350,"height":200},"classes":[]},{"id":1383,"url":"https:\/\/as-surques-escoeuilles.fr\/index.php\/2018\/05\/16\/europa-league-pronostics-des-u7-u8-u9\/","url_meta":{"origin":5059,"position":5},"title":"Europa League : Pronostics des U7\/U8\/U9","date":"16 mai 2018","format":false,"excerpt":"A l'occasion de la finale de l'Europa league entre l'Olympique de Marseille et l'Atletico Madrid nous avons demand\u00e9 l'avis de nos experts pour un petit concours de pronostics. Les voici (\u00e0 la fin des 90 min): Louka = 1 \u00e0 0 Matt\u00e9o = 2 \u00e0 0 Mael = 3 \u00e0\u2026","rel":"","context":"Dans &quot;Non class\u00e9&quot;","img":{"alt_text":"","src":"https:\/\/i0.wp.com\/as-surques-escoeuilles.fr\/wp-content\/uploads\/2018\/05\/EUROPA-LEAGUE.jpg?fit=600%2C318&ssl=1&resize=350%2C200","width":350,"height":200},"classes":[]}],"_links":{"self":[{"href":"https:\/\/as-surques-escoeuilles.fr\/index.php\/wp-json\/wp\/v2\/posts\/5059"}],"collection":[{"href":"https:\/\/as-surques-escoeuilles.fr\/index.php\/wp-json\/wp\/v2\/posts"}],"about":[{"href":"https:\/\/as-surques-escoeuilles.fr\/index.php\/wp-json\/wp\/v2\/types\/post"}],"author":[{"embeddable":true,"href":"https:\/\/as-surques-escoeuilles.fr\/index.php\/wp-json\/wp\/v2\/users\/1"}],"replies":[{"embeddable":true,"href":"https:\/\/as-surques-escoeuilles.fr\/index.php\/wp-json\/wp\/v2\/comments?post=5059"}],"version-history":[{"count":1,"href":"https:\/\/as-surques-escoeuilles.fr\/index.php\/wp-json\/wp\/v2\/posts\/5059\/revisions"}],"predecessor-version":[{"id":5060,"href":"https:\/\/as-surques-escoeuilles.fr\/index.php\/wp-json\/wp\/v2\/posts\/5059\/revisions\/5060"}],"wp:featuredmedia":[{"embeddable":true,"href":"https:\/\/as-surques-escoeuilles.fr\/index.php\/wp-json\/wp\/v2\/media\/5058"}],"wp:attachment":[{"href":"https:\/\/as-surques-escoeuilles.fr\/index.php\/wp-json\/wp\/v2\/media?parent=5059"}],"wp:term":[{"taxonomy":"category","embeddable":true,"href":"https:\/\/as-surques-escoeuilles.fr\/index.php\/wp-json\/wp\/v2\/categories?post=5059"},{"taxonomy":"post_tag","embeddable":true,"href":"https:\/\/as-surques-escoeuilles.fr\/index.php\/wp-json\/wp\/v2\/tags?post=5059"}],"curies":[{"name":"wp","href":"https:\/\/api.w.org\/{rel}","templated":true}]}}