{"id":524,"date":"2017-08-14T12:42:31","date_gmt":"2017-08-14T10:42:31","guid":{"rendered":"http:\/\/as-surques-escoeuilles.fr\/?p=524"},"modified":"2017-08-14T12:43:00","modified_gmt":"2017-08-14T10:43:00","slug":"524","status":"publish","type":"post","link":"https:\/\/as-surques-escoeuilles.fr\/index.php\/2017\/08\/14\/524\/","title":{"rendered":"Amical  : Convocations S\u00e9niors A"},"content":{"rendered":"<p>Dans le cadre de leur pr\u00e9paration, les s\u00e9niors A re\u00e7oivent l&rsquo;US Th\u00e9rouanne ce mercredi 16 ao\u00fbt \u00e0 19h00. Voir rubrique convocations pour les joueurs concern\u00e9s.<\/p>\n<p>Rendez-vous \u00e0 18h30 au stade.<\/p>\n","protected":false},"excerpt":{"rendered":"<p>Dans le cadre de leur pr\u00e9paration, les s\u00e9niors A re\u00e7oivent l&rsquo;US Th\u00e9rouanne ce mercredi 16 ao\u00fbt \u00e0 19h00. Voir rubrique<\/p>\n","protected":false},"author":1,"featured_media":525,"comment_status":"open","ping_status":"open","sticky":false,"template":"","format":"standard","meta":{"ngg_post_thumbnail":0,"jetpack_post_was_ever_published":false,"jetpack_publicize_message":"","jetpack_is_tweetstorm":false,"jetpack_publicize_feature_enabled":true,"jetpack_social_post_already_shared":true,"jetpack_social_options":{"image_generator_settings":{"template":"highway","enabled":false}}},"categories":[10],"tags":[],"jetpack_publicize_connections":[],"jetpack_featured_media_url":"https:\/\/i0.wp.com\/as-surques-escoeuilles.fr\/wp-content\/uploads\/2017\/08\/convoc__nboh6j__odwqvm.png?fit=761%2C294&ssl=1","jetpack_sharing_enabled":true,"jetpack_shortlink":"https:\/\/wp.me\/s8dhOI-524","jetpack-related-posts":[{"id":1624,"url":"https:\/\/as-surques-escoeuilles.fr\/index.php\/2018\/08\/09\/amicaux-seniors\/","url_meta":{"origin":524,"position":0},"title":"Amicaux s\u00e9niors","date":"9 ao\u00fbt 2018","format":false,"excerpt":"Apr\u00e8s 10 jours de pr\u00e9paration physique, le groupe s\u00e9niors entame sa campagne de matches de pr\u00e9-saison : ce vendredi 10 ao\u00fbt face \u00e0 Fr\u00e9thun (19h00) : RDV \u00e0 17h45 au stade ou 18h25 sur place pour les joueurs concern\u00e9s (voir rubrique convocations) ce dimanche 12 ao\u00fbt \u00e0 partir de 8h50\u2026","rel":"","context":"Dans &quot;S\u00e9niors&quot;","img":{"alt_text":"","src":"https:\/\/i0.wp.com\/as-surques-escoeuilles.fr\/wp-content\/uploads\/2018\/01\/info_s\u00e9niors.png?fit=962%2C435&ssl=1&resize=350%2C200","width":350,"height":200},"classes":[]},{"id":1105,"url":"https:\/\/as-surques-escoeuilles.fr\/index.php\/2018\/03\/30\/convocations-u9-nordausques-04-04\/","url_meta":{"origin":524,"position":1},"title":"CONVOCATIONS U9 (NORDAUSQUES 04\/04)","date":"30 mars 2018","format":false,"excerpt":"Les enfants suivants sont convoqu\u00e9s pour le plateau \u00e0 Nordausques du mercredi 4 avril (15h \u00e0 16h) : Louka Matt\u00e9o Mael Mathieu Julien Nolhann Evan Martin Loreline Lino Arthur Eliott Gabriel Yanis D\u00e9part du stade \u00e0 14h15, merci d'amener vos enfants 5 minutes avant. Merci de nous tenir inform\u00e9 de\u2026","rel":"","context":"Dans &quot;Non class\u00e9&quot;","img":{"alt_text":"","src":"https:\/\/i0.wp.com\/as-surques-escoeuilles.fr\/wp-content\/uploads\/2017\/08\/convoc__nboh6j__odwqvm.png?fit=761%2C294&ssl=1&resize=350%2C200","width":350,"height":200},"classes":[]},{"id":1185,"url":"https:\/\/as-surques-escoeuilles.fr\/index.php\/2018\/04\/23\/convocations-u9-lumbres-mercredi-25-04\/","url_meta":{"origin":524,"position":2},"title":"Convocations U9 : Lumbres (mercredi 25\/04)","date":"23 avril 2018","format":false,"excerpt":"Les enfants suivants sont convoqu\u00e9s pour le plateau \u00e0 Lumbres du mercredi 25 avril (14h \u00e0 16h) : Louka Matt\u00e9o Mathieu Julien Nolhann Martin Loreline Lino Lucas Eliott Gabriel C\u00e9lia D\u00e9part du stade \u00e0 13h20, merci d'amener vos enfants 5 minutes avant. Merci de nous tenir inform\u00e9 de la possibilit\u00e9\u2026","rel":"","context":"Dans &quot;Non class\u00e9&quot;","img":{"alt_text":"","src":"https:\/\/i0.wp.com\/as-surques-escoeuilles.fr\/wp-content\/uploads\/2018\/04\/U9-CONVOC.png?fit=601%2C286&ssl=1&resize=350%2C200","width":350,"height":200},"classes":[]},{"id":1192,"url":"https:\/\/as-surques-escoeuilles.fr\/index.php\/2018\/04\/25\/convocations-u6-u7-25-04\/","url_meta":{"origin":524,"position":3},"title":"Plateau U6\/U7 \u00e0 Vieil-Moutier","date":"25 avril 2018","format":false,"excerpt":"Les enfants suivants ont particip\u00e9 au\u00a0 plateau U6\/U7 \u00e0 Vieil-Moutier le mercredi 25 avril (14h30 \u00e0 16h00) : Axel Enzo Nathan Victor Tom Mah\u00e9 \u00a0Beno\u00eet et la maman de Victor sont accompagnateurs sur ce plateau qui a permis aux deux \u00e9quipes Orange de continuer l'initiation au football sous un beau\u2026","rel":"","context":"Dans &quot;Non class\u00e9&quot;","img":{"alt_text":"","src":"https:\/\/i0.wp.com\/as-surques-escoeuilles.fr\/wp-content\/uploads\/2018\/04\/info_U7.png?fit=786%2C327&ssl=1&resize=350%2C200","width":350,"height":200},"classes":[]},{"id":4541,"url":"https:\/\/as-surques-escoeuilles.fr\/index.php\/2020\/07\/23\/les-seniors-deja-en-plein-travail\/","url_meta":{"origin":524,"position":4},"title":"Les S\u00e9niors d\u00e9j\u00e0 en plein travail !","date":"23 juillet 2020","format":false,"excerpt":"Voila d\u00e9j\u00e0 une semaine que les seniors masculins ont entam\u00e9 leur pr\u00e9paration estivale. Apr\u00e8s les traditionnelles pes\u00e9es, le groupe tr\u00e8s \u00e9toff\u00e9 a progressivement attaqu\u00e9 la batterie de tests physiques, entrecoup\u00e9 de s\u00e9ances renforcement et de pr\u00e9vention, sans oublier la reprise du contact avec le ballon. Les seniors f\u00e9minines suivront ce\u2026","rel":"","context":"Dans &quot;Non class\u00e9&quot;","img":{"alt_text":"","src":"https:\/\/i0.wp.com\/as-surques-escoeuilles.fr\/wp-content\/uploads\/2020\/07\/received_575417440004565.jpeg?fit=750%2C563&ssl=1&resize=350%2C200","width":350,"height":200},"classes":[]},{"id":386,"url":"https:\/\/as-surques-escoeuilles.fr\/index.php\/2017\/04\/26\/entrainement-seniors-precision\/","url_meta":{"origin":524,"position":5},"title":"Entra\u00eenement s\u00e9niors : pr\u00e9cision","date":"26 avril 2017","format":false,"excerpt":"Les entra\u00eenements s\u00e9niors du vendredi sont annul\u00e9s. Les entra\u00eenements du mercredi sont maintenus \u00e0 19h00 au stade jusqu'au mercredi 17 mai. Les entra\u00eenements s\u00e9niors seront alors stopp\u00e9s apr\u00e8s cette date pour permettre l'entretien du terrain apr\u00e8s la derni\u00e8re journ\u00e9e de championnat du 21 mai 2017. Les entra\u00eeneurs s\u00e9niors","rel":"","context":"Dans &quot;Non class\u00e9&quot;","img":{"alt_text":"","src":"https:\/\/i0.wp.com\/as-surques-escoeuilles.fr\/wp-content\/uploads\/2017\/03\/WP_20150507_18_20_00_Pro.jpg?fit=1200%2C675&ssl=1&resize=350%2C200","width":350,"height":200},"classes":[]}],"_links":{"self":[{"href":"https:\/\/as-surques-escoeuilles.fr\/index.php\/wp-json\/wp\/v2\/posts\/524"}],"collection":[{"href":"https:\/\/as-surques-escoeuilles.fr\/index.php\/wp-json\/wp\/v2\/posts"}],"about":[{"href":"https:\/\/as-surques-escoeuilles.fr\/index.php\/wp-json\/wp\/v2\/types\/post"}],"author":[{"embeddable":true,"href":"https:\/\/as-surques-escoeuilles.fr\/index.php\/wp-json\/wp\/v2\/users\/1"}],"replies":[{"embeddable":true,"href":"https:\/\/as-surques-escoeuilles.fr\/index.php\/wp-json\/wp\/v2\/comments?post=524"}],"version-history":[{"count":0,"href":"https:\/\/as-surques-escoeuilles.fr\/index.php\/wp-json\/wp\/v2\/posts\/524\/revisions"}],"wp:featuredmedia":[{"embeddable":true,"href":"https:\/\/as-surques-escoeuilles.fr\/index.php\/wp-json\/wp\/v2\/media\/525"}],"wp:attachment":[{"href":"https:\/\/as-surques-escoeuilles.fr\/index.php\/wp-json\/wp\/v2\/media?parent=524"}],"wp:term":[{"taxonomy":"category","embeddable":true,"href":"https:\/\/as-surques-escoeuilles.fr\/index.php\/wp-json\/wp\/v2\/categories?post=524"},{"taxonomy":"post_tag","embeddable":true,"href":"https:\/\/as-surques-escoeuilles.fr\/index.php\/wp-json\/wp\/v2\/tags?post=524"}],"curies":[{"name":"wp","href":"https:\/\/api.w.org\/{rel}","templated":true}]}}