{"id":5264,"date":"2021-08-09T15:36:46","date_gmt":"2021-08-09T13:36:46","guid":{"rendered":"https:\/\/as-surques-escoeuilles.fr\/?p=5264"},"modified":"2021-08-09T15:36:49","modified_gmt":"2021-08-09T13:36:49","slug":"aide-aux-jeunes-passsport","status":"publish","type":"post","link":"https:\/\/as-surques-escoeuilles.fr\/index.php\/2021\/08\/09\/aide-aux-jeunes-passsport\/","title":{"rendered":"Aide aux jeunes : pass&rsquo;sport"},"content":{"rendered":"\n<figure class=\"wp-block-image size-large\"><img data-attachment-id=\"5265\" data-permalink=\"https:\/\/as-surques-escoeuilles.fr\/index.php\/2021\/08\/09\/aide-aux-jeunes-passsport\/passsportvisueltv\/\" data-orig-file=\"https:\/\/i0.wp.com\/as-surques-escoeuilles.fr\/wp-content\/uploads\/2021\/08\/PassSportVisuelTV.jpg?fit=1920%2C1080&amp;ssl=1\" data-orig-size=\"1920,1080\" data-comments-opened=\"1\" data-image-meta=\"{&quot;aperture&quot;:&quot;0&quot;,&quot;credit&quot;:&quot;&quot;,&quot;camera&quot;:&quot;&quot;,&quot;caption&quot;:&quot;&quot;,&quot;created_timestamp&quot;:&quot;0&quot;,&quot;copyright&quot;:&quot;&quot;,&quot;focal_length&quot;:&quot;0&quot;,&quot;iso&quot;:&quot;0&quot;,&quot;shutter_speed&quot;:&quot;0&quot;,&quot;title&quot;:&quot;&quot;,&quot;orientation&quot;:&quot;0&quot;}\" data-image-title=\"PassSportVisuelTV\" data-image-description=\"\" data-image-caption=\"\" data-medium-file=\"https:\/\/i0.wp.com\/as-surques-escoeuilles.fr\/wp-content\/uploads\/2021\/08\/PassSportVisuelTV.jpg?fit=300%2C169&amp;ssl=1\" data-large-file=\"https:\/\/i0.wp.com\/as-surques-escoeuilles.fr\/wp-content\/uploads\/2021\/08\/PassSportVisuelTV.jpg?fit=800%2C450&amp;ssl=1\" fetchpriority=\"high\" width=\"800\" height=\"450\" src=\"https:\/\/i0.wp.com\/as-surques-escoeuilles.fr\/wp-content\/uploads\/2021\/08\/PassSportVisuelTV.jpg?resize=800%2C450&#038;ssl=1\" alt=\"\" class=\"wp-image-5265\" srcset=\"https:\/\/i0.wp.com\/as-surques-escoeuilles.fr\/wp-content\/uploads\/2021\/08\/PassSportVisuelTV.jpg?resize=1024%2C576&amp;ssl=1 1024w, https:\/\/i0.wp.com\/as-surques-escoeuilles.fr\/wp-content\/uploads\/2021\/08\/PassSportVisuelTV.jpg?resize=300%2C169&amp;ssl=1 300w, https:\/\/i0.wp.com\/as-surques-escoeuilles.fr\/wp-content\/uploads\/2021\/08\/PassSportVisuelTV.jpg?resize=768%2C432&amp;ssl=1 768w, https:\/\/i0.wp.com\/as-surques-escoeuilles.fr\/wp-content\/uploads\/2021\/08\/PassSportVisuelTV.jpg?resize=1536%2C864&amp;ssl=1 1536w, https:\/\/i0.wp.com\/as-surques-escoeuilles.fr\/wp-content\/uploads\/2021\/08\/PassSportVisuelTV.jpg?resize=600%2C338&amp;ssl=1 600w, https:\/\/i0.wp.com\/as-surques-escoeuilles.fr\/wp-content\/uploads\/2021\/08\/PassSportVisuelTV.jpg?w=1920&amp;ssl=1 1920w, https:\/\/i0.wp.com\/as-surques-escoeuilles.fr\/wp-content\/uploads\/2021\/08\/PassSportVisuelTV.jpg?w=1600&amp;ssl=1 1600w\" sizes=\"(max-width: 800px) 100vw, 800px\" data-recalc-dims=\"1\" \/><\/figure>\n\n\n\n<figure class=\"wp-block-image size-large\"><img data-attachment-id=\"5266\" data-permalink=\"https:\/\/as-surques-escoeuilles.fr\/index.php\/2021\/08\/09\/aide-aux-jeunes-passsport\/passsportvignette1b\/\" data-orig-file=\"https:\/\/i0.wp.com\/as-surques-escoeuilles.fr\/wp-content\/uploads\/2021\/08\/PassSportVignette1b.jpg?fit=1080%2C1080&amp;ssl=1\" data-orig-size=\"1080,1080\" data-comments-opened=\"1\" data-image-meta=\"{&quot;aperture&quot;:&quot;0&quot;,&quot;credit&quot;:&quot;&quot;,&quot;camera&quot;:&quot;&quot;,&quot;caption&quot;:&quot;&quot;,&quot;created_timestamp&quot;:&quot;0&quot;,&quot;copyright&quot;:&quot;&quot;,&quot;focal_length&quot;:&quot;0&quot;,&quot;iso&quot;:&quot;0&quot;,&quot;shutter_speed&quot;:&quot;0&quot;,&quot;title&quot;:&quot;&quot;,&quot;orientation&quot;:&quot;0&quot;}\" data-image-title=\"PassSportVignette1b\" data-image-description=\"\" data-image-caption=\"\" data-medium-file=\"https:\/\/i0.wp.com\/as-surques-escoeuilles.fr\/wp-content\/uploads\/2021\/08\/PassSportVignette1b.jpg?fit=300%2C300&amp;ssl=1\" data-large-file=\"https:\/\/i0.wp.com\/as-surques-escoeuilles.fr\/wp-content\/uploads\/2021\/08\/PassSportVignette1b.jpg?fit=800%2C800&amp;ssl=1\" width=\"800\" height=\"800\" src=\"https:\/\/i0.wp.com\/as-surques-escoeuilles.fr\/wp-content\/uploads\/2021\/08\/PassSportVignette1b.jpg?resize=800%2C800&#038;ssl=1\" alt=\"\" class=\"wp-image-5266\" srcset=\"https:\/\/i0.wp.com\/as-surques-escoeuilles.fr\/wp-content\/uploads\/2021\/08\/PassSportVignette1b.jpg?resize=1024%2C1024&amp;ssl=1 1024w, https:\/\/i0.wp.com\/as-surques-escoeuilles.fr\/wp-content\/uploads\/2021\/08\/PassSportVignette1b.jpg?resize=300%2C300&amp;ssl=1 300w, https:\/\/i0.wp.com\/as-surques-escoeuilles.fr\/wp-content\/uploads\/2021\/08\/PassSportVignette1b.jpg?resize=150%2C150&amp;ssl=1 150w, https:\/\/i0.wp.com\/as-surques-escoeuilles.fr\/wp-content\/uploads\/2021\/08\/PassSportVignette1b.jpg?resize=768%2C768&amp;ssl=1 768w, https:\/\/i0.wp.com\/as-surques-escoeuilles.fr\/wp-content\/uploads\/2021\/08\/PassSportVignette1b.jpg?resize=600%2C600&amp;ssl=1 600w, https:\/\/i0.wp.com\/as-surques-escoeuilles.fr\/wp-content\/uploads\/2021\/08\/PassSportVignette1b.jpg?resize=100%2C100&amp;ssl=1 100w, https:\/\/i0.wp.com\/as-surques-escoeuilles.fr\/wp-content\/uploads\/2021\/08\/PassSportVignette1b.jpg?w=1080&amp;ssl=1 1080w\" sizes=\"(max-width: 800px) 100vw, 800px\" data-recalc-dims=\"1\" \/><\/figure>\n\n\n\n<figure class=\"wp-block-image size-large\"><img data-attachment-id=\"5267\" data-permalink=\"https:\/\/as-surques-escoeuilles.fr\/index.php\/2021\/08\/09\/aide-aux-jeunes-passsport\/passsportvignette2_jaune\/\" data-orig-file=\"https:\/\/i0.wp.com\/as-surques-escoeuilles.fr\/wp-content\/uploads\/2021\/08\/PassSportVignette2_jaune.jpg?fit=1080%2C1080&amp;ssl=1\" data-orig-size=\"1080,1080\" data-comments-opened=\"1\" data-image-meta=\"{&quot;aperture&quot;:&quot;0&quot;,&quot;credit&quot;:&quot;&quot;,&quot;camera&quot;:&quot;&quot;,&quot;caption&quot;:&quot;&quot;,&quot;created_timestamp&quot;:&quot;0&quot;,&quot;copyright&quot;:&quot;&quot;,&quot;focal_length&quot;:&quot;0&quot;,&quot;iso&quot;:&quot;0&quot;,&quot;shutter_speed&quot;:&quot;0&quot;,&quot;title&quot;:&quot;&quot;,&quot;orientation&quot;:&quot;0&quot;}\" data-image-title=\"PassSportVignette2_jaune\" data-image-description=\"\" data-image-caption=\"\" data-medium-file=\"https:\/\/i0.wp.com\/as-surques-escoeuilles.fr\/wp-content\/uploads\/2021\/08\/PassSportVignette2_jaune.jpg?fit=300%2C300&amp;ssl=1\" data-large-file=\"https:\/\/i0.wp.com\/as-surques-escoeuilles.fr\/wp-content\/uploads\/2021\/08\/PassSportVignette2_jaune.jpg?fit=800%2C800&amp;ssl=1\" width=\"800\" height=\"800\" src=\"https:\/\/i0.wp.com\/as-surques-escoeuilles.fr\/wp-content\/uploads\/2021\/08\/PassSportVignette2_jaune.jpg?resize=800%2C800&#038;ssl=1\" alt=\"\" class=\"wp-image-5267\" srcset=\"https:\/\/i0.wp.com\/as-surques-escoeuilles.fr\/wp-content\/uploads\/2021\/08\/PassSportVignette2_jaune.jpg?resize=1024%2C1024&amp;ssl=1 1024w, https:\/\/i0.wp.com\/as-surques-escoeuilles.fr\/wp-content\/uploads\/2021\/08\/PassSportVignette2_jaune.jpg?resize=300%2C300&amp;ssl=1 300w, https:\/\/i0.wp.com\/as-surques-escoeuilles.fr\/wp-content\/uploads\/2021\/08\/PassSportVignette2_jaune.jpg?resize=150%2C150&amp;ssl=1 150w, https:\/\/i0.wp.com\/as-surques-escoeuilles.fr\/wp-content\/uploads\/2021\/08\/PassSportVignette2_jaune.jpg?resize=768%2C768&amp;ssl=1 768w, https:\/\/i0.wp.com\/as-surques-escoeuilles.fr\/wp-content\/uploads\/2021\/08\/PassSportVignette2_jaune.jpg?resize=600%2C600&amp;ssl=1 600w, https:\/\/i0.wp.com\/as-surques-escoeuilles.fr\/wp-content\/uploads\/2021\/08\/PassSportVignette2_jaune.jpg?resize=100%2C100&amp;ssl=1 100w, https:\/\/i0.wp.com\/as-surques-escoeuilles.fr\/wp-content\/uploads\/2021\/08\/PassSportVignette2_jaune.jpg?w=1080&amp;ssl=1 1080w\" sizes=\"(max-width: 800px) 100vw, 800px\" data-recalc-dims=\"1\" \/><\/figure>\n\n\n\n<figure class=\"wp-block-image size-large\"><img data-attachment-id=\"5268\" data-permalink=\"https:\/\/as-surques-escoeuilles.fr\/index.php\/2021\/08\/09\/aide-aux-jeunes-passsport\/passsportvignette3_jaune\/\" data-orig-file=\"https:\/\/i0.wp.com\/as-surques-escoeuilles.fr\/wp-content\/uploads\/2021\/08\/PassSportVignette3_jaune.jpg?fit=1080%2C1080&amp;ssl=1\" data-orig-size=\"1080,1080\" data-comments-opened=\"1\" data-image-meta=\"{&quot;aperture&quot;:&quot;0&quot;,&quot;credit&quot;:&quot;&quot;,&quot;camera&quot;:&quot;&quot;,&quot;caption&quot;:&quot;&quot;,&quot;created_timestamp&quot;:&quot;0&quot;,&quot;copyright&quot;:&quot;&quot;,&quot;focal_length&quot;:&quot;0&quot;,&quot;iso&quot;:&quot;0&quot;,&quot;shutter_speed&quot;:&quot;0&quot;,&quot;title&quot;:&quot;&quot;,&quot;orientation&quot;:&quot;0&quot;}\" data-image-title=\"PassSportVignette3_jaune\" data-image-description=\"\" data-image-caption=\"\" data-medium-file=\"https:\/\/i0.wp.com\/as-surques-escoeuilles.fr\/wp-content\/uploads\/2021\/08\/PassSportVignette3_jaune.jpg?fit=300%2C300&amp;ssl=1\" data-large-file=\"https:\/\/i0.wp.com\/as-surques-escoeuilles.fr\/wp-content\/uploads\/2021\/08\/PassSportVignette3_jaune.jpg?fit=800%2C800&amp;ssl=1\" loading=\"lazy\" width=\"800\" height=\"800\" src=\"https:\/\/i0.wp.com\/as-surques-escoeuilles.fr\/wp-content\/uploads\/2021\/08\/PassSportVignette3_jaune.jpg?resize=800%2C800&#038;ssl=1\" alt=\"\" class=\"wp-image-5268\" srcset=\"https:\/\/i0.wp.com\/as-surques-escoeuilles.fr\/wp-content\/uploads\/2021\/08\/PassSportVignette3_jaune.jpg?resize=1024%2C1024&amp;ssl=1 1024w, https:\/\/i0.wp.com\/as-surques-escoeuilles.fr\/wp-content\/uploads\/2021\/08\/PassSportVignette3_jaune.jpg?resize=300%2C300&amp;ssl=1 300w, https:\/\/i0.wp.com\/as-surques-escoeuilles.fr\/wp-content\/uploads\/2021\/08\/PassSportVignette3_jaune.jpg?resize=150%2C150&amp;ssl=1 150w, https:\/\/i0.wp.com\/as-surques-escoeuilles.fr\/wp-content\/uploads\/2021\/08\/PassSportVignette3_jaune.jpg?resize=768%2C768&amp;ssl=1 768w, https:\/\/i0.wp.com\/as-surques-escoeuilles.fr\/wp-content\/uploads\/2021\/08\/PassSportVignette3_jaune.jpg?resize=600%2C600&amp;ssl=1 600w, https:\/\/i0.wp.com\/as-surques-escoeuilles.fr\/wp-content\/uploads\/2021\/08\/PassSportVignette3_jaune.jpg?resize=100%2C100&amp;ssl=1 100w, https:\/\/i0.wp.com\/as-surques-escoeuilles.fr\/wp-content\/uploads\/2021\/08\/PassSportVignette3_jaune.jpg?w=1080&amp;ssl=1 1080w\" sizes=\"(max-width: 800px) 100vw, 800px\" data-recalc-dims=\"1\" \/><\/figure>\n","protected":false},"excerpt":{"rendered":"","protected":false},"author":1,"featured_media":5265,"comment_status":"open","ping_status":"open","sticky":false,"template":"","format":"standard","meta":{"ngg_post_thumbnail":0,"jetpack_post_was_ever_published":false,"jetpack_publicize_message":"","jetpack_is_tweetstorm":false,"jetpack_publicize_feature_enabled":true,"jetpack_social_post_already_shared":true,"jetpack_social_options":{"image_generator_settings":{"template":"highway","enabled":false}}},"categories":[23],"tags":[],"jetpack_publicize_connections":[],"jetpack_featured_media_url":"https:\/\/i0.wp.com\/as-surques-escoeuilles.fr\/wp-content\/uploads\/2021\/08\/PassSportVisuelTV.jpg?fit=1920%2C1080&ssl=1","jetpack_sharing_enabled":true,"jetpack_shortlink":"https:\/\/wp.me\/p8dhOI-1mU","jetpack-related-posts":[{"id":5257,"url":"https:\/\/as-surques-escoeuilles.fr\/index.php\/2021\/07\/28\/lasse-obtient-le-label-jeunes\/","url_meta":{"origin":5264,"position":0},"title":"L&rsquo;ASSE obtient le label jeunes!","date":"28 juillet 2021","format":false,"excerpt":"L'ASSE obtient le label jeunes ! Apr\u00e8s un long travail d'autodiagnostic, ce label vient r\u00e9compenser le travail de structuration et de d\u00e9veloppement aupr\u00e8s des jeunes licenci\u00e9(e)s. D\u00e9j\u00e0 labellis\u00e9e \u00e9cole de foot f\u00e9minine en 2020, l'ASSE poursuit sa mont\u00e9e en comp\u00e9tences, toujours dans le but d'accompagner au mieux nos jeunes !\u2026","rel":"","context":"Dans &quot;Communication club&quot;","img":{"alt_text":"","src":"https:\/\/i0.wp.com\/as-surques-escoeuilles.fr\/wp-content\/uploads\/2021\/07\/IMG_20210728_180828.jpg?fit=1182%2C556&ssl=1&resize=350%2C200","width":350,"height":200},"classes":[]},{"id":5255,"url":"https:\/\/as-surques-escoeuilles.fr\/index.php\/2021\/07\/18\/stage-dete-2\/","url_meta":{"origin":5264,"position":1},"title":"Stage d&rsquo;\u00e9t\u00e9","date":"18 juillet 2021","format":false,"excerpt":"30 jeunes stagiares de 7 \u00e0 12 ans ont pu particip\u00e9 \u00e0 une semaine intensive de stage concoct\u00e9e par les \u00e9ducateurs sur 5 jours de 9h00 \u00e0 17h00. Au programme : S\u00e9ance quotidienne mais aussi activit\u00e9s ludiques, culture foot, initiation aux sports beach ou autre course d'orientation. Une semaine fatigante\u2026","rel":"","context":"Dans &quot;Communication club&quot;","img":{"alt_text":"","src":"https:\/\/i0.wp.com\/as-surques-escoeuilles.fr\/wp-content\/uploads\/2021\/07\/received_341226664284251-1.jpeg?fit=960%2C720&ssl=1&resize=350%2C200","width":350,"height":200},"classes":[]},{"id":4500,"url":"https:\/\/as-surques-escoeuilles.fr\/index.php\/2020\/07\/11\/mercato-prime-a-la-jeunesse\/","url_meta":{"origin":5264,"position":2},"title":"Mercato : prime \u00e0 la jeunesse","date":"11 juillet 2020","format":false,"excerpt":"Les effectifs seniors enregistrent leur 5\u00e8me et 6\u00e8me transfert par un retour de jeunes joueurs de la formation. Elie Retaux(19 ans en provenance de Licques), d\u00e9fenseur droit et Arthur Defachelles( 19 ans en provenance de Colembert) , d\u00e9fenseur, apportent leur enthousiasme et leur adh\u00e9sion aux valeurs Orange et Noirs pr\u00f4n\u00e9es\u2026","rel":"","context":"Dans &quot;Communication club&quot;","img":{"alt_text":"","src":"https:\/\/i0.wp.com\/as-surques-escoeuilles.fr\/wp-content\/uploads\/2020\/07\/IMG_20200710_211706.jpg?fit=630%2C1200&ssl=1&resize=350%2C200","width":350,"height":200},"classes":[]},{"id":5635,"url":"https:\/\/as-surques-escoeuilles.fr\/index.php\/2022\/02\/21\/label-jeunes-fff-credit-agricole\/","url_meta":{"origin":5264,"position":3},"title":"Label Jeunes FFF &#8211; Cr\u00e9dit Agricole","date":"21 f\u00e9vrier 2022","format":false,"excerpt":"Ce mercredi 16 f\u00e9vrier est donc un jour qui comptera dans l'histoire de l'ASSE. Le club a en effet re\u00e7u pour la premi\u00e8re fois le label Jeunes FFF Cr\u00e9dit Agricole niveau Espoir de la part de Claude Dupont, Pr\u00e9sident de la Commission Labellisation et Suivi des clubs, et Benjamin Hochart,\u2026","rel":"","context":"Dans &quot;Non class\u00e9&quot;","img":{"alt_text":"","src":"https:\/\/i0.wp.com\/as-surques-escoeuilles.fr\/wp-content\/uploads\/2022\/02\/received_960725227886808.jpeg?fit=1125%2C844&ssl=1&resize=350%2C200","width":350,"height":200},"classes":[]},{"id":5003,"url":"https:\/\/as-surques-escoeuilles.fr\/index.php\/2021\/02\/20\/tournois-jeunes\/","url_meta":{"origin":5264,"position":4},"title":"Tournois Jeunes","date":"20 f\u00e9vrier 2021","format":false,"excerpt":"Si les conditions sanitaires s'am\u00e9liorent d'ici l'\u00e9t\u00e9, l'ASSE organisera ses tournois Georges Louvet en U11 et U13 le samedi 19 juin 2021. L'inscription est gratuite pour les \u00e9quipes int\u00e9ress\u00e9es. Contacter Beno\u00eet \u00e0 secretariat@as-surques-escoeuilles.fr pour plus de renseignements.","rel":"","context":"Dans &quot;Communication club&quot;","img":{"alt_text":"","src":"https:\/\/i0.wp.com\/as-surques-escoeuilles.fr\/wp-content\/uploads\/2021\/02\/2021_tounoi_u11_u13.png?fit=848%2C1200&ssl=1&resize=350%2C200","width":350,"height":200},"classes":[]},{"id":5357,"url":"https:\/\/as-surques-escoeuilles.fr\/index.php\/2021\/09\/30\/retour-sur-loperation-retouraufoot\/","url_meta":{"origin":5264,"position":5},"title":"Retour sur l&rsquo;op\u00e9ration #RetourAuFoot","date":"30 septembre 2021","format":false,"excerpt":"Le samedi 11 septembre, l'\u00e9cole de foot participait \u00e0 l'op\u00e9ration #RetourAuFoot. Cette matin\u00e9e a donc \u00e9t\u00e9 le th\u00e9\u00e2tre des traditionnelles s\u00e9ances mini-foot \u00e0 U9 qui ont \u00e9t\u00e9 scind\u00e9s en plusieurs ateliers \u00e9ducatifs autour du Programme Educatif F\u00e9d\u00e9ral. Surprise pour les enfants : ce sont les U14 et U15 F\u00e9minines du\u2026","rel":"","context":"Dans &quot;Communication club&quot;","img":{"alt_text":"","src":"https:\/\/i0.wp.com\/as-surques-escoeuilles.fr\/wp-content\/uploads\/2021\/09\/equipe.jpg?fit=828%2C621&ssl=1&resize=350%2C200","width":350,"height":200},"classes":[]}],"_links":{"self":[{"href":"https:\/\/as-surques-escoeuilles.fr\/index.php\/wp-json\/wp\/v2\/posts\/5264"}],"collection":[{"href":"https:\/\/as-surques-escoeuilles.fr\/index.php\/wp-json\/wp\/v2\/posts"}],"about":[{"href":"https:\/\/as-surques-escoeuilles.fr\/index.php\/wp-json\/wp\/v2\/types\/post"}],"author":[{"embeddable":true,"href":"https:\/\/as-surques-escoeuilles.fr\/index.php\/wp-json\/wp\/v2\/users\/1"}],"replies":[{"embeddable":true,"href":"https:\/\/as-surques-escoeuilles.fr\/index.php\/wp-json\/wp\/v2\/comments?post=5264"}],"version-history":[{"count":1,"href":"https:\/\/as-surques-escoeuilles.fr\/index.php\/wp-json\/wp\/v2\/posts\/5264\/revisions"}],"predecessor-version":[{"id":5269,"href":"https:\/\/as-surques-escoeuilles.fr\/index.php\/wp-json\/wp\/v2\/posts\/5264\/revisions\/5269"}],"wp:featuredmedia":[{"embeddable":true,"href":"https:\/\/as-surques-escoeuilles.fr\/index.php\/wp-json\/wp\/v2\/media\/5265"}],"wp:attachment":[{"href":"https:\/\/as-surques-escoeuilles.fr\/index.php\/wp-json\/wp\/v2\/media?parent=5264"}],"wp:term":[{"taxonomy":"category","embeddable":true,"href":"https:\/\/as-surques-escoeuilles.fr\/index.php\/wp-json\/wp\/v2\/categories?post=5264"},{"taxonomy":"post_tag","embeddable":true,"href":"https:\/\/as-surques-escoeuilles.fr\/index.php\/wp-json\/wp\/v2\/tags?post=5264"}],"curies":[{"name":"wp","href":"https:\/\/api.w.org\/{rel}","templated":true}]}}